{"id":38203,"date":"2011-08-10T21:09:19","date_gmt":"2011-08-10T18:09:19","guid":{"rendered":"http:\/\/www.korhanyilmaz.com\/?p=38203"},"modified":"2011-08-10T21:22:11","modified_gmt":"2011-08-10T18:22:11","slug":"bunun-adi-ihanettir","status":"publish","type":"post","link":"http:\/\/www.korhanyilmaz.com\/?p=38203","title":{"rendered":"&#8220;Bunun ad\u0131 ihanettir!&#8221;"},"content":{"rendered":"<p style=\"text-align: center;\"><a href=\"http:\/\/www.korhanyilmaz.com\/wp-content\/uploads\/2011\/08\/6000.jpg\"  class=\"lightview\"><img loading=\"lazy\" decoding=\"async\" class=\"aligncenter size-full wp-image-38204\" src=\"http:\/\/www.korhanyilmaz.com\/wp-content\/uploads\/2011\/08\/6000.jpg\" alt=\"\" width=\"322\" height=\"241\" \/><\/a><\/p>\n<p style=\"text-align: justify;\">CHP Genel Ba\u015fkan\u0131 Kemal K\u0131l\u0131\u00e7daro\u011flu, Ba\u015fbakan Recep Tayyip Erdo\u011fan&#8217;\u0131n &#8220;Bakan\u0131m\u0131z\u0131n oraya T\u00fcrkiye&#8217;nin mesaj\u0131n\u0131 de\u011fil de, ba\u015fka bir \u00fclkenin mesaj\u0131n\u0131 g\u00f6t\u00fcrd\u00fc\u011f\u00fcn\u00fc iddia etmek bir b\u00fcy\u00fck gafletin de\u011filse, \u015fifa bulmaz bir cehaletin ilan\u0131 de\u011fil mi?&#8221; a\u00e7\u0131klamas\u0131na &#8220;D\u0131\u015f politika stratejiniz e\u011fer \u00fclkenizin y\u00fcksek \u00e7\u0131karlar\u0131, bekas\u0131 ve sokaktaki insan\u0131n refah\u0131 bak\u0131m\u0131ndan art\u0131 de\u011fer \u00fcretmiyorsa do\u011fru tespit edilmemi\u015f demektir. Cehaletin b\u00fcy\u00fc\u011f\u00fc budur. E\u011fer bu, cehaletten kaynaklanm\u0131yorsa bunun di\u011fer ad\u0131 da ihanettir&#8221; s\u00f6zleriyle yan\u0131t verdi.<!--more--><\/p>\n<p style=\"text-align: justify;\">Ankara- CHP lideri Kemal K\u0131l\u0131\u00e7daro\u011flu, CHP Merkez Y\u00f6netim Kurulu (MYK) toplant\u0131s\u0131n\u0131n ard\u0131ndan bir bas\u0131n toplant\u0131s\u0131 d\u00fczenledi ve Ba\u015fbakan Erdo\u011fan&#8217;\u0131n AKP \u0130l Ba\u015fkanlar\u0131 toplant\u0131s\u0131nda kendisine y\u00f6neltti\u011fi ele\u015ftirileri ve &#8220;D\u0131\u015fi\u015fleri Bakan\u0131m\u0131z b\u00f6lge hakk\u0131ndaki projeksiyonumuzu a\u00e7\u0131k\u00e7a kom\u015fu bir \u00fclkenin cumhurba\u015fkan\u0131na iletirken, bakan\u0131m\u0131z\u0131n oraya T\u00fcrkiye&#8217;nin mesaj\u0131n\u0131 de\u011fil de, ba\u015fka bir \u00fclkenin mesaj\u0131n\u0131 g\u00f6t\u00fcrd\u00fc\u011f\u00fcn\u00fc iddia etmek bir b\u00fcy\u00fck gafletin de\u011filse, \u015fifa bulmaz bir cehaletin ilan\u0131 de\u011fil mi?&#8221; s\u00f6zlerini yan\u0131tlad\u0131. &#8220;Say\u0131n Ba\u015fbakan H\u00fck\u00fcmet&#8217;in Suriye politikas\u0131n\u0131 ele\u015ftirirken bizim kulland\u0131\u011f\u0131m\u0131z ta\u015feron s\u00f6zc\u00fc\u011f\u00fcne bir hayli i\u00e7erlemi\u015f g\u00f6r\u00fcn\u00fcyor&#8221; diyerek s\u00f6zlerine ba\u015flayan K\u0131l\u0131\u00e7daro\u011flu, &#8220;Devletler aras\u0131nda ta\u015feronluk s\u00f6zle\u015fmesi olmaz. Siz kendi kendinizi o duruma d\u00fc\u015f\u00fcr\u00fcrs\u00fcn\u00fcz veya d\u00fc\u015f\u00fcrmezsiniz. Say\u0131n Ba\u015fbakan bize cevap yeti\u015ftirece\u011fine \u00f6nce bakan\u0131yla kendi aras\u0131ndaki \u00fcslup ve tutum fark\u0131n\u0131 ortadan kald\u0131rmal\u0131d\u0131r&#8221; diye konu\u015ftu.<\/p>\n<p style=\"text-align: justify;\">Ba\u015fbakan Erdo\u011fan&#8217;\u0131n &#8220;Sabr\u0131m\u0131z\u0131n sonuna geldik. Suriye bizim i\u00e7 meselemizdir&#8221; s\u00f6zlerinden b\u00fct\u00fcn d\u00fcnyan\u0131n &#8220;T\u00fcrkiye Suriye&#8217;ye m\u00fcdahale edecek&#8221; sonucu \u00e7\u0131kard\u0131\u011f\u0131n\u0131, bu g\u00f6r\u00fc\u015flerin Bat\u0131 bas\u0131n\u0131nda yaz\u0131ld\u0131\u011f\u0131n\u0131 anlatan K\u0131l\u0131\u00e7daro\u011flu, &#8220;Esasen Say\u0131n Ba\u015fbakan&#8217;\u0131n beyanlar\u0131n\u0131 ba\u015fka t\u00fcrl\u00fc yorumlamak m\u00fcmk\u00fcn de\u011fil&#8221; dedi. D\u0131\u015fi\u015fleri Bakan\u0131 Ahmet Davuto\u011flu&#8217;nun &#8220;Suriye&#8217;ye m\u00fcdahaleyi asla d\u00fc\u015f\u00fcnm\u00fcyoruz&#8221; dedi\u011fine dikkat \u00e7eken K\u0131l\u0131\u00e7daro\u011flu, &#8220;Ya aralar\u0131nda fikir uyu\u015fmazl\u0131\u011f\u0131 var, ya kafalar\u0131 kar\u0131\u015f\u0131k, ya da Say\u0131n Ba\u015fbakan&#8217;\u0131n s\u00f6zlerini ciddiye almamam\u0131z gerekiyor. Say\u0131n Ba\u015fbakan sokakta ve sokak tarz\u0131yla politika yapmaktan vazge\u00e7melidir. D\u0131\u015f politika ciddi bir i\u015ftir. D\u0131\u015f politika hem sokakta yap\u0131lmaz, hem de soka\u011f\u0131n duygular\u0131yla yap\u0131lmaz&#8221; diye konu\u015ftu.<\/p>\n<p style=\"text-align: justify;\"><strong>&#8220;Bir yol haritan\u0131z bile yokken neye dayanarak kom\u015funuzu tehdit ediyorsunuz?&#8221;\u00a0<\/strong><\/p>\n<p style=\"text-align: justify;\">D\u0131\u015fi\u015fleri Bakan\u0131 Davuto\u011flu&#8217;nun &#8220;son uyar\u0131&#8221; i\u00e7in Suriye&#8217;ye gitti\u011fini, AKP&#8217;nin bir s\u00f6zc\u00fcs\u00fcn\u00fcn &#8220;Davuto\u011flu \u015eam&#8217;dan d\u00f6n\u00fcnce bir yol haritas\u0131 \u00e7izece\u011fiz&#8221; dedi\u011fini belirten K\u0131l\u0131\u00e7daro\u011flu, \u015f\u00f6yle devam etti:<\/p>\n<p style=\"text-align: justify;\">&#8220;Ba\u015fbakan&#8217;\u0131 da, Bakan&#8217;\u0131 da a\u00e7\u0131klama yapan iktidar partisinin s\u00f6zc\u00fcs\u00fcn\u00fc de ciddiyete davet ediyoruz. Sizin bir yol haritan\u0131z bile yokken neye dayanarak kom\u015funuzu uyar\u0131yor, tehdit ediyorsunuz? Bizim s\u00f6yledi\u011fimiz gayet basit, sorumuz ise gayet a\u00e7\u0131k ve net. Siz Suriye sorununda b\u00f6ylesine taraf konumuna girerken, bu sorunu y\u00f6netiyor gibi ortaya \u00e7\u0131karken b\u00fct\u00fcn d\u00fcnyaya T\u00fcrkiye sava\u015fa giriyor, Suriye&#8217;ye m\u00fcdahale g\u00fcndemde imaj\u0131n\u0131 verirken hedefiniz neydi? Ne yapmak istiyorsunuz? Kimin ad\u0131na yap\u0131yorsunuz? Bunu neden TBMM ile, TBMM&#8217;de grubu bulunan partilerle, anamuhalefet partisiyle payla\u015fm\u0131yorsunuz?&#8221;<\/p>\n<p style=\"text-align: justify;\"><strong>&#8220;Cehaletten kaynaklanm\u0131yorsa bunun ad\u0131 ihanettir&#8221;\u00a0<\/strong><\/p>\n<p style=\"text-align: justify;\">Ankara&#8217;da g\u00fcvenlik zirvesi yap\u0131l\u0131rken daha bakanlar\u0131n ayr\u0131lmad\u0131\u011f\u0131 s\u0131rada ABD&#8217;nin Ankara B\u00fcy\u00fckel\u00e7isi Ricciardone&#8217;nin oraya adeta bir &#8220;bask\u0131n&#8221; yapt\u0131\u011f\u0131n\u0131 dile getiren K\u0131l\u0131\u00e7daro\u011flu, i\u00e7 ve d\u0131\u015f kamuoyuna b\u00fcy\u00fckel\u00e7i ile ba\u015fka bir zirve yap\u0131ld\u0131\u011f\u0131 g\u00f6r\u00fcnt\u00fcs\u00fc verildi\u011fini belirterek &#8220;\u0130\u00e7 ve d\u0131\u015f kamuoyuna verdi\u011finiz g\u00f6r\u00fcnt\u00fc bu. Zirve \u00f6ncesi, zirve sonras\u0131 ABD B\u00fcy\u00fckel\u00e7isi&#8217;nin bildi\u011fini biz bilmiyoruz. TBMM Ba\u015fkan\u0131 da parlamento da parlamentoda grubu olan partiler de bilmiyor. \u0130\u015fte sorun bu. Siyasi nezakete s\u0131\u011fmayan s\u00f6zlerle bize sald\u0131rman\u0131z\u0131n nedeni de bu. Siz de \u00e7ok iyi biliyorsunuz ki b\u00f6ylesine angaje oldu\u011funuz bir konuda yol haritan\u0131z\u0131 daha sonra \u00e7izeceksiniz. Yani siyasi bir hedefiniz yoksa siz ba\u015fkalar\u0131n\u0131n siyasi hedeflerine ta\u015feronluk yap\u0131yorsunuz demektir&#8221; diye konu\u015ftu.<\/p>\n<p style=\"text-align: justify;\">K\u0131l\u0131\u00e7daro\u011flu, Libya konusunda da benzer geli\u015fmelerin ya\u015fand\u0131\u011f\u0131n\u0131 dile getirerek s\u00f6zlerini \u015f\u00f6yle s\u00fcrd\u00fcrd\u00fc:<\/p>\n<p style=\"text-align: justify;\">&#8220;NATO&#8217;nun Libya&#8217;da ne i\u015fi var&#8217; diyen siz de\u011fil miydiniz? Daha sonra NATO&#8217;nun m\u00fcdahalesine destek olarak t\u0131pk\u0131 Irak&#8217;ta oldu\u011fu gibi y\u00fczlerce m\u00fcsl\u00fcman\u0131n \u00f6ld\u00fcr\u00fclmesine, okyanusta bo\u011fulmas\u0131na katk\u0131da bulunmad\u0131n\u0131z m\u0131? D\u0131\u015f politika stratejiniz e\u011fer \u00fclkenizin y\u00fcksek \u00e7\u0131karlar\u0131, bekas\u0131 ve sokaktaki insan\u0131n refah\u0131 bak\u0131m\u0131ndan art\u0131 de\u011fer \u00fcretmiyorsa do\u011fru tespit edilmemi\u015f demektir. Cehaletin b\u00fcy\u00fc\u011f\u00fc budur. E\u011fer bu, cehaletten kaynaklanm\u0131yorsa bunun di\u011fer ad\u0131 da ihanettir.&#8221;<\/p>\n<p style=\"text-align: justify;\"><strong>&#8220;Say\u0131n Ba\u015fbakan, sizinki su\u00e7lulu\u011fun tela\u015f\u0131, ta\u015feronlu\u011fun tescilidir&#8221;<\/strong><\/p>\n<p style=\"text-align: justify;\">&#8220;Meclisine, anamuhalefetine ve halk\u0131na de\u011fil de Bat\u0131&#8217;n\u0131n egemen g\u00fc\u00e7lerine bilgi vermeyi d\u00fcstur edinenler egemen g\u00fc\u00e7lerin ta\u015feronlu\u011funu yapanlard\u0131r&#8221; diyen K\u0131l\u0131\u00e7daro\u011flu, Ba\u015fbakan&#8217;a &#8220;Say\u0131n Ba\u015fbakan, siz anamuhalefeti ele\u015ftirseniz de bu b\u00f6yledir, su\u00e7lasan\u0131z da bu b\u00f6yledir. Sizinki toplum vicdan\u0131n\u0131n isyan\u0131 sonucu su\u00e7lular\u0131n ve su\u00e7lulu\u011fun tela\u015f\u0131d\u0131r. Bu ayn\u0131 zamanda ta\u015feronlu\u011fun tescilidir&#8221; diye seslendi.<\/p>\n<p style=\"text-align: justify;\">K\u0131l\u0131\u00e7daro\u011flu, konu\u015fmas\u0131n\u0131n ard\u0131ndan soru kabul etmedi.<\/p>\n<p style=\"text-align: justify;\"><a href=\"http:\/\/www.cumhuriyet.com.tr\/?hn=268160&amp;kw=%22Bunun+ad%FD+ihanettir!%22\" target=\"_blank\">Kaynak : Cumhuriyet Haber Portal\u0131<\/a><\/p>\n","protected":false},"excerpt":{"rendered":"<p style=\"text-align: center;\">\n<p style=\"text-align: justify;\">CHP Genel Ba\u015fkan\u0131 Kemal K\u0131l\u0131\u00e7daro\u011flu, Ba\u015fbakan Recep Tayyip Erdo\u011fan&#8217;\u0131n &#8220;Bakan\u0131m\u0131z\u0131n oraya T\u00fcrkiye&#8217;nin mesaj\u0131n\u0131 de\u011fil de, ba\u015fka bir \u00fclkenin mesaj\u0131n\u0131 g\u00f6t\u00fcrd\u00fc\u011f\u00fcn\u00fc iddia etmek bir b\u00fcy\u00fck gafletin de\u011filse, \u015fifa bulmaz bir cehaletin ilan\u0131 de\u011fil mi?&#8221; a\u00e7\u0131klamas\u0131na &#8220;D\u0131\u015f politika stratejiniz e\u011fer \u00fclkenizin y\u00fcksek \u00e7\u0131karlar\u0131, bekas\u0131 ve sokaktaki insan\u0131n refah\u0131 bak\u0131m\u0131ndan art\u0131 de\u011fer \u00fcretmiyorsa <\/p>\n","protected":false},"author":1,"featured_media":0,"comment_status":"open","ping_status":"open","sticky":false,"template":"","format":"standard","meta":{"footnotes":""},"categories":[105],"tags":[],"class_list":["post-38203","post","type-post","status-publish","format-standard","hentry","category-gundem","odd"],"_links":{"self":[{"href":"http:\/\/www.korhanyilmaz.com\/index.php?rest_route=\/wp\/v2\/posts\/38203","targetHints":{"allow":["GET"]}}],"collection":[{"href":"http:\/\/www.korhanyilmaz.com\/index.php?rest_route=\/wp\/v2\/posts"}],"about":[{"href":"http:\/\/www.korhanyilmaz.com\/index.php?rest_route=\/wp\/v2\/types\/post"}],"author":[{"embeddable":true,"href":"http:\/\/www.korhanyilmaz.com\/index.php?rest_route=\/wp\/v2\/users\/1"}],"replies":[{"embeddable":true,"href":"http:\/\/www.korhanyilmaz.com\/index.php?rest_route=%2Fwp%2Fv2%2Fcomments&post=38203"}],"version-history":[{"count":0,"href":"http:\/\/www.korhanyilmaz.com\/index.php?rest_route=\/wp\/v2\/posts\/38203\/revisions"}],"wp:attachment":[{"href":"http:\/\/www.korhanyilmaz.com\/index.php?rest_route=%2Fwp%2Fv2%2Fmedia&parent=38203"}],"wp:term":[{"taxonomy":"category","embeddable":true,"href":"http:\/\/www.korhanyilmaz.com\/index.php?rest_route=%2Fwp%2Fv2%2Fcategories&post=38203"},{"taxonomy":"post_tag","embeddable":true,"href":"http:\/\/www.korhanyilmaz.com\/index.php?rest_route=%2Fwp%2Fv2%2Ftags&post=38203"}],"curies":[{"name":"wp","href":"https:\/\/api.w.org\/{rel}","templated":true}]}}