{"id":3820,"date":"2009-02-27T12:19:51","date_gmt":"2009-02-27T10:19:51","guid":{"rendered":"http:\/\/www.korhanyilmaz.com\/?p=3820"},"modified":"2009-02-27T12:19:51","modified_gmt":"2009-02-27T10:19:51","slug":"ergenekoncuya-iyi-cocuk-cezasi","status":"publish","type":"post","link":"http:\/\/www.korhanyilmaz.com\/?p=3820","title":{"rendered":"Askeri mahkemeden Ergenekon karar\u0131"},"content":{"rendered":"<p><img loading=\"lazy\" decoding=\"async\" class=\"aligncenter size-full wp-image-3822\" title=\"Askeri mahkemeden Ergenekon karar\u0131\" src=\"http:\/\/www.korhanyilmaz.com\/wp-content\/uploads\/2009\/02\/61329.jpg\" alt=\"Askeri mahkemeden Ergenekon karar\u0131\" width=\"200\" height=\"235\" \/><\/p>\n<p style=\"text-align: justify;\">Askeri mahkemede g\u00f6r\u00fclen Ergenekon davas\u0131nda ilk karar a\u00e7\u0131kland\u0131. Emekli Binba\u015f\u0131 Fikret Emek&#8217;e verilen ceza &#8216;iyi hal&#8217;den ertelendi. Ergenekon Davas\u0131&#8217;nda askeri mahkemelerde g\u00f6r\u00fclen davalardan ilk mahkumiyet karar\u0131 emekli Binba\u015f\u0131 Fikret Emek hakk\u0131nda \u00e7\u0131kt\u0131. \u0130ki y\u0131ldan az cezaya \u00e7arptr\u0131lan Emek&#8217;in mahkemedeki iyi hali g\u00f6zetilerek cezas\u0131 erteleme kapsam\u0131na sokuldu.<\/p>\n<p style=\"text-align: justify;\">5 y\u0131l denetlenecek Ergenekon operasyonunun 2. dalgas\u0131nda g\u00f6zalt\u0131na al\u0131nan emekli Binba\u015f\u0131 Fikret Emek&#8217;in Eski\u015fehirde annesinin evinde ele ge\u00e7irilen silah ve patlay\u0131c\u0131 maddelerle ilgili olarak yarg\u0131land\u0131\u011f\u0131 dava karara ba\u011fland\u0131. Bir tabur askere yetecek m\u00fchimat evinden \u00e7\u0131kan Emek&#8217;e sadece 1 y\u0131l 8 ay 25 g\u00fcn hapis cezas\u0131 verildi. Emek&#8217;in ald\u0131\u011f\u0131 cezan\u0131n 2 y\u0131ldan fazla olmamas\u0131 ve mahkemedeki iyi hali g\u00f6zetilerek 5 y\u0131l denetim kayd\u0131yla h\u00fckm\u00fcn uygulamamas\u0131na karar verildi.<!--more--><br \/>\n&#8220;Gizli af&#8221; yorumu Mahkeme ayr\u0131ca Fikret Emek&#8217;in TSK&#8217;dan \u00e7\u0131kar\u0131lmas\u0131na gerek olmad\u0131\u011f\u0131na da h\u00fckmetti. K\u0131\u015fladaki en k\u00fc\u00e7\u00fck m\u00fchimmat kay\u0131plar\u0131na en a\u011f\u0131r cezalar\u0131 veren askeri yarg\u0131n\u0131n Emek&#8217;e verdi\u011fi ceza hayal k\u0131r\u0131l\u0131\u011f\u0131na neden oldu. Emek&#8217;e bu su\u00e7tan dolay\u0131 hem hapse girmeyecek olmas\u0131 hem de askeri tesislere giri\u015f yasa\u011f\u0131 getirilmemesi &#8216;gizli af&#8217; olarak yorumland\u0131.\n<\/p>\n<p style=\"text-align: justify;\"><strong>Cephanelikte yok yok!<\/strong><\/p>\n<p style=\"text-align: justify;\">11 kilogram C-3 tipi plastik patlay\u0131c\u0131, 1 adet Kanas tipi d\u00fcrb\u00fcnl\u00fc t\u00fcfek, 1 adet Kala\u015fnikof otomatik t\u00fcfek, M-16 mermileri, 10 adet MKE yap\u0131m\u0131 savunma ve taarruz tipi el bombas\u0131, 2 adet MKE yap\u0131m\u0131 olmayan el bombas\u0131, gaz bombas\u0131, sis bombalar\u0131, 210&#8217;ar graml\u0131k 12 TNT d\u00fczene\u011fi, 6 adet yar\u0131m\u015far kiloluk TNT kal\u0131b\u0131, 1 adet 1.5 kilograml\u0131k TNT kal\u0131b\u0131, 1 kilograml\u0131k tahrip kal\u0131b\u0131, naylon torbada ate\u015fleme m\u00fchimmat\u0131, 1 adet patlay\u0131c\u0131l\u0131 imha kiti, normal tipte kaps\u00fcl, infilak kaps\u00fclleri, patlay\u0131c\u0131 d\u00fczenekleri haz\u0131rlamada kullan\u0131lan saniyeli fitiller ile infilak (patlamal\u0131) fitilleri.<\/p>\n<p style=\"text-align: justify;\"><span style=\"color: #888888;\">Kaynak : Bug\u00fcn Gazetesi<\/span><\/p>\n","protected":false},"excerpt":{"rendered":"<\/p>\n<p style=\"text-align: justify;\">Askeri mahkemede g\u00f6r\u00fclen Ergenekon davas\u0131nda ilk karar a\u00e7\u0131kland\u0131. Emekli Binba\u015f\u0131 Fikret Emek&#8217;e verilen ceza &#8216;iyi hal&#8217;den ertelendi. Ergenekon Davas\u0131&#8217;nda askeri mahkemelerde g\u00f6r\u00fclen davalardan ilk mahkumiyet karar\u0131 emekli Binba\u015f\u0131 Fikret Emek hakk\u0131nda \u00e7\u0131kt\u0131. \u0130ki y\u0131ldan az cezaya \u00e7arptr\u0131lan Emek&#8217;in mahkemedeki iyi hali g\u00f6zetilerek cezas\u0131 erteleme kapsam\u0131na sokuldu.<\/p>\n<p style=\"text-align: justify;\">5 y\u0131l denetlenecek Ergenekon <\/p>\n","protected":false},"author":1,"featured_media":0,"comment_status":"open","ping_status":"closed","sticky":false,"template":"","format":"standard","meta":{"footnotes":""},"categories":[105],"tags":[],"class_list":["post-3820","post","type-post","status-publish","format-standard","hentry","category-gundem","odd"],"_links":{"self":[{"href":"http:\/\/www.korhanyilmaz.com\/index.php?rest_route=\/wp\/v2\/posts\/3820","targetHints":{"allow":["GET"]}}],"collection":[{"href":"http:\/\/www.korhanyilmaz.com\/index.php?rest_route=\/wp\/v2\/posts"}],"about":[{"href":"http:\/\/www.korhanyilmaz.com\/index.php?rest_route=\/wp\/v2\/types\/post"}],"author":[{"embeddable":true,"href":"http:\/\/www.korhanyilmaz.com\/index.php?rest_route=\/wp\/v2\/users\/1"}],"replies":[{"embeddable":true,"href":"http:\/\/www.korhanyilmaz.com\/index.php?rest_route=%2Fwp%2Fv2%2Fcomments&post=3820"}],"version-history":[{"count":0,"href":"http:\/\/www.korhanyilmaz.com\/index.php?rest_route=\/wp\/v2\/posts\/3820\/revisions"}],"wp:attachment":[{"href":"http:\/\/www.korhanyilmaz.com\/index.php?rest_route=%2Fwp%2Fv2%2Fmedia&parent=3820"}],"wp:term":[{"taxonomy":"category","embeddable":true,"href":"http:\/\/www.korhanyilmaz.com\/index.php?rest_route=%2Fwp%2Fv2%2Fcategories&post=3820"},{"taxonomy":"post_tag","embeddable":true,"href":"http:\/\/www.korhanyilmaz.com\/index.php?rest_route=%2Fwp%2Fv2%2Ftags&post=3820"}],"curies":[{"name":"wp","href":"https:\/\/api.w.org\/{rel}","templated":true}]}}