{"id":38194,"date":"2011-08-10T14:06:58","date_gmt":"2011-08-10T11:06:58","guid":{"rendered":"http:\/\/www.korhanyilmaz.com\/?p=38194"},"modified":"2011-08-10T14:06:58","modified_gmt":"2011-08-10T11:06:58","slug":"ak-parti-il-baskani-protokolde-birinci-sirada","status":"publish","type":"post","link":"http:\/\/www.korhanyilmaz.com\/?p=38194","title":{"rendered":"AK Parti \u0130l Ba\u015fkan\u0131 protokolde birinci s\u0131rada"},"content":{"rendered":"<p style=\"text-align: center;\"><a href=\"http:\/\/www.korhanyilmaz.com\/wp-content\/uploads\/2011\/08\/5074.jpg\"  class=\"lightview\"><img loading=\"lazy\" decoding=\"async\" class=\"aligncenter size-full wp-image-38200\" src=\"http:\/\/www.korhanyilmaz.com\/wp-content\/uploads\/2011\/08\/5074.jpg\" alt=\"\" width=\"455\" height=\"224\" \/><\/a><\/p>\n<p style=\"text-align: justify;\">Aile ve Sosyal Politikalar Bakan\u0131 Fatma \u015eahin\u2019in Gaziantep Valili\u011fi\u2019ni ziyareti s\u0131ras\u0131nda Ak Parti \u0130l Ba\u015fkan\u0131 Ahmet Uzer\u2019in kar\u015f\u0131lama s\u0131ras\u0131nda en \u00f6ne ge\u00e7mesi, kentte yerel bas\u0131na da konu oldu. Protokol listesine g\u00f6re AK Parti \u0130l Ba\u015fkan\u0131 Uzer\u2019in 32. s\u0131rada yer almas\u0131 gerekiyordu.<!--more--><\/p>\n<p style=\"text-align: justify;\">Memleketi Gaziantep\u2019e iki g\u00fcnl\u00fc\u011f\u00fcne gelen Bakan \u015eahin, Gaziantep Valili\u011fi ile \u015eehitkamil ve \u015eahinbey Belediyesi\u2019ni ziyaret etti. Ancak, Bakan \u015eahin\u2019in ilk dura\u011f\u0131 olan valilikte otomobilinden indikten sonra kendisiyle tokala\u015fan Vali S\u00fcleyman Kam\u00e7\u0131\u2019dan sonra bekleyenlerle de tokala\u015fmak i\u00e7in olu\u015fan kuyru\u011fa y\u00f6neldi. Bu s\u0131rada, protokol s\u0131ralamas\u0131nda iktidar partisinin temsilcisi s\u0131fat\u0131yla 32\u2019nci s\u0131rada bulunmas\u0131 gereken Ak Parti Gaziantep \u0130l Ba\u015fkan\u0131 Ahmet Uzer, ilk s\u0131rada yer al\u0131p Bakan \u015eahin ile tokala\u015ft\u0131. Uzer\u2019in solunda ise s\u0131ras\u0131yla Ak Parti Gaziantep milletvekilleri Mehmet Erdo\u011fan ve Halil Maz\u0131c\u0131o\u011flu ile vali yard\u0131mc\u0131lar\u0131, ve kaymakamlar yer ald\u0131. \u0130l Ba\u015fkan\u0131 Uzer Vali S\u00fcleyman Kam\u00e7\u0131\u2019n\u0131n makam\u0131nda da Bakan \u015eahin\u2019in yan\u0131nda oturmay\u0131 tercih etti.<\/p>\n<p style=\"text-align: justify;\">Ak Parti \u0130l Ba\u015fkan\u0131 Ahmet Uzer\u2019in protokolde en \u00f6nde yer almas\u0131 kentte g\u00fcn\u00fcn konusu olunca, baz\u0131 yerel gazetelerde konuyu man\u015fetlerine ta\u015f\u0131d\u0131 ve ele\u015ftirdi. Ahmet Uzer, ge\u00e7en y\u0131llarda da Cumhuriyet Bayram\u0131 kutlamalar\u0131nda en \u00f6n s\u0131rada oturmu\u015f, &#8220;Ben eski milletvekiliyim&#8221; diye a\u00e7\u0131klama yapm\u0131\u015ft\u0131.<\/p>\n<p style=\"text-align: justify;\"><a href=\"http:\/\/www.korhanyilmaz.com\/wp-content\/uploads\/2011\/08\/5069.jpg\"  class=\"lightview\"><img loading=\"lazy\" decoding=\"async\" class=\"aligncenter size-full wp-image-38195\" title=\"\" src=\"http:\/\/www.korhanyilmaz.com\/wp-content\/uploads\/2011\/08\/5069.jpg\" alt=\"\" width=\"480\" height=\"276\" \/>\n\t\t\t\t\t\t\t<style type='text\/css'>\n\t\t\t\t\t\t\t\t#gallery-1 {\n\t\t\t\t\t\t\t\t\tmargin: auto;\n\t\t\t\t\t\t\t\t}\n\t\t\t\t\t\t\t\t#gallery-1 .gallery-item {\n\t\t\t\t\t\t\t\t\tfloat: left;\n\t\t\t\t\t\t\t\t\tmargin-top: 10px;\n\t\t\t\t\t\t\t\t\ttext-align: center;\n\t\t\t\t\t\t\t\t\twidth: 33%;\t\t\t}\n\t\t\t\t\t\t\t\t#gallery-1 img {\n\t\t\t\t\t\t\t\t\tborder: 2px solid #cfcfcf;\n\t\t\t\t\t\t\t\t}\n\t\t\t\t\t\t\t\t#gallery-1 .gallery-caption {\n\t\t\t\t\t\t\t\t\tmargin-left: 0;\n\t\t\t\t\t\t\t\t}\n\t\t\t\t\t\t\t<\/style>\n\t\t\t\t\t\t\t<!-- z-Lightview gallery shortcode, see http:\/\/www.zaikos.com\/wp-plugins\/z-lightview\/ -->\n\t\t\t\t\t\t\t<div id='gallery-1' class='gallery galleryid-38194'><dl class='gallery-item'>\n\t\t\t\t\t<dt class='gallery-icon'>\n\t\t\t\t\t\t<a href='http:\/\/www.korhanyilmaz.com\/wp-content\/uploads\/2011\/08\/5069.jpg'>5069<\/a>\n\t\t\t\t\t<\/dt><\/dl><dl class='gallery-item'>\n\t\t\t\t\t<dt class='gallery-icon'>\n\t\t\t\t\t\t<a href='http:\/\/www.korhanyilmaz.com\/wp-content\/uploads\/2011\/08\/5070.jpg'>5070<\/a>\n\t\t\t\t\t<\/dt><\/dl><dl class='gallery-item'>\n\t\t\t\t\t<dt class='gallery-icon'>\n\t\t\t\t\t\t<a href='http:\/\/www.korhanyilmaz.com\/wp-content\/uploads\/2011\/08\/5071.jpg'>5071<\/a>\n\t\t\t\t\t<\/dt><\/dl><br style=\"clear: both\" \/><dl class='gallery-item'>\n\t\t\t\t\t<dt class='gallery-icon'>\n\t\t\t\t\t\t<a href='http:\/\/www.korhanyilmaz.com\/wp-content\/uploads\/2011\/08\/5072.jpg'>5072<\/a>\n\t\t\t\t\t<\/dt><\/dl><dl class='gallery-item'>\n\t\t\t\t\t<dt class='gallery-icon'>\n\t\t\t\t\t\t<a href='http:\/\/www.korhanyilmaz.com\/wp-content\/uploads\/2011\/08\/5073.jpg'>5073<\/a>\n\t\t\t\t\t<\/dt><\/dl><dl class='gallery-item'>\n\t\t\t\t\t<dt class='gallery-icon'>\n\t\t\t\t\t\t<a href='http:\/\/www.korhanyilmaz.com\/wp-content\/uploads\/2011\/08\/5074.jpg'>5074<\/a>\n\t\t\t\t\t<\/dt><\/dl><br style=\"clear: both\" \/>\n\t\t\t\t\t<br style='clear: both;' \/>\n\t\t\t\t<\/div>\n<\/p>\n<p><\/a><\/p>\n<p style=\"text-align: justify;\"><a href=\"http:\/\/www.hurriyet.com.tr\/gundem\/18456351.asp?gid=381\" target=\"_blank\">Kaynak : H\u00fcrriyet.com.tr<\/a><\/p>\n","protected":false},"excerpt":{"rendered":"<p style=\"text-align: center;\">\n<p style=\"text-align: justify;\">Aile ve Sosyal Politikalar Bakan\u0131 Fatma \u015eahin\u2019in Gaziantep Valili\u011fi\u2019ni ziyareti s\u0131ras\u0131nda Ak Parti \u0130l Ba\u015fkan\u0131 Ahmet Uzer\u2019in kar\u015f\u0131lama s\u0131ras\u0131nda en \u00f6ne ge\u00e7mesi, kentte yerel bas\u0131na da konu oldu. Protokol listesine g\u00f6re AK Parti \u0130l Ba\u015fkan\u0131 Uzer\u2019in 32. s\u0131rada yer almas\u0131 gerekiyordu.<\/p>\n","protected":false},"author":1,"featured_media":0,"comment_status":"open","ping_status":"open","sticky":false,"template":"","format":"standard","meta":{"footnotes":""},"categories":[105],"tags":[],"class_list":["post-38194","post","type-post","status-publish","format-standard","hentry","category-gundem","odd"],"_links":{"self":[{"href":"http:\/\/www.korhanyilmaz.com\/index.php?rest_route=\/wp\/v2\/posts\/38194","targetHints":{"allow":["GET"]}}],"collection":[{"href":"http:\/\/www.korhanyilmaz.com\/index.php?rest_route=\/wp\/v2\/posts"}],"about":[{"href":"http:\/\/www.korhanyilmaz.com\/index.php?rest_route=\/wp\/v2\/types\/post"}],"author":[{"embeddable":true,"href":"http:\/\/www.korhanyilmaz.com\/index.php?rest_route=\/wp\/v2\/users\/1"}],"replies":[{"embeddable":true,"href":"http:\/\/www.korhanyilmaz.com\/index.php?rest_route=%2Fwp%2Fv2%2Fcomments&post=38194"}],"version-history":[{"count":0,"href":"http:\/\/www.korhanyilmaz.com\/index.php?rest_route=\/wp\/v2\/posts\/38194\/revisions"}],"wp:attachment":[{"href":"http:\/\/www.korhanyilmaz.com\/index.php?rest_route=%2Fwp%2Fv2%2Fmedia&parent=38194"}],"wp:term":[{"taxonomy":"category","embeddable":true,"href":"http:\/\/www.korhanyilmaz.com\/index.php?rest_route=%2Fwp%2Fv2%2Fcategories&post=38194"},{"taxonomy":"post_tag","embeddable":true,"href":"http:\/\/www.korhanyilmaz.com\/index.php?rest_route=%2Fwp%2Fv2%2Ftags&post=38194"}],"curies":[{"name":"wp","href":"https:\/\/api.w.org\/{rel}","templated":true}]}}