{"id":38186,"date":"2011-08-10T08:49:40","date_gmt":"2011-08-10T05:49:40","guid":{"rendered":"http:\/\/www.korhanyilmaz.com\/?p=38186"},"modified":"2011-08-10T11:51:57","modified_gmt":"2011-08-10T08:51:57","slug":"basbakandan-2-cocuk-annesine-oneri","status":"publish","type":"post","link":"http:\/\/www.korhanyilmaz.com\/?p=38186","title":{"rendered":"Ba\u015fbakan&#8217;dan 2 \u00e7ocuk annesine \u00f6neri"},"content":{"rendered":"<p style=\"text-align: center;\"><a href=\"http:\/\/www.korhanyilmaz.com\/wp-content\/uploads\/2011\/08\/5067.jpg\"  class=\"lightview\"><img loading=\"lazy\" decoding=\"async\" class=\"aligncenter size-full wp-image-38187\" src=\"http:\/\/www.korhanyilmaz.com\/wp-content\/uploads\/2011\/08\/5067.jpg\" alt=\"\" width=\"407\" height=\"238\" \/><\/a><\/p>\n<p style=\"text-align: justify;\">Ba\u015fbakan Erdo\u011fan, d\u00fcn iftarda baz\u0131 gecekondulara konuk oldu, vatanda\u015flarla sohbet etti. Ziyaret s\u0131ras\u0131nda 6 ayl\u0131k bir bebe\u011fi seven Ba\u015fbakan Erdo\u011fan, annesine ka\u00e7\u0131nc\u0131 \u00e7ocuk oldu\u011funu sordu. 6 ayl\u0131k bebe\u011fin annesinin &#8216;<strong>ikinci \u00e7ocuk<\/strong>&#8216; demesi \u00fczerine Ba\u015fbakan Erdo\u011fan &#8216;<strong>Devam<\/strong>&#8216; dedi.<\/p>\n<p style=\"text-align: justify;\">Ba\u015fbakan Recep Tayyip Erdo\u011fan, iftarda Ke\u00e7i\u00f6ren Belediyesi Sancaktepe Mahallesi&#8217;ndeki baz\u0131 gecekondulara konuk oldu.<!--more--><\/p>\n<p style=\"text-align: justify;\">Ba\u015fbakan Erdo\u011fan, Ak Parti Genel Merkezi&#8217;ndeki Ekonomi De\u011ferlendirme Toplant\u0131s\u0131&#8217;n\u0131n ard\u0131ndan Sancaktepe Mahallesi&#8217;ne geldi.<\/p>\n<p style=\"text-align: justify;\">K\u0131z\u0131 S\u00fcmeyye Erdo\u011fan ve Ke\u00e7i\u00f6ren Belediye Ba\u015fkan\u0131 Mustafa Ak&#8217;\u0131n e\u015flik etti\u011fi Ba\u015fbakan Erdo\u011fan, ilk olarak Ay\u015fe Polat&#8217;\u0131n evini ziyaret ederek, iftar\u0131n\u0131 yapt\u0131.<\/p>\n<p style=\"text-align: justify;\">Ba\u015fbakan Erdo\u011fan, daha sonra ayn\u0131 mahalledeki \u0130smail Alkan&#8217;\u0131n evine ge\u00e7ti. Buradan \u00e7\u0131k\u0131\u015f\u0131nda kendisini bekleyen vatanda\u015flarla konu\u015fmak \u00fczere makam arac\u0131ndan inen Ba\u015fbakan Erdo\u011fan, hay\u0131rl\u0131 ramazanlar diledi.<\/p>\n<p style=\"text-align: justify;\">Zeynep ve Esra isimli ikiz bebekleri kuca\u011f\u0131na alarak foto\u011fraf \u00e7ektiren Ba\u015fbakan Erdo\u011fan, Muazzez Akbal&#8217;\u0131n ricas\u0131 \u00fczerine evine giderek kahve i\u00e7ti.<\/p>\n<p style=\"text-align: justify;\">Erdo\u011fan&#8217;a Akbal&#8217;\u0131n evinden ayr\u0131l\u0131rken baz\u0131 mahalleliler sorunlar\u0131n\u0131 anlatt\u0131. Ba\u015fbakan Erdo\u011fan, \u00f6\u011fretmen aday\u0131 oldu\u011funu ve atanamad\u0131\u011f\u0131n\u0131 belirten gen\u00e7 bir k\u0131z\u0131n anlatt\u0131klar\u0131n\u0131 dikkatle dinledi.<\/p>\n<p style=\"text-align: justify;\">Ba\u015fbakan Erdo\u011fan, daha sonra Y\u00fckseltepe Mahallesi&#8217;ne ge\u00e7erek Fikret Karaaslan&#8217;\u0131n evine konuk oldu. Erdo\u011fan, buradan ayr\u0131l\u0131rken de kendisini bekleyen mahallelilerle bir s\u00fcre sohbet ederek, ramazanlar\u0131n\u0131n hay\u0131rl\u0131 olmas\u0131n\u0131 diledi. Erdo\u011fan burada 6 ayl\u0131k oldu\u011fu belirtilen Eyl\u00fcl Zengin adl\u0131 bebe\u011fi kuca\u011f\u0131na alarak bir s\u00fcre sevdi, foto\u011fraf \u00e7ektirdi. Annesi D\u00fcriye Zengin&#8217;e ka\u00e7\u0131nc\u0131 \u00e7ocuk oldu\u011funu soran Ba\u015fbakan Erdo\u011fan, 2 yan\u0131t\u0131n\u0131 almas\u0131 \u00fczerine, \u201cDevam\u201d dedi.<\/p>\n<p style=\"text-align: justify;\">Ba\u015fbakan Erdo\u011fan ayn\u0131 mahallede bulunan D\u00f6nd\u00fc K\u0131z\u0131lkaya&#8217;n\u0131n evini de ziyaret etti. Erdo\u011fan, buradan \u00e7\u0131k\u0131\u015f\u0131nda da vatanda\u015flarla sohbet etti.<\/p>\n<p style=\"text-align: justify;\">Ba\u015fbakan&#8217;\u0131n ziyaretleri s\u0131ras\u0131nda korumalar taraf\u0131ndan \u00e7ocuklara oyuncaklar da\u011f\u0131t\u0131ld\u0131.<\/p>\n<p style=\"text-align: justify;\"><a href=\"http:\/\/www.hurriyet.com.tr\/gundem\/18452630.asp?gid=381\" target=\"_blank\">Kaynak : H\u00fcrriyet.com.tr<\/a><\/p>\n","protected":false},"excerpt":{"rendered":"<p style=\"text-align: center;\">\n<p style=\"text-align: justify;\">Ba\u015fbakan Erdo\u011fan, d\u00fcn iftarda baz\u0131 gecekondulara konuk oldu, vatanda\u015flarla sohbet etti. Ziyaret s\u0131ras\u0131nda 6 ayl\u0131k bir bebe\u011fi seven Ba\u015fbakan Erdo\u011fan, annesine ka\u00e7\u0131nc\u0131 \u00e7ocuk oldu\u011funu sordu. 6 ayl\u0131k bebe\u011fin annesinin &#8216;ikinci \u00e7ocuk&#8216; demesi \u00fczerine Ba\u015fbakan Erdo\u011fan &#8216;Devam&#8216; dedi.<\/p>\n<p style=\"text-align: justify;\">Ba\u015fbakan Recep Tayyip Erdo\u011fan, iftarda Ke\u00e7i\u00f6ren Belediyesi Sancaktepe Mahallesi&#8217;ndeki baz\u0131 gecekondulara <\/p>\n","protected":false},"author":1,"featured_media":0,"comment_status":"open","ping_status":"open","sticky":false,"template":"","format":"standard","meta":{"footnotes":""},"categories":[105],"tags":[],"class_list":["post-38186","post","type-post","status-publish","format-standard","hentry","category-gundem","odd"],"_links":{"self":[{"href":"http:\/\/www.korhanyilmaz.com\/index.php?rest_route=\/wp\/v2\/posts\/38186","targetHints":{"allow":["GET"]}}],"collection":[{"href":"http:\/\/www.korhanyilmaz.com\/index.php?rest_route=\/wp\/v2\/posts"}],"about":[{"href":"http:\/\/www.korhanyilmaz.com\/index.php?rest_route=\/wp\/v2\/types\/post"}],"author":[{"embeddable":true,"href":"http:\/\/www.korhanyilmaz.com\/index.php?rest_route=\/wp\/v2\/users\/1"}],"replies":[{"embeddable":true,"href":"http:\/\/www.korhanyilmaz.com\/index.php?rest_route=%2Fwp%2Fv2%2Fcomments&post=38186"}],"version-history":[{"count":0,"href":"http:\/\/www.korhanyilmaz.com\/index.php?rest_route=\/wp\/v2\/posts\/38186\/revisions"}],"wp:attachment":[{"href":"http:\/\/www.korhanyilmaz.com\/index.php?rest_route=%2Fwp%2Fv2%2Fmedia&parent=38186"}],"wp:term":[{"taxonomy":"category","embeddable":true,"href":"http:\/\/www.korhanyilmaz.com\/index.php?rest_route=%2Fwp%2Fv2%2Fcategories&post=38186"},{"taxonomy":"post_tag","embeddable":true,"href":"http:\/\/www.korhanyilmaz.com\/index.php?rest_route=%2Fwp%2Fv2%2Ftags&post=38186"}],"curies":[{"name":"wp","href":"https:\/\/api.w.org\/{rel}","templated":true}]}}