{"id":38169,"date":"2011-08-10T10:01:49","date_gmt":"2011-08-10T07:01:49","guid":{"rendered":"http:\/\/www.korhanyilmaz.com\/?p=38169"},"modified":"2011-08-10T11:05:41","modified_gmt":"2011-08-10T08:05:41","slug":"zirveden-krize-karsi-yol-haritasi-ve-%e2%80%98kalici-etki-olmaz%e2%80%99-mesaji-cikti","status":"publish","type":"post","link":"http:\/\/www.korhanyilmaz.com\/?p=38169","title":{"rendered":"Zirveden krize kar\u015f\u0131 yol haritas\u0131 ve \u2018kal\u0131c\u0131 etki olmaz\u2019 mesaj\u0131 \u00e7\u0131kt\u0131"},"content":{"rendered":"<p style=\"text-align: justify;\"><a href=\"http:\/\/www.korhanyilmaz.com\/wp-content\/uploads\/2011\/08\/5060.jpg\"  class=\"lightview\"><img loading=\"lazy\" decoding=\"async\" class=\"aligncenter size-full wp-image-38170\" title=\"\" src=\"http:\/\/www.korhanyilmaz.com\/wp-content\/uploads\/2011\/08\/5060.jpg\" alt=\"\" width=\"250\" height=\"150\" \/><\/a><\/p>\n<p style=\"text-align: justify;\">Ba\u015fbakan Tayyip Erdo\u011fan ba\u015fkanl\u0131\u011f\u0131nda ger\u00e7ekle\u015ftirilen Ekonomi De\u011ferlendirme Toplant\u0131s\u0131 ard\u0131ndan k\u00fcresel krizin T\u00fcrkiye ekonomisi \u00fczerinde uzun d\u00f6nemli ve kal\u0131c\u0131 olumsuz etki b\u0131rakmayaca\u011f\u0131 vurguland\u0131.<\/p>\n<p style=\"text-align: justify;\">Ba\u015fta mali disiplin olmak \u00fczere, ekonomide al\u0131nacak \u00f6nlemlerin s\u0131raland\u0131\u011f\u0131 toplant\u0131da, k\u00fcresel finansal piyasalardaki son geli\u015fmelerin ve bu geli\u015fmelerin T\u00fcrkiye\u2019ye yans\u0131malar\u0131n\u0131n de\u011ferlendirildi\u011fi kaydedildi. A\u00e7\u0131klamada \u015f\u00f6yle denildi: <!--more--><\/p>\n<p style=\"text-align: justify;\"><strong>Kal\u0131c\u0131 etki<\/strong><\/p>\n<p style=\"text-align: justify;\">\u201cSon bir haftal\u0131k d\u00f6nemde bir\u00e7ok \u00fclkede borsalar h\u0131zla de\u011fer kaybetmi\u015f, \u00f6zellikle geli\u015fmekte olan \u00fclkelerin paralar\u0131 dolar kar\u015f\u0131s\u0131nda de\u011fer yitirmi\u015f ve risk primlerinde belirgin bir art\u0131\u015f g\u00f6zlenmi\u015ftir. Ticaret, yat\u0131r\u0131m ve finans alanlar\u0131nda uluslararas\u0131 sistem ile ileri d\u00fczeyde bir entegrasyona sahip olan \u00fclkemiz de k\u0131sa vadede bu geli\u015fmelerden etkilenmektedir. Bu \u00e7er\u00e7evede, son k\u00fcresel geli\u015fmelerin \u00f6zellikle hisse senetleri ve d\u00f6viz piyasalar\u0131nda olumsuz yans\u0131malar\u0131 g\u00f6r\u00fclmektedir. \u00dclkemizin sahip oldu\u011fu g\u00fc\u00e7l\u00fc siyasi istikrar ve sa\u011flam makro ekonomik temeller dikkate al\u0131nd\u0131\u011f\u0131nda ya\u015fanan geli\u015fmelerin T\u00fcrkiye ekonomisi ve mali piyasalar\u0131m\u0131z \u00fczerinde uzun d\u00f6nemli ve kal\u0131c\u0131 olumsuz bir etki b\u0131rakmas\u0131 beklenmemektedir.<\/p>\n<p style=\"text-align: justify;\"><strong>Dayan\u0131kl\u0131l\u0131k kazand\u0131k<\/strong><\/p>\n<p style=\"text-align: justify;\">\u0130ktidar\u0131m\u0131z d\u00f6neminde kamu maliyesi, bankac\u0131l\u0131k sistemi, i\u015fg\u00fcc\u00fc piyasalar\u0131, yat\u0131r\u0131m ortam\u0131n\u0131n iyile\u015ftirilmesi ile sosyal ve fiziki altyap\u0131n\u0131n geli\u015ftirilmesi alanlar\u0131nda ger\u00e7ekle\u015ftirdi\u011fimiz reformlar T\u00fcrkiye ekonomisini bu ve benzeri d\u0131\u015f \u015foklara kar\u015f\u0131 olduk\u00e7a dayan\u0131kl\u0131 bir yap\u0131ya kavu\u015fturmu\u015ftur. Ekonomimizin dayan\u0131kl\u0131l\u0131\u011f\u0131 2008 y\u0131l\u0131 Eyl\u00fcl ay\u0131nda ortaya \u00e7\u0131kan k\u00fcresel kriz d\u00f6neminde net bir bi\u00e7imde g\u00f6r\u00fclm\u00fc\u015f ve T\u00fcrkiye k\u00fcresel krizin etkilerinden en h\u0131zl\u0131 ve g\u00fc\u00e7l\u00fc bir bi\u00e7imde \u00e7\u0131kan \u00fclke olmu\u015ftur. \u00d6te yandan, ekonomi y\u00f6netiminde yer alan t\u00fcm kurumlar\u0131m\u0131z geli\u015fmeleri yak\u0131ndan takip etmekte, t\u00fcm senaryolara kar\u015f\u0131 haz\u0131rl\u0131kl\u0131 bulunmakta ve gerekli ad\u0131mlar\u0131 zaman\u0131nda uygulamaya koymaktad\u0131r.<\/p>\n<p style=\"text-align: justify;\"><strong>Cari a\u00e7\u0131\u011fa dikkat<\/strong><\/p>\n<p style=\"text-align: justify;\">K\u00fcresel geli\u015fmelerin \u00fclkemize yans\u0131mas\u0131nda rol oynayan en \u00f6nemli unsurlardan birisi son iki y\u0131ll\u0131k d\u00f6nemde cari i\u015flemler a\u00e7\u0131\u011f\u0131nda ya\u015fanan y\u00fckselmedir. Cari a\u00e7\u0131kdaki art\u0131\u015f\u0131n konjonkt\u00fcrel ve yap\u0131sal nedenleri bulunmaktad\u0131r. Uygulanmakta olan para ve maliye politikalar\u0131 ile makro ihtiyati d\u00fczenlemeler sonucunda cari a\u00e7\u0131\u011f\u0131n\u0131n konjonkt\u00fcrel kaynaklar\u0131 \u00f6nemli \u00f6l\u00e7\u00fcde dengelenmi\u015ftir. Cari i\u015flemler a\u00e7\u0131\u011f\u0131na kal\u0131c\u0131 olarak \u00e7\u00f6z\u00fcm getirecek yap\u0131sal d\u00fczenlemelerin s\u00fcratle uygulamaya konulmas\u0131na odaklan\u0131lacakt\u0131r.<\/p>\n<p style=\"text-align: justify;\"><strong>\u0130\u015fte 10 maddelik \u00f6nlem plan\u0131<\/strong><\/p>\n<p style=\"text-align: justify;\">Mali disiplin \u00f6n\u00fcm\u00fczdeki d\u00f6nemde g\u00fc\u00e7lendirilerek devam ettirilecek.<\/p>\n<p style=\"text-align: justify;\">Yat\u0131r\u0131m ortam\u0131n\u0131n iyile\u015ftirilmesi ile ilgili eylem plan\u0131 uygulamalar\u0131na devam edilecektir.<\/p>\n<p style=\"text-align: justify;\">\u0130stihdam art\u0131r\u0131c\u0131 politikalar s\u00fcrd\u00fcr\u00fclecek.<\/p>\n<p style=\"text-align: justify;\">Kay\u0131t d\u0131\u015f\u0131l\u0131kla m\u00fccadele kararl\u0131l\u0131kla devam edecek.<\/p>\n<p style=\"text-align: justify;\">\u00d6zelle\u015ftirme Program\u0131<\/p>\n<p style=\"text-align: justify;\">kararl\u0131l\u0131kla uygulanacak.<\/p>\n<p style=\"text-align: justify;\">\u0130hracata D\u00f6n\u00fck \u00dcretim Stratejisi, Girdi Tedarik Stratejisi ve \u0130hracat Pazarlar\u0131n\u0131n \u00c7e\u015fitlendirilmesi Stratejisi \u00e7al\u0131\u015fmalar\u0131 tamamlanacak.<\/p>\n<p style=\"text-align: justify;\">\u0130stanbul\u2019un Uluslararas\u0131 Finans Merkezi olmas\u0131 i\u00e7in yap\u0131lan \u00e7al\u0131\u015fmalara h\u0131zland\u0131r\u0131lacak.<\/p>\n<p style=\"text-align: justify;\">Enerjide d\u0131\u015fa ba\u011f\u0131ml\u0131l\u0131\u011f\u0131 azaltacak ad\u0131mlar at\u0131lacak.<\/p>\n<p style=\"text-align: justify;\">Ar-Ge ve yenilik\u00e7ili\u011fin geli\u015ftirilmesine y\u00f6nelik programlar etkin uygulanacak.<\/p>\n<p style=\"text-align: justify;\">Bu maddeler 2012-2014 Orta Vadeli Program\u0131nda detayland\u0131r\u0131lacak.<\/p>\n<p style=\"text-align: justify;\"><strong>Kimler kat\u0131ld\u0131<\/strong><\/p>\n<p style=\"text-align: justify;\">Ba\u015fbakan Erdo\u011fan ba\u015fkanl\u0131\u011f\u0131nda yakla\u015f\u0131k 3.5 saat s\u00fcren toplant\u0131ya Ba\u015fbakan Yard\u0131mc\u0131s\u0131 Ali Babacan, Maliye Bakan\u0131 Mehmet \u015eim\u015fek, \u00c7al\u0131\u015fma ve Sosyal G\u00fcvenlik Bakan\u0131 Faruk \u00c7elik, Kalk\u0131nma Bakan\u0131 Cevdet Y\u0131lmaz, Ekonomi Bakan\u0131 Zafer \u00c7a\u011flayan, Bilim, Sanayi ve Teknoloji Bakan\u0131 Nihat Erg\u00fcn, G\u00fcmr\u00fck ve Ticaret Bakan\u0131 Hayati Yaz\u0131c\u0131 ile partinin ekonomi kurmaylar\u0131 kat\u0131ld\u0131.<\/p>\n<p style=\"text-align: justify;\"><a href=\"http:\/\/www.hurriyet.com.tr\/ekonomi\/18452790.asp?gid=381\" target=\"_blank\">Kaynak : H\u00fcrriyet.,com.tr<\/a><\/p>\n","protected":false},"excerpt":{"rendered":"<p style=\"text-align: justify;\">\n<p style=\"text-align: justify;\">Ba\u015fbakan Tayyip Erdo\u011fan ba\u015fkanl\u0131\u011f\u0131nda ger\u00e7ekle\u015ftirilen Ekonomi De\u011ferlendirme Toplant\u0131s\u0131 ard\u0131ndan k\u00fcresel krizin T\u00fcrkiye ekonomisi \u00fczerinde uzun d\u00f6nemli ve kal\u0131c\u0131 olumsuz etki b\u0131rakmayaca\u011f\u0131 vurguland\u0131.<\/p>\n<p style=\"text-align: justify;\">Ba\u015fta mali disiplin olmak \u00fczere, ekonomide al\u0131nacak \u00f6nlemlerin s\u0131raland\u0131\u011f\u0131 toplant\u0131da, k\u00fcresel finansal piyasalardaki son geli\u015fmelerin ve bu geli\u015fmelerin T\u00fcrkiye\u2019ye yans\u0131malar\u0131n\u0131n de\u011ferlendirildi\u011fi kaydedildi. A\u00e7\u0131klamada \u015f\u00f6yle denildi: <\/p>\n","protected":false},"author":1,"featured_media":0,"comment_status":"open","ping_status":"open","sticky":false,"template":"","format":"standard","meta":{"footnotes":""},"categories":[7],"tags":[],"class_list":["post-38169","post","type-post","status-publish","format-standard","hentry","category-ekonomi","odd"],"_links":{"self":[{"href":"http:\/\/www.korhanyilmaz.com\/index.php?rest_route=\/wp\/v2\/posts\/38169","targetHints":{"allow":["GET"]}}],"collection":[{"href":"http:\/\/www.korhanyilmaz.com\/index.php?rest_route=\/wp\/v2\/posts"}],"about":[{"href":"http:\/\/www.korhanyilmaz.com\/index.php?rest_route=\/wp\/v2\/types\/post"}],"author":[{"embeddable":true,"href":"http:\/\/www.korhanyilmaz.com\/index.php?rest_route=\/wp\/v2\/users\/1"}],"replies":[{"embeddable":true,"href":"http:\/\/www.korhanyilmaz.com\/index.php?rest_route=%2Fwp%2Fv2%2Fcomments&post=38169"}],"version-history":[{"count":0,"href":"http:\/\/www.korhanyilmaz.com\/index.php?rest_route=\/wp\/v2\/posts\/38169\/revisions"}],"wp:attachment":[{"href":"http:\/\/www.korhanyilmaz.com\/index.php?rest_route=%2Fwp%2Fv2%2Fmedia&parent=38169"}],"wp:term":[{"taxonomy":"category","embeddable":true,"href":"http:\/\/www.korhanyilmaz.com\/index.php?rest_route=%2Fwp%2Fv2%2Fcategories&post=38169"},{"taxonomy":"post_tag","embeddable":true,"href":"http:\/\/www.korhanyilmaz.com\/index.php?rest_route=%2Fwp%2Fv2%2Ftags&post=38169"}],"curies":[{"name":"wp","href":"https:\/\/api.w.org\/{rel}","templated":true}]}}