{"id":3816,"date":"2009-02-21T17:16:04","date_gmt":"2009-02-21T15:16:04","guid":{"rendered":"http:\/\/www.korhanyilmaz.com\/?p=3816"},"modified":"2009-02-21T17:16:04","modified_gmt":"2009-02-21T15:16:04","slug":"adli-tip-kurumu-baskani-istanbul-il-saglik-mudur-yardimcisi-oluyor","status":"publish","type":"post","link":"http:\/\/www.korhanyilmaz.com\/?p=3816","title":{"rendered":"Adl\u00ee T\u0131p Kurumu Ba\u015fkan\u0131, \u0130stanbul il sa\u011fl\u0131k m\u00fcd\u00fcr yard\u0131mc\u0131s\u0131 oluyor"},"content":{"rendered":"<p><img loading=\"lazy\" decoding=\"async\" class=\"aligncenter size-full wp-image-3817\" title=\"Adl\u00ee T\u0131p Kurumu Ba\u015fkan\u0131, \u0130stanbul il sa\u011fl\u0131k m\u00fcd\u00fcr yard\u0131mc\u0131s\u0131 oluyor\" src=\"http:\/\/www.korhanyilmaz.com\/wp-content\/uploads\/2009\/02\/kurt23b2dbf82367a0c0by1.jpg\" alt=\"Adl\u00ee T\u0131p Kurumu Ba\u015fkan\u0131, \u0130stanbul il sa\u011fl\u0131k m\u00fcd\u00fcr yard\u0131mc\u0131s\u0131 oluyor\" width=\"300\" height=\"225\" \/><\/p>\n<p style=\"text-align: justify;\">Adl\u00ee T\u0131p Kurumu Ba\u015fkan\u0131 Keramettin Kurt, \u0130stanbul il sa\u011fl\u0131k m\u00fcd\u00fcr yard\u0131mc\u0131s\u0131 oluyor. Sa\u011fl\u0131k Bakanl\u0131\u011f\u0131 kadrosuna atanan Kurt&#8217;un ba\u015fkanl\u0131k g\u00f6revinden ayr\u0131lmas\u0131, &#8216;doktor olarak g\u00f6rev almak i\u00e7in&#8217; ba\u015fvurmas\u0131, Adalet Bakanl\u0131\u011f\u0131&#8217;n\u0131n da buna muvafakat vermesiyle ger\u00e7ekle\u015fti.<\/p>\n<p style=\"text-align: justify;\">Yetkililer, Keramettin Kurt&#8217;un do\u011frudan g\u00f6revden al\u0131nmad\u0131\u011f\u0131n\u0131, doktorluk talebinin onaylanmas\u0131 \u00fczerine g\u00f6revinden ayr\u0131ld\u0131\u011f\u0131n\u0131 kaydetti.<!--more--><\/p>\n<p style=\"text-align: justify;\">Keramettin Kurt, 6 y\u0131l g\u00f6rev yapt\u0131\u011f\u0131 kurumun personeliyle d\u00fcn vedala\u015ft\u0131. Kamuoyunda tepki \u00e7eken \u0130brahim \u015eahin ve H\u00fcseyin \u00dczmez raporlar\u0131na ba\u015fkan olarak imza atan Keramettin Kurt&#8217;un g\u00f6revden ayr\u0131lmas\u0131n\u0131, Adalet Bakan\u0131 Mehmet Ali \u015eahin&#8217;in istedi\u011fi belirtiliyor. Ancak istifan\u0131n &#8216;\u015f\u0131k olmayaca\u011f\u0131&#8217; gerek\u00e7esiyle, Sa\u011fl\u0131k Bakanl\u0131\u011f\u0131 kadrosuna doktor olarak ge\u00e7me form\u00fcl\u00fcn\u00fcn uyguland\u0131\u011f\u0131 ifade ediliyor. Keramettin Kurt, 2003 y\u0131l\u0131 Ocak ay\u0131nda Adalet Bakan\u0131 Cemil \u00c7i\u00e7ek taraf\u0131ndan Adli T\u0131p ba\u015fkanl\u0131\u011f\u0131na atanm\u0131\u015ft\u0131. 22 Temmuz 2007 genel se\u00e7imleri s\u0131ras\u0131nda ba\u011f\u0131ms\u0131z adalet bakan\u0131 olarak g\u00f6rev yapan Fahri Kas\u0131rga taraf\u0131ndan g\u00f6rev s\u00fcresi bir d\u00f6nem daha uzat\u0131lm\u0131\u015ft\u0131.<\/p>\n<p style=\"text-align: justify;\"><span style=\"color: #888888;\">Kaynak : Zaman Gazetesi<\/span><\/p>\n<p style=\"text-align: justify;\">\n","protected":false},"excerpt":{"rendered":"<\/p>\n<p style=\"text-align: justify;\">Adl\u00ee T\u0131p Kurumu Ba\u015fkan\u0131 Keramettin Kurt, \u0130stanbul il sa\u011fl\u0131k m\u00fcd\u00fcr yard\u0131mc\u0131s\u0131 oluyor. Sa\u011fl\u0131k Bakanl\u0131\u011f\u0131 kadrosuna atanan Kurt&#8217;un ba\u015fkanl\u0131k g\u00f6revinden ayr\u0131lmas\u0131, &#8216;doktor olarak g\u00f6rev almak i\u00e7in&#8217; ba\u015fvurmas\u0131, Adalet Bakanl\u0131\u011f\u0131&#8217;n\u0131n da buna muvafakat vermesiyle ger\u00e7ekle\u015fti.<\/p>\n<p style=\"text-align: justify;\">Yetkililer, Keramettin Kurt&#8217;un do\u011frudan g\u00f6revden al\u0131nmad\u0131\u011f\u0131n\u0131, doktorluk talebinin onaylanmas\u0131 \u00fczerine g\u00f6revinden ayr\u0131ld\u0131\u011f\u0131n\u0131 kaydetti.<\/p>\n","protected":false},"author":1,"featured_media":0,"comment_status":"open","ping_status":"closed","sticky":false,"template":"","format":"standard","meta":{"footnotes":""},"categories":[105],"tags":[],"class_list":["post-3816","post","type-post","status-publish","format-standard","hentry","category-gundem","odd"],"_links":{"self":[{"href":"http:\/\/www.korhanyilmaz.com\/index.php?rest_route=\/wp\/v2\/posts\/3816","targetHints":{"allow":["GET"]}}],"collection":[{"href":"http:\/\/www.korhanyilmaz.com\/index.php?rest_route=\/wp\/v2\/posts"}],"about":[{"href":"http:\/\/www.korhanyilmaz.com\/index.php?rest_route=\/wp\/v2\/types\/post"}],"author":[{"embeddable":true,"href":"http:\/\/www.korhanyilmaz.com\/index.php?rest_route=\/wp\/v2\/users\/1"}],"replies":[{"embeddable":true,"href":"http:\/\/www.korhanyilmaz.com\/index.php?rest_route=%2Fwp%2Fv2%2Fcomments&post=3816"}],"version-history":[{"count":0,"href":"http:\/\/www.korhanyilmaz.com\/index.php?rest_route=\/wp\/v2\/posts\/3816\/revisions"}],"wp:attachment":[{"href":"http:\/\/www.korhanyilmaz.com\/index.php?rest_route=%2Fwp%2Fv2%2Fmedia&parent=3816"}],"wp:term":[{"taxonomy":"category","embeddable":true,"href":"http:\/\/www.korhanyilmaz.com\/index.php?rest_route=%2Fwp%2Fv2%2Fcategories&post=3816"},{"taxonomy":"post_tag","embeddable":true,"href":"http:\/\/www.korhanyilmaz.com\/index.php?rest_route=%2Fwp%2Fv2%2Ftags&post=3816"}],"curies":[{"name":"wp","href":"https:\/\/api.w.org\/{rel}","templated":true}]}}