{"id":38157,"date":"2011-08-09T22:07:45","date_gmt":"2011-08-09T19:07:45","guid":{"rendered":"http:\/\/www.korhanyilmaz.com\/?p=38157"},"modified":"2011-08-10T00:19:17","modified_gmt":"2011-08-09T21:19:17","slug":"turkiyenin-mesajlarini-ilettik","status":"publish","type":"post","link":"http:\/\/www.korhanyilmaz.com\/?p=38157","title":{"rendered":"&#8220;T\u00fcrkiye&#8217;nin mesajlar\u0131n\u0131 ilettik&#8221;"},"content":{"rendered":"<p style=\"text-align: justify;\"><a href=\"http:\/\/www.korhanyilmaz.com\/wp-content\/uploads\/2011\/08\/5057.jpg\"  class=\"lightview\"><img loading=\"lazy\" decoding=\"async\" class=\"aligncenter size-full wp-image-38158\" title=\"\" src=\"http:\/\/www.korhanyilmaz.com\/wp-content\/uploads\/2011\/08\/5057.jpg\" alt=\"\" width=\"422\" height=\"218\" \/><\/a><\/p>\n<p style=\"text-align: justify;\">\n<p style=\"text-align: justify;\">Devlet Ba\u015fkan\u0131 Be\u015f\u015far Esad ile bir araya gelen D\u0131\u015fi\u015fleri Bakan\u0131 Ahmet Davuto\u011flu, &#8220;\u015eunu a\u00e7\u0131k ve net bir \u015fekilde s\u00f6yleyeyim, biz sadece ve sadece T\u00fcrkiye&#8217;nin mesajlar\u0131n\u0131 ilettik&#8221; dedi.<\/p>\n<p style=\"text-align: justify;\">Ankara- Bakan Davuto\u011flu, Suriye ziyaretini, T\u00fcrkiye&#8217;nin en \u00fcst d\u00fczeyde taleplerini, d\u00fc\u015f\u00fcncelerini ve kanaatlerini payla\u015fmak \u00fczere ger\u00e7ekle\u015ftirdiklerini ifade etti. Suriye Devlet Ba\u015fkan\u0131 Be\u015f\u015far Esad&#8217;a, Cumhurba\u015fkan\u0131 Abdulllah G\u00fcl&#8217;\u00fcn yaz\u0131l\u0131 bir mesaj\u0131n\u0131, Ba\u015fbakan Recep Tayyip Erdo\u011fan&#8217;\u0131n da s\u00f6zl\u00fc mesaj\u0131n\u0131 iletti\u011fini belirten Davuto\u011flu, \u00fc\u00e7 bu\u00e7uk saati ba\u015f ba\u015fa olmak \u00fczere alt\u0131 bu\u00e7uk saat s\u00fcreyle g\u00f6r\u00fc\u015fmeler yapt\u0131klar\u0131n\u0131 dile getrdi ve &#8220;Bu g\u00f6r\u00fc\u015fmede, T\u00fcrkiye taraf\u0131 olarak her zaman oldu\u011fu gibi Suriyeli karde\u015flerimizle, muhataplar\u0131m\u0131zla b\u00fct\u00fcn hususlar\u0131 a\u00e7\u0131k bir dille ve kararl\u0131 bir bi\u00e7imde payla\u015ft\u0131k. Say\u0131n Esad da gerek ba\u015f ba\u015fa gerek heyetleraras\u0131 g\u00f6r\u00fc\u015fmelerde kendi kanaatlerini aktard\u0131, payla\u015ft\u0131k&#8221; diye konu\u015ftu.\u00a0<!--more--><\/p>\n<p style=\"text-align: justify;\">Davuto\u011flu, g\u00f6r\u00fc\u015fmede Suriye ordusunun operasyonlar\u0131n\u0131 durdurmas\u0131 gibi s\u00f6zlerin al\u0131n\u0131p al\u0131nmad\u0131\u011f\u0131 ve ABD&#8217;nin taleplerinin iletilip iletilmedi\u011fi y\u00f6n\u00fcndeki soru \u00fczerine, g\u00f6r\u00fc\u015fmenin detaylar\u0131na girmeyi do\u011fru bulmad\u0131\u011f\u0131n\u0131 ancak ordu ile halk\u0131n kar\u015f\u0131 kar\u015f\u0131ya gelmemesi, Hama&#8217;da oldu\u011fu gibi, benzer gerilimlerin ya\u015fanmamas\u0131 konusunda at\u0131labilecek ad\u0131mlar\u0131n en a\u00e7\u0131k, \u015feffaf ve net bi\u00e7imde Suriye Devlet Ba\u015fkan\u0131 Be\u015f\u015far Esad&#8217;la payla\u015f\u0131ld\u0131\u011f\u0131n\u0131 vurgulad\u0131.<\/p>\n<p style=\"text-align: justify;\">\u00d6n\u00fcm\u00fczdeki g\u00fcnlerde at\u0131lacak ad\u0131mlar\u0131n \u00f6nemli oldu\u011funu kaydeden Davuto\u011flu, bu konuda uluslararas\u0131 toplumun kayg\u0131lar\u0131 bulundu\u011funa i\u015faret etti. Uluslararas\u0131 toplumla yak\u0131n temas i\u00e7inde olduklar\u0131na dikkat \u00e7eken Davuto\u011flu, &#8220;Siz sormu\u015f oldu\u011funuz i\u00e7in Amerika Birle\u015fik Devletleri&#8217;ni kastederek s\u00f6yl\u00fcyorum, birka\u00e7 g\u00fcn i\u00e7inde bir\u00e7ok Avrupal\u0131 ve Arap D\u0131\u015fi\u015fleri Bakan\u0131 ile de bu konuyu ele ald\u0131m. Yaln\u0131z \u015funu a\u00e7\u0131k ve net bir \u015fekilde s\u00f6yleyeyim, biz sadece ve sadece T\u00fcrkiye&#8217;nin mesajlar\u0131n\u0131 ilettik&#8221; dedi.<\/p>\n<p style=\"text-align: justify;\">B\u00fct\u00fcn \u00fclkelerle temaslar\u0131nda istifade etti\u011fi hususlar\u0131n oldu\u011funu ve bu temaslar\u0131n s\u00fcrece\u011fini dile getiren Davuto\u011flu, bu ziyaretin duyulmas\u0131ndan itibaren ziyarete \u00e7ok yo\u011fun bir ilgi oldu\u011funu belirtti.<\/p>\n<p style=\"text-align: justify;\">Herkesin ziyaret \u00f6ncesinde kanaatlerini aktarmak istedi\u011fini s\u00f6yleyen Davuto\u011flu, g\u00f6r\u00fc\u015ft\u00fc\u011f\u00fc muhataplar\u0131n\u0131n sonras\u0131yla ilgili olarak da temas i\u00e7inde olmak isteyeceklerini bildirdi. Davuto\u011flu, \u015f\u00f6yle devam etti:<\/p>\n<p style=\"text-align: justify;\">&#8220;Ama bu, \u015fu anlama gelmez. &#8216;Temas etti\u011fimiz \u00fclkelerin mesajlar\u0131n\u0131 g\u00f6t\u00fcr\u00fcyoruz&#8217; anlam\u0131na gelmez. Alt\u0131 bu\u00e7uk saat bir konu konu\u015fulmu\u015fsa her \u015fey dostane, iki taraf aras\u0131nda konu\u015fulmu\u015f demektir. \u0130lkesel \u015fekilde bir kez daha vurgulamak isterim. Ben sadece ve sadece T\u00fcrkiye Cumhuriyeti D\u0131\u015fi\u015fleri Bakan\u0131 olarak T\u00fcrkiye&#8217;nin, Say\u0131n Cumhurba\u015fkan\u0131m\u0131z\u0131n, Say\u0131n Ba\u015fbakan\u0131m\u0131z\u0131n, h\u00fck\u00fcmetimizin kanaatlerini ta\u015f\u0131r\u0131m ve sadece bu \u00e7er\u00e7evede konu\u015furum.&#8221;<\/p>\n<p style=\"text-align: justify;\"><strong>&#8220;Suriye herhangi bir \u00fclke de\u011fil&#8221;\u00a0<\/strong><\/p>\n<p style=\"text-align: justify;\">Suriye&#8217;nin T\u00fcrkiye i\u00e7in herhangi bir \u00fclke de\u011fil, T\u00fcrkiye ile kader ve tarih ortakl\u0131\u011f\u0131 olan &#8220;dost ve karde\u015f bir \u00fclke&#8221; oldu\u011funu kaydeden Davuto\u011flu, &#8220;Suriye halk\u0131 ebediyen T\u00fcrk halk\u0131n\u0131n dostu ve karde\u015fi olacakt\u0131r. Dolay\u0131s\u0131yla Suriye&#8217;nin kaderiyle ilgilenmek T\u00fcrkiye i\u00e7in bir dostluk ve karde\u015flik g\u00f6revidir&#8221; dedi.<\/p>\n<p style=\"text-align: justify;\">Suriye&#8217;deki geli\u015fmeleri en ba\u015f\u0131ndan itibaren yak\u0131ndan takip ettiklerini anlatan Davuto\u011flu, M\u0131s\u0131r2da olaylar belli bir a\u015famaya geldi\u011finde Suriye ile ilgili kanaatlerini a\u00e7\u0131k bir \u015fekilde Suriyeli muhataplar\u0131yla payla\u015ft\u0131klar\u0131n\u0131 vurgulad\u0131.<\/p>\n<p style=\"text-align: justify;\">Nisan ay\u0131nda yapt\u0131\u011f\u0131 Suriye ziyaretinde Suriye Devlet Ba\u015fkan\u0131 Be\u015f\u015far Esad&#8217;la 3 saati a\u015fk\u0131n ba\u015fba\u015fa g\u00f6r\u00fc\u015ft\u00fcklerini ifade eden Davuto\u011flu, &#8220;Suriye&#8217;de herhangi bir i\u00e7 \u00e7at\u0131\u015fmaya sebebiyet vermeksizin ger\u00e7ekle\u015febilecek reformlar\u0131n Suriye&#8217;yi ne kadar g\u00fc\u00e7l\u00fc k\u0131laca\u011f\u0131n\u0131 payla\u015fm\u0131\u015ft\u0131k&#8221; diye konu\u015ftu.<\/p>\n<p style=\"text-align: justify;\"><strong>&#8220;\u00d6ncelikli hedef akan kan\u0131n durmas\u0131&#8221;\u00a0<\/strong><\/p>\n<p style=\"text-align: justify;\">\u00d6ncelikli hedeflerinin bir an \u00f6nce akan kan\u0131n durmas\u0131 oldu\u011funu dile getiren Davuto\u011flu, T\u00fcrkiye&#8217;nin tek hedefinin Suriye&#8217;de hangi mezhep ve etnik k\u00f6kenden olursa olsun b\u00fct\u00fcn Suriyelilerin bar\u0131\u015f i\u00e7inde ya\u015famalar\u0131 oldu\u011funu s\u00f6yledi.<\/p>\n<p style=\"text-align: justify;\">Suriye&#8217;nin her k\u00f6kenden gelen halk\u0131n\u0131n birlikte gelece\u011fi tayin edece\u011fine dikkat \u00e7eken Davuto\u011flu, \u00f6nemli olan\u0131n Suriye&#8217;de olaylar\u0131n halk\u0131n taleplerine paralel \u015fekilde seyretmesi oldu\u011funu kaydetti.<\/p>\n<p style=\"text-align: justify;\">G\u00f6r\u00fc\u015fmede, Suriye&#8217;de akan kan\u0131n durmas\u0131 ve ileriki d\u00f6nemde de halk\u0131n talepleri do\u011frultusunda bir siyasi reform s\u00fcrecinin ya\u015fanmas\u0131 i\u00e7in yap\u0131lmas\u0131 gerekenleri payla\u015ft\u0131klar\u0131n\u0131 ve \u00e7ok somut konular\u0131 konu\u015ftuklar\u0131n\u0131 dile getiren Davuto\u011flu, &#8220;Detaylarla tek tek konular \u00fczerinde durduk. \u00c7ok dostane a\u00e7\u0131k g\u00f6r\u00fc\u015fl\u00fc bir toplant\u0131 ger\u00e7ekle\u015ftirdik. \u00dcmit ederiz ki \u00f6n\u00fcm\u00fczdeki g\u00fcnlerde bu akan kan\u0131n durmas\u0131n\u0131 sa\u011flayacak ad\u0131mlar at\u0131l\u0131r&#8221; \u015feklinde konu\u015fu.<\/p>\n<p style=\"text-align: justify;\">Suriye ile temaslar\u0131n devam edece\u011fine i\u015faret eden Davuto\u011flu, her kesimden Suriyelilerle g\u00f6r\u00fc\u015feceklerini, Esad&#8217;la son derece somut konular\u0131 ele ald\u0131klar\u0131n\u0131 ancak detaylar\u0131na girmek istemedi\u011fini vurgulad\u0131.<\/p>\n<p style=\"text-align: justify;\">\u00d6n\u00fcm\u00fczdeki g\u00fcnlerin hem T\u00fcrkiye a\u00e7\u0131s\u0131ndan hem de Suriye halk\u0131 a\u00e7\u0131s\u0131ndan da beklentilerin kar\u015f\u0131lanmas\u0131 a\u00e7\u0131s\u0131ndan kritik olaca\u011f\u0131n\u0131 s\u00f6zlerine ekleyen Davuto\u011flu, &#8220;Biz Suriye&#8217;deki geli\u015fmeleri takip etmeye devam edece\u011fiz. \u00d6n\u00fcm\u00fczdeki g\u00fcnler ve haftalarda umut ederiz ki hepimizin bekledi\u011fi Suriye&#8217;yi g\u00fc\u00e7lendirecek olan Suriye&#8217;yi gelece\u011fe b\u00f6lgenin en \u00f6nemli akt\u00f6r\u00fc olarak ta\u015f\u0131yacak bir \u015fekilde Suriye&#8217;de i\u00e7 bar\u0131\u015f ve huzur sa\u011flan\u0131r ve Suriye halk\u0131n\u0131n iradesini yans\u0131tacak siyasi reform ad\u0131mlar\u0131 at\u0131l\u0131r&#8221; dedi.<\/p>\n<p style=\"text-align: justify;\"><a href=\"http:\/\/www.cumhuriyet.com.tr\/?hn=267898&amp;kw=%22T%FCrkiye'nin+mesajlar%FDn%FD+ilettik%22\" target=\"_blank\">Kaynak : Cumhuriyet Haber Portal\u0131<\/a><\/p>\n","protected":false},"excerpt":{"rendered":"<p style=\"text-align: justify;\">\n<p style=\"text-align: justify;\">\n<p style=\"text-align: justify;\">Devlet Ba\u015fkan\u0131 Be\u015f\u015far Esad ile bir araya gelen D\u0131\u015fi\u015fleri Bakan\u0131 Ahmet Davuto\u011flu, &#8220;\u015eunu a\u00e7\u0131k ve net bir \u015fekilde s\u00f6yleyeyim, biz sadece ve sadece T\u00fcrkiye&#8217;nin mesajlar\u0131n\u0131 ilettik&#8221; dedi.<\/p>\n<p style=\"text-align: justify;\">Ankara- Bakan Davuto\u011flu, Suriye ziyaretini, T\u00fcrkiye&#8217;nin en \u00fcst d\u00fczeyde taleplerini, d\u00fc\u015f\u00fcncelerini ve kanaatlerini payla\u015fmak \u00fczere ger\u00e7ekle\u015ftirdiklerini ifade etti. <\/p>\n","protected":false},"author":1,"featured_media":0,"comment_status":"open","ping_status":"open","sticky":false,"template":"","format":"standard","meta":{"footnotes":""},"categories":[105],"tags":[],"class_list":["post-38157","post","type-post","status-publish","format-standard","hentry","category-gundem","odd"],"_links":{"self":[{"href":"http:\/\/www.korhanyilmaz.com\/index.php?rest_route=\/wp\/v2\/posts\/38157","targetHints":{"allow":["GET"]}}],"collection":[{"href":"http:\/\/www.korhanyilmaz.com\/index.php?rest_route=\/wp\/v2\/posts"}],"about":[{"href":"http:\/\/www.korhanyilmaz.com\/index.php?rest_route=\/wp\/v2\/types\/post"}],"author":[{"embeddable":true,"href":"http:\/\/www.korhanyilmaz.com\/index.php?rest_route=\/wp\/v2\/users\/1"}],"replies":[{"embeddable":true,"href":"http:\/\/www.korhanyilmaz.com\/index.php?rest_route=%2Fwp%2Fv2%2Fcomments&post=38157"}],"version-history":[{"count":0,"href":"http:\/\/www.korhanyilmaz.com\/index.php?rest_route=\/wp\/v2\/posts\/38157\/revisions"}],"wp:attachment":[{"href":"http:\/\/www.korhanyilmaz.com\/index.php?rest_route=%2Fwp%2Fv2%2Fmedia&parent=38157"}],"wp:term":[{"taxonomy":"category","embeddable":true,"href":"http:\/\/www.korhanyilmaz.com\/index.php?rest_route=%2Fwp%2Fv2%2Fcategories&post=38157"},{"taxonomy":"post_tag","embeddable":true,"href":"http:\/\/www.korhanyilmaz.com\/index.php?rest_route=%2Fwp%2Fv2%2Ftags&post=38157"}],"curies":[{"name":"wp","href":"https:\/\/api.w.org\/{rel}","templated":true}]}}