{"id":38133,"date":"2011-08-09T16:58:30","date_gmt":"2011-08-09T13:58:30","guid":{"rendered":"http:\/\/www.korhanyilmaz.com\/?p=38133"},"modified":"2011-08-09T17:18:21","modified_gmt":"2011-08-09T14:18:21","slug":"ne-demek-sabrimizin-sonu","status":"publish","type":"post","link":"http:\/\/www.korhanyilmaz.com\/?p=38133","title":{"rendered":"&#8220;Ne demek sabr\u0131m\u0131z\u0131n sonu&#8221;"},"content":{"rendered":"<p style=\"text-align: center;\"><a href=\"http:\/\/www.korhanyilmaz.com\/wp-content\/uploads\/2011\/08\/5053.jpg\"  class=\"lightview\"><img loading=\"lazy\" decoding=\"async\" class=\"aligncenter size-full wp-image-38134\" src=\"http:\/\/www.korhanyilmaz.com\/wp-content\/uploads\/2011\/08\/5053.jpg\" alt=\"\" width=\"462\" height=\"210\" \/><\/a><\/p>\n<p style=\"text-align: justify;\">CHP lideri K\u0131l\u0131\u00e7daro\u011flu, h\u00fck\u00fcetin yapt\u0131\u011f\u0131 Suriye a\u00e7\u0131klamas\u0131n\u0131 ele\u015ftirdi, &#8220;Ba\u015fbakan hangi sebeple sabr\u0131n\u0131n sonuna geldi\u011fini a\u00e7\u0131klamal\u0131&#8221; dedi.<\/p>\n<p style=\"text-align: justify;\">CHP Genel Ba\u015fkan\u0131 Kemal K\u0131l\u0131\u00e7daro\u011flu, Suriye&#8217;deki olaylarla ilgili gazetecilerin sorular\u0131n\u0131 cevaplad\u0131. \u0130\u015fte K\u0131l\u0131\u00e7daro\u011flu&#8217;nun a\u00e7\u0131klamalar\u0131ndan sat\u0131r ba\u015flar\u0131:<!--more--><\/p>\n<p style=\"text-align: justify;\">&#8220;Davuto\u011flu\u2019nun Suriye\u2019ye gitmesine kar\u015f\u0131 \u00e7\u0131km\u0131yoruz. G\u00f6r\u00fc\u015fmeli. Daha sa\u011flam a\u00e7\u0131l\u0131mlar\u0131n yap\u0131lmas\u0131 gerekti\u011fini s\u00f6ylemeli. T\u00fcrkiye katk\u0131y\u0131 vermeli. Burada sorunumuz yok. Sorun T\u00fcrkiye\u2019nin m\u00fcdahaleci bir tavr\u0131 sergilemi\u015f olmas\u0131d\u0131r. &#8220;<\/p>\n<p style=\"text-align: justify;\"><strong>&#8220;SABRIMIZIN SONU NE DEMEK&#8221;<\/strong><\/p>\n<p style=\"text-align: justify;\">&#8220;Sabr\u0131m\u0131z\u0131n sonuna geldik s\u00f6z\u00fc, c\u00fcmlesi. Bu sabr\u0131n sonunda ne yapacak h\u00fck\u00fcmet? Askeri m\u00fcdahale mi yapacak? Hangi sebeple sabr\u0131n\u0131n sonuna geldi\u011fini Ba\u015fbakan\u2019\u0131n a\u00e7\u0131klamas\u0131 laz\u0131m.<\/p>\n<p style=\"text-align: justify;\">Romantizmle d\u0131\u015f politika olmaz. Suriye&#8217;deki olaylar T\u00fcrkiye&#8217;nin i\u00e7 i\u015f de\u011fil.&#8221;<\/p>\n<p style=\"text-align: justify;\"><a href=\"http:\/\/www.gazeteport.com.tr\/haber\/46439\/quotne_demek_sabrimizin_sonuquot\" target=\"_blank\">\u00a0Kaynak : GAZETEPORT<\/a><\/p>\n","protected":false},"excerpt":{"rendered":"<p style=\"text-align: center;\">\n<p style=\"text-align: justify;\">CHP lideri K\u0131l\u0131\u00e7daro\u011flu, h\u00fck\u00fcetin yapt\u0131\u011f\u0131 Suriye a\u00e7\u0131klamas\u0131n\u0131 ele\u015ftirdi, &#8220;Ba\u015fbakan hangi sebeple sabr\u0131n\u0131n sonuna geldi\u011fini a\u00e7\u0131klamal\u0131&#8221; dedi.<\/p>\n<p style=\"text-align: justify;\">CHP Genel Ba\u015fkan\u0131 Kemal K\u0131l\u0131\u00e7daro\u011flu, Suriye&#8217;deki olaylarla ilgili gazetecilerin sorular\u0131n\u0131 cevaplad\u0131. \u0130\u015fte K\u0131l\u0131\u00e7daro\u011flu&#8217;nun a\u00e7\u0131klamalar\u0131ndan sat\u0131r ba\u015flar\u0131:<\/p>\n","protected":false},"author":1,"featured_media":0,"comment_status":"open","ping_status":"open","sticky":false,"template":"","format":"standard","meta":{"footnotes":""},"categories":[105],"tags":[],"class_list":["post-38133","post","type-post","status-publish","format-standard","hentry","category-gundem","odd"],"_links":{"self":[{"href":"http:\/\/www.korhanyilmaz.com\/index.php?rest_route=\/wp\/v2\/posts\/38133","targetHints":{"allow":["GET"]}}],"collection":[{"href":"http:\/\/www.korhanyilmaz.com\/index.php?rest_route=\/wp\/v2\/posts"}],"about":[{"href":"http:\/\/www.korhanyilmaz.com\/index.php?rest_route=\/wp\/v2\/types\/post"}],"author":[{"embeddable":true,"href":"http:\/\/www.korhanyilmaz.com\/index.php?rest_route=\/wp\/v2\/users\/1"}],"replies":[{"embeddable":true,"href":"http:\/\/www.korhanyilmaz.com\/index.php?rest_route=%2Fwp%2Fv2%2Fcomments&post=38133"}],"version-history":[{"count":0,"href":"http:\/\/www.korhanyilmaz.com\/index.php?rest_route=\/wp\/v2\/posts\/38133\/revisions"}],"wp:attachment":[{"href":"http:\/\/www.korhanyilmaz.com\/index.php?rest_route=%2Fwp%2Fv2%2Fmedia&parent=38133"}],"wp:term":[{"taxonomy":"category","embeddable":true,"href":"http:\/\/www.korhanyilmaz.com\/index.php?rest_route=%2Fwp%2Fv2%2Fcategories&post=38133"},{"taxonomy":"post_tag","embeddable":true,"href":"http:\/\/www.korhanyilmaz.com\/index.php?rest_route=%2Fwp%2Fv2%2Ftags&post=38133"}],"curies":[{"name":"wp","href":"https:\/\/api.w.org\/{rel}","templated":true}]}}