{"id":38122,"date":"2011-08-09T16:04:08","date_gmt":"2011-08-09T13:04:08","guid":{"rendered":"http:\/\/www.korhanyilmaz.com\/?p=38122"},"modified":"2011-08-09T16:52:31","modified_gmt":"2011-08-09T13:52:31","slug":"turkiye-abdnin-emir-eri-mi","status":"publish","type":"post","link":"http:\/\/www.korhanyilmaz.com\/?p=38122","title":{"rendered":"&#8220;T\u00fcrkiye ABD&#8217;nin emir eri mi?&#8221;"},"content":{"rendered":"<p style=\"text-align: center;\"><a href=\"http:\/\/www.korhanyilmaz.com\/wp-content\/uploads\/2011\/08\/5049.jpg\"  class=\"lightview\"><img loading=\"lazy\" decoding=\"async\" class=\"aligncenter size-full wp-image-38123\" src=\"http:\/\/www.korhanyilmaz.com\/wp-content\/uploads\/2011\/08\/5049.jpg\" alt=\"\" width=\"307\" height=\"236\" \/><\/a><\/p>\n<p style=\"text-align: justify;\">CHP Grup Ba\u015fkanvekili Emine \u00dclker Tarhan, &#8220;T\u00fcrkiye, ABD&#8217;nin Ortado\u011fu&#8217;daki postac\u0131ba\u015f\u0131 m\u0131d\u0131r, emir eri midir?&#8221; diye sordu.<\/p>\n<p style=\"text-align: justify;\">Tarhan, TBMM&#8217;de d\u00fczenledi\u011fi sohbet toplant\u0131s\u0131nda, CHP&#8217;nin tutuklu milletvekilleri Mehmet Haberal ve Mustafa Balbay&#8217;\u0131 Silivri&#8217;de ziyaret ettiklerini an\u0131msatt\u0131.<\/p>\n<p style=\"text-align: justify;\">&#8220;Bir hukuk\u00e7u i\u00e7in ortam bir faciayd\u0131&#8221; diyen Tarhan, ortam\u0131n &#8220;\u00e7ok h\u00fcz\u00fcn verici&#8221; oldu\u011funu kaydetti.<!--more--><\/p>\n<p style=\"text-align: justify;\">\u00a0\u00d6zel bir mahkemede yarg\u0131lama yap\u0131lmas\u0131n\u0131n, evrensel hukuka ayk\u0131r\u0131 oldu\u011funu belirten Tarhan, \u015funlar\u0131 kaydetti:<\/p>\n<p style=\"text-align: justify;\">&#8220;Demokrasiye inan\u0131yorsak cezaevinde bir yarg\u0131lama yap\u0131lmas\u0131n\u0131 kesinlikle kabul etmemeliyiz. Ba\u015flang\u0131\u00e7ta bu \u00e7ok rahats\u0131z ve irite edici. Cezaevi ortam\u0131n\u0131n bask\u0131s\u0131 alt\u0131nda adil yarg\u0131lama yap\u0131lmas\u0131 m\u00fcmk\u00fcn de\u011fil. Say\u0131n Haberal ile g\u00f6r\u00fc\u015ft\u00fck. Rahats\u0131zl\u0131\u011f\u0131ndan dolay\u0131 duru\u015fmaya kat\u0131lamayacak durumdayd\u0131. Say\u0131n Haberal&#8217;\u0131n sa\u011fl\u0131k durumu iyi de\u011fil. Muntazam ve monit\u00f6rden takip yap\u0131lmas\u0131 gereken bir hastal\u0131\u011f\u0131 var. 3 dakikada ani \u00f6l\u00fcm riski ta\u015f\u0131yan bir hastal\u0131\u011f\u0131 var ancak cezaevine ancak 15-20 dakikada bir ambulans\u0131n ula\u015fabilmesi s\u00f6z konusu. O y\u00fczden de ciddi bir risk alt\u0131nda. Stres sa\u011fl\u0131\u011f\u0131n\u0131 olumsuz y\u00f6nde etkiliyor. Sa\u011fl\u0131k hizmetleri cezaevinde son derece s\u0131n\u0131rl\u0131. Bu anlamda da orada bir insanl\u0131k su\u00e7u i\u015flenmekte. Say\u0131n Balbay&#8217;\u0131n do\u011fum g\u00fcn\u00fcyd\u00fc ve \u00e7ok duygusal anlar ya\u015fand\u0131. CHP milletvekili olmaktan duydu\u011fu onuru bizimle payla\u015ft\u0131. Nezdimizde CHP&#8217;ye dokunmaktan \u00e7ok mutlu oldu\u011funu s\u00f6yledi. Kendisi gayet iyi ancak yarg\u0131lama s\u00fcrecinin bir i\u015fkenceye d\u00f6n\u00fc\u015ft\u00fc\u011f\u00fcnden s\u00f6z etti.&#8221;<\/p>\n<p style=\"text-align: justify;\"><strong>\u00a0&#8220;Yol haritas\u0131 ne?&#8221;\u00a0<\/strong><\/p>\n<p style=\"text-align: justify;\">D\u0131\u015fi\u015fleri Bakan\u0131 Ahmet Davuto\u011flu&#8217;nun \u015eam&#8217;a ziyaret ger\u00e7ekle\u015ftirdi\u011fini hat\u0131rlatan Tarhan, d\u00fcn bu konuyla ilgili baz\u0131 toplant\u0131lar\u0131n yap\u0131ld\u0131\u011f\u0131n\u0131 kaydetti.<\/p>\n<p style=\"text-align: justify;\">&#8220;\u0130stenilen sert tedbirler nedir? T\u00fcrkiye&#8217;nin \u015eam konusundaki yol haritas\u0131 nedir? B\u00f6lge yeniden sorunlar yuma\u011f\u0131 haline mi getirilmek isteniyor? T\u00fcrkiye kom\u015fusuyla bir s\u0131cak \u00e7at\u0131\u015fma i\u00e7erisine mi \u00e7ekilecek?&#8221; sorular\u0131n\u0131n yan\u0131t\u0131n\u0131 beklediklerini belirten Tarhan, ABD D\u0131\u015fi\u015fleri Bakan\u0131n\u0131n &#8220;Esad&#8217;a siz bask\u0131 yap\u0131n&#8221; demesini &#8220;\u00e7ok manidar bulduklar\u0131n\u0131&#8221; s\u00f6yledi.<\/p>\n<p style=\"text-align: justify;\">Tarhan, &#8220;T\u00fcrkiye, ABD&#8217;nin Ortado\u011fu&#8217;daki bir ma\u015fas\u0131 olma yolunda m\u0131d\u0131r, T\u00fcrkiye, ABD&#8217;nin mektup ve mesajlar\u0131n\u0131 temize \u00e7ekme aparat\u0131 m\u0131d\u0131r, T\u00fcrkiye, ABD&#8217;nin Ortado\u011fu&#8217;daki postac\u0131ba\u015f\u0131 m\u0131d\u0131r, emir eri midir?&#8221; diye sordu.<\/p>\n<p style=\"text-align: justify;\">\u00a0Tarhan, &#8220;Suriye T\u00fcrkiye&#8217;nin i\u00e7 meselesi&#8221; oldu\u011fu s\u00f6yleminin alt\u0131n\u0131n doldurulmas\u0131 gerekti\u011fini, muhalefete bu konularla ilgili bilgi verilmesini istedi.<\/p>\n<p style=\"text-align: justify;\">Ekonomideki baz\u0131 geli\u015fmelerin ya\u015fand\u0131\u011f\u0131n\u0131 dile getiren Tarhan, Ba\u015fbakan Erdo\u011fan&#8217;\u0131n &#8220;kriz bu defa te\u011fet bile ge\u00e7meyecek&#8221; dedi\u011fini hat\u0131rlatt\u0131. Tarhan, &#8220;Oysa bu bir te\u011fet ge\u00e7me de\u011fil tam ortas\u0131ndan ekonomi delinmi\u015f gibi g\u00f6r\u00fcn\u00fcyor. Tehlike sinyalleri \u00e7alarken h\u00fck\u00fcmet ne tedbirler ald\u0131 bunu bilmiyoruz. Anla\u015f\u0131lan yeni dolayl\u0131 vergilere ve zamlara haz\u0131r olmal\u0131y\u0131z&#8221; diye konu\u015ftu.<\/p>\n<p style=\"text-align: justify;\">Gazetecilerin sorular\u0131n\u0131 da yan\u0131tlayan Tarhan, Balbay ve Haberal&#8217;\u0131n serbest kalaca\u011f\u0131na dair umutlar\u0131n\u0131n her zaman oldu\u011funu s\u00f6yledi. Tarhan, AK Parti ile CHP aras\u0131nda imzalanan mutabakat metninin i\u015flerlik kazanmas\u0131 i\u00e7in Meclisin a\u00e7\u0131lmas\u0131n\u0131n f\u0131rsat olaca\u011f\u0131n\u0131 dile getirdi.<\/p>\n<p style=\"text-align: justify;\">Bir gazetecinin &#8220;\u00d6n\u00fcm\u00fczdeki g\u00fcnlerde Deniz Feneri e.V. soru\u015fturmas\u0131n\u0131n, savc\u0131lar\u0131n\u0131n de\u011fi\u015fti\u011fine dair haberler al\u0131rsak \u015fa\u015f\u0131r\u0131r m\u0131y\u0131z?&#8221; sorusuna, &#8220;Bizim i\u00e7in s\u00fcrpriz olmaz. Deniz Feneri, iktidar\u0131n kara kutusu. A\u00e7\u0131ld\u0131\u011f\u0131 takdirde iktidar odaklar\u0131n\u0131n bundan rahats\u0131z duyacaklar\u0131na eminim. Kapat\u0131lmas\u0131 i\u00e7in gereken her \u015fey yap\u0131lacakt\u0131r. Soru\u015fturman\u0131n derinle\u015ftirildi\u011fi noktada m\u00fcfetti\u015flerin savc\u0131lar\u0131n odas\u0131na konu\u015fland\u0131r\u0131lmas\u0131 \u00e7ok ola\u011fan bir \u015fey de\u011fil&#8221; dedi.<\/p>\n<p style=\"text-align: justify;\"><a href=\"http:\/\/www.cnnturk.com\/2011\/turkiye\/08\/09\/turkiye.abdnin.emir.eri.mi\/625574.0\/index.html\" target=\"_blank\">Kaynak : CNN T\u00dcRK<\/a><\/p>\n","protected":false},"excerpt":{"rendered":"<p style=\"text-align: center;\">\n<p style=\"text-align: justify;\">CHP Grup Ba\u015fkanvekili Emine \u00dclker Tarhan, &#8220;T\u00fcrkiye, ABD&#8217;nin Ortado\u011fu&#8217;daki postac\u0131ba\u015f\u0131 m\u0131d\u0131r, emir eri midir?&#8221; diye sordu.<\/p>\n<p style=\"text-align: justify;\">Tarhan, TBMM&#8217;de d\u00fczenledi\u011fi sohbet toplant\u0131s\u0131nda, CHP&#8217;nin tutuklu milletvekilleri Mehmet Haberal ve Mustafa Balbay&#8217;\u0131 Silivri&#8217;de ziyaret ettiklerini an\u0131msatt\u0131.<\/p>\n<p style=\"text-align: justify;\">&#8220;Bir hukuk\u00e7u i\u00e7in ortam bir faciayd\u0131&#8221; diyen Tarhan, ortam\u0131n &#8220;\u00e7ok h\u00fcz\u00fcn verici&#8221; oldu\u011funu <\/p>\n","protected":false},"author":1,"featured_media":0,"comment_status":"open","ping_status":"open","sticky":false,"template":"","format":"standard","meta":{"footnotes":""},"categories":[105],"tags":[],"class_list":["post-38122","post","type-post","status-publish","format-standard","hentry","category-gundem","odd"],"_links":{"self":[{"href":"http:\/\/www.korhanyilmaz.com\/index.php?rest_route=\/wp\/v2\/posts\/38122","targetHints":{"allow":["GET"]}}],"collection":[{"href":"http:\/\/www.korhanyilmaz.com\/index.php?rest_route=\/wp\/v2\/posts"}],"about":[{"href":"http:\/\/www.korhanyilmaz.com\/index.php?rest_route=\/wp\/v2\/types\/post"}],"author":[{"embeddable":true,"href":"http:\/\/www.korhanyilmaz.com\/index.php?rest_route=\/wp\/v2\/users\/1"}],"replies":[{"embeddable":true,"href":"http:\/\/www.korhanyilmaz.com\/index.php?rest_route=%2Fwp%2Fv2%2Fcomments&post=38122"}],"version-history":[{"count":0,"href":"http:\/\/www.korhanyilmaz.com\/index.php?rest_route=\/wp\/v2\/posts\/38122\/revisions"}],"wp:attachment":[{"href":"http:\/\/www.korhanyilmaz.com\/index.php?rest_route=%2Fwp%2Fv2%2Fmedia&parent=38122"}],"wp:term":[{"taxonomy":"category","embeddable":true,"href":"http:\/\/www.korhanyilmaz.com\/index.php?rest_route=%2Fwp%2Fv2%2Fcategories&post=38122"},{"taxonomy":"post_tag","embeddable":true,"href":"http:\/\/www.korhanyilmaz.com\/index.php?rest_route=%2Fwp%2Fv2%2Ftags&post=38122"}],"curies":[{"name":"wp","href":"https:\/\/api.w.org\/{rel}","templated":true}]}}