{"id":38102,"date":"2011-08-09T11:57:05","date_gmt":"2011-08-09T08:57:05","guid":{"rendered":"http:\/\/www.korhanyilmaz.com\/?p=38102"},"modified":"2011-08-09T13:13:04","modified_gmt":"2011-08-09T10:13:04","slug":"internet-andicinda-komutanlari-yakan-belge","status":"publish","type":"post","link":"http:\/\/www.korhanyilmaz.com\/?p=38102","title":{"rendered":"\u0130nternet And\u0131c\u0131&#8217;nda komutanlar\u0131 yakan belge&#8230;"},"content":{"rendered":"<p style=\"text-align: center;\"><a href=\"http:\/\/www.korhanyilmaz.com\/wp-content\/uploads\/2011\/08\/5047.jpg\"  class=\"lightview\"><img loading=\"lazy\" decoding=\"async\" class=\"aligncenter size-full wp-image-38103\" src=\"http:\/\/www.korhanyilmaz.com\/wp-content\/uploads\/2011\/08\/5047.jpg\" alt=\"\" width=\"356\" height=\"240\" \/><\/a><\/p>\n<p style=\"text-align: justify;\">T24 &#8211; \u0130stanbul 13. A\u011f\u0131r Ceza Mahkemesi, EDOK Komutan\u0131 Org. Nusret Ta\u015fdeler ve T\u00fcmg. \u00c7ubuklu da dahil 14 ki\u015fi hakk\u0131nda yakalama emri \u00e7\u0131kard\u0131. Karara dayanak olarak g\u00f6sterilen belgenin ise \u201c\u0130nternet And\u0131c\u0131\u201d ve \u201c\u0130rtica ile M\u00fccadele Eylem Plan\u0131\u201dn\u0131n temeli olarak g\u00f6sterilen \u201cBilgi Destek Plan\u0131\u201d oldu\u011fu ortaya \u00e7\u0131kt\u0131.<\/p>\n<p style=\"text-align: justify;\">\u0130ddianamede bu belgenin, kaos yaratmay\u0131 ama\u00e7layan illegal faaliyetlere y\u00f6nelik haz\u0131rland\u0131\u011f\u0131 \u00f6ne s\u00fcr\u00fcld\u00fc ve G\u00fcner Pa\u015fa\u2019n\u0131n Hayr\u00fcnnisa G\u00fcl\u2019\u00fcn elini s\u0131kmamas\u0131 ile Emine Erdo\u011fan\u2019\u0131n GATA\u2019ya al\u0131nmamas\u0131 gibi baz\u0131 somut olaylar \u00f6rnek g\u00f6sterildi&#8230;<!--more--><\/p>\n<p style=\"text-align: justify;\">TSK i\u00e7inde haz\u0131rland\u0131\u011f\u0131 ve h\u00fck\u00fcmeti karalayarak kamuoyunu y\u00f6nlendirme ve kaos yaratma ama\u00e7l\u0131 oldu\u011fu \u00f6ne s\u00fcr\u00fclen internet sitelerine ili\u015fkin 92 sayfal\u0131k \u2018internet and\u0131c\u0131\u2019 iddianamesini haz\u0131rlayan \u00f6zel yetkili \u0130stanbul Cumhuriyet Savc\u0131s\u0131 Cihan Kans\u0131z, 22 san\u0131k hakk\u0131nda yakalama emri \u00e7\u0131kar\u0131lmas\u0131n\u0131 istemi\u015fti. 13. A\u011f\u0131r Ceza Mahkemesi savc\u0131 Kans\u0131z\u2019\u0131n talebini de\u011ferlendirerek sonuca ba\u011flad\u0131. YA\u015e\u2019ta Kara Kuvvetleri E\u011fitim ve Doktrin Komutanl\u0131\u011f\u0131na atanan (EDOK) Ege Ordu Komutan\u0131 Orgeneral H\u00fcseyin Nusret Ta\u015fdeler ile T\u00fcmgeneral H\u0131fz\u0131 \u00c7ubuklu\u2019nun da aralar\u0131nda bulundu\u011fu 14 san\u0131k hakk\u0131nda yakalama emri \u00e7\u0131kar\u0131lmas\u0131na karar verildi.<\/p>\n<p style=\"text-align: justify;\">Karar oybirli\u011fiyle al\u0131nd\u0131<\/p>\n<p style=\"text-align: justify;\">Oybirli\u011fiyle karar alan mahkeme, 8 san\u0131k hakk\u0131nda ise yakalama karar\u0131 \u00e7\u0131kar\u0131lmas\u0131 talebini reddetti. Mahkeme karar\u0131nda, san\u0131klar Orhan G\u00fc\u00e7l\u00fc, Murat Usluk\u0131l\u0131\u00e7, Meryem Kur\u015fun, Hasan Atama Y\u0131ld\u0131r\u0131m, Cem \u015eim\u015fek, Altunay \u015eahin, Fatih Koca ve Recai Alkan\u2019\u0131n \u00fczerine at\u0131l\u0131 su\u00e7lar\u0131n vas\u0131f ve mahiyeti, mevcut delil durumu, dosya i\u00e7eri\u011fini de dikkate alarak san\u0131klar hakk\u0131nda yakalama karar\u0131 \u00e7\u0131kar\u0131lmas\u0131na yer olmad\u0131\u011f\u0131n\u0131 belirtti. \u201c\u0130nternet And\u0131c\u0131\u201d ile \u201c\u0130rtica ile M\u00fccadele Eylem Plan\u0131\u201d davalar\u0131 aralar\u0131nda fiili ve hukuki irtibat\u0131n olmas\u0131 nedeniyle birle\u015ftirildi.<\/p>\n<p style=\"text-align: justify;\"><strong>\u2018Bilgi Destek Plan\u0131\u2019 yakt\u0131\u00a0<\/strong><\/p>\n<p style=\"text-align: justify;\">Yakalama karar\u0131na dayanak olarak g\u00f6sterilen belgenin ise \u201c\u0130nternet And\u0131c\u0131\u201d ve \u201c\u0130rtica ile M\u00fccadele eylem Plan\u0131\u201d diye adland\u0131r\u0131lan belgelerin temeli olarak g\u00f6sterilen \u201cBilgi Destek Plan\u0131\u201d oldu\u011fu ortaya \u00e7\u0131kt\u0131. 22 Temmuz 2007 se\u00e7imleri ile 28 A\u011fustos 2007 Cumhurba\u015fkanl\u0131\u011f\u0131 se\u00e7imleri sonras\u0131nda Eyl\u00fcl 2007 tarihinde Genelkurmay Harek\u00e2t Ba\u015fkanl\u0131\u011f\u0131 taraf\u0131ndan haz\u0131rland\u0131\u011f\u0131 \u00f6ne s\u00fcr\u00fclen \u201cBilgi Destek Plan\u0131\u201dn\u0131 isimle belgenin alt\u0131nda, d\u00f6nemin Genelkurmay Harekat Ba\u015fkan\u0131 Korgeneral Nusret Ta\u015fdeler\u2019in ismi bulunuyor. \u201c\u0130rtica ile M\u00fccadele Eylem Plan\u0131\u201d ile \u201c\u0130nternet And\u0131c\u0131\u201d isimli 2009 tarihinde haz\u0131rlanan iki belgenin ise, \u201cBilgi Destek Plan\u0131\u201dna ba\u011fl\u0131 olarak olu\u015fturulduklar\u0131 \u00f6ne s\u00fcr\u00fcl\u00fcyor.<\/p>\n<p style=\"text-align: justify;\"><strong>\u0130hbarc\u0131 subay g\u00f6nderdi\u00a0<\/strong><\/p>\n<p style=\"text-align: justify;\">\u0130rtica ile M\u00fccadele Eylem Plan\u0131\u2019n\u0131n kamuoyuna yans\u0131mas\u0131n\u0131n ard\u0131ndan Genelkurmay\u2019da Albay \u00c7i\u00e7ek\u2019in ofisinde imha i\u015flemi yap\u0131ld\u0131\u011f\u0131n\u0131 \u00f6ne s\u00fcren bir ihbarc\u0131 subay, Ergenekon savc\u0131lar\u0131na mektup g\u00f6ndermi\u015fti. \u0130hbarc\u0131 subay mektubunda \u2018ofisteki imhadan kurtard\u0131m\u2019 dedi\u011fi \u2018Bilgi Destek Plan\u0131\u2019 isimli belgeyi de eklemi\u015fti.<\/p>\n<p style=\"text-align: justify;\"><strong>22 Temmuz se\u00e7imlerinden sonra\u00a0<\/strong><\/p>\n<p style=\"text-align: justify;\">Be\u015f sayfal\u0131k belgede 22 Temmuz 2007 se\u00e7imleri sonras\u0131 T\u00fcrkiye \u2019nin durumuyla ilgili tespitler ve de\u011ferlendirmeler yer al\u0131yordu. \u0130nternet and\u0131c\u0131 soru\u015fturmas\u0131 kapsam\u0131nda inceleme alt\u0131na al\u0131nan belge, savc\u0131l\u0131k taraf\u0131ndan Genelkurmay Ba\u015fkanl\u0131\u011f\u0131\u2019na da soruldu. Ancak Genelkurmay Ba\u015fkanl\u0131\u011f\u0131 Askeri Savc\u0131l\u0131\u011f\u0131 \u0130rtica ile M\u00fccadele Eylem Plan\u0131 gibi bu belgeyi de kabul etmedi. Askeri Savc\u0131l\u0131k taraf\u0131ndan 09 Haziran 2011 tarihinde haz\u0131rlanan cevap yaz\u0131s\u0131nda \u201cS\u00f6z konusu belgeye kay\u0131tlarda rastlan\u0131lmad\u0131\u011f\u0131, Askeri Savc\u0131l\u0131k taraf\u0131ndan d\u00fczenlenen 12 May\u0131s 2010 tarihli iddianamede s\u00f6z konusu belgenin tamamen sahte olarak d\u00fczenlenmi\u015f bir belge oldu\u011fu kanaatine var\u0131ld\u0131\u011f\u0131\u201d denildi. Genelkurmay Ba\u015fkanl\u0131\u011f\u0131 taraf\u0131ndan yap\u0131lan bir ba\u015fka a\u00e7\u0131klamada ise \u201c\u0130nternet And\u0131c\u0131\u201d olarak adland\u0131r\u0131lan belgenin varl\u0131\u011f\u0131 kabul edilmi\u015f ve belgenin 2000 y\u0131l\u0131ndaki koalisyon h\u00fck\u00fcmetinin direktifleri do\u011frultusunda haz\u0131rland\u0131\u011f\u0131 belirtilmi\u015fti.<\/p>\n<p style=\"text-align: justify;\"><strong>Kaos olu\u015fturmay\u0131 ama\u00e7lad\u0131lar\u00a0<\/strong><\/p>\n<p style=\"text-align: justify;\">\u0130nternet and\u0131c\u0131 soru\u015fturmas\u0131n\u0131 eski Ergenekon Savc\u0131s\u0131 Zekeriya \u00d6z\u2019den devralan \u00d6zel Yetkili Savc\u0131 Cihan Kans\u0131z ise haz\u0131rlad\u0131\u011f\u0131 iddianamesinde \u201cBilgi Destek Plan\u0131\u201d isimli belgeden s\u0131kl\u0131kla bahsetti. Savc\u0131 Kans\u0131z belgeye ili\u015fkin, \u201cGenelkurmay Ba\u015fkanl\u0131\u011f\u0131\u2019na ait olmad\u0131\u011f\u0131 anla\u015f\u0131lan ve \u00f6rg\u00fctsel ama\u00e7lar do\u011frultusunda illegal faaliyetlere y\u00f6nelik haz\u0131rland\u0131\u011f\u0131 taraf\u0131m\u0131zdan de\u011ferlendirilen belge i\u00e7eri\u011fi incelendi\u011finde, Abdullah G\u00fcl\u2019\u00fcn Cumhurba\u015fkan\u0131 se\u00e7ilmesi ile ilgili birtak\u0131m ele\u015ftirilerin yer ald\u0131\u011f\u0131 belgede, t\u00fcrban konusu ile ilgili baz\u0131 eylemsel faaliyetlerden yararlan\u0131larak kaos olu\u015fturulmas\u0131n\u0131n ama\u00e7land\u0131\u011f\u0131 g\u00f6zlemlenmi\u015ftir\u201d dedi.<\/p>\n<p style=\"text-align: justify;\"><strong>Orgeneral Aslan G\u00fcner Hayrunisa G\u00fcl&#8217;\u00fcn elini s\u0131kmad\u0131\u00a0<\/strong><\/p>\n<p style=\"text-align: justify;\">Savc\u0131 Kans\u0131z, 2007 y\u0131l\u0131nda ya\u015fanan ve kamuoyunda ses getiren bir\u00e7ok olay\u0131n da Bilgi Destek Plan\u0131 adl\u0131 belgeyle ba\u011flant\u0131l\u0131 oldu\u011funu belirtti. \u0130ddianamede, \u201c19 Eyl\u00fcl 2007 tarihinde Cumhurba\u015fkan\u0131 Abdullah G\u00fcl\u2019\u00fcn KKTC ziyareti d\u00f6n\u00fc\u015f\u00fcnde, Esenbo\u011fa Havaliman\u0131\u2019nda yap\u0131lan kar\u015f\u0131lama t\u00f6reninde d\u00f6nemin Ankara Garnizon Komutan\u0131 A.G\u2019nin protokolden ayr\u0131ld\u0131\u011f\u0131, Hayr\u00fcnisa G\u00fcl\u2019\u00fcn ba\u015f\u00f6rt\u00fcl\u00fc olmas\u0131 sebebiyle b\u00f6yledavrand\u0131\u011f\u0131 y\u00f6n\u00fcnde bir\u00e7ok haberin yay\u0131nland\u0131\u011f\u0131 g\u00f6r\u00fclm\u00fc\u015ft\u00fcr\u201d denildi.<\/p>\n<p style=\"text-align: justify;\"><strong>Emine Han\u0131m GATA\u2019da Nejat Uygur\u2019u ziyaret edemedi<\/strong><\/p>\n<p style=\"text-align: justify;\">\u00a0Bilgi Destek Plan\u0131 kapsam\u0131nda de\u011ferlendirilen bir ba\u015fka olay ise, Ba\u015fbakan\u2019\u2019\u0131n e\u015fi Emine Erdo\u011fan\u2019\u0131n GATA\u2019ya al\u0131nmamas\u0131 oldu\u011fu de\u011ferlendirildi: \u201c23 Kas\u0131m 2007\u2019de Emine Erdo\u011fan\u2019\u0131n; TSK Rehabilitasyon merkezinde tedavi g\u00f6ren tiyatro sanat\u00e7\u0131s\u0131 Nejat Uygur\u2019u ziyaret etmek istedi\u011fi ancak ba\u015f\u00f6rt\u00fcl\u00fc olmas\u0131 sebebiyle bu ziyareti ger\u00e7ekle\u015ftirmesinin engellendi\u011fi, hadisenin Nejat Uygur\u2019un e\u015fi Nejla Uygur taraf\u0131ndan da do\u011fruland\u0131\u011f\u0131na dair \u00e7ok say\u0131da a\u00e7\u0131k kaynak bilgisine ula\u015f\u0131lm\u0131\u015ft\u0131r.\u201d<\/p>\n<p style=\"text-align: justify;\"><strong>14 san\u0131k hakk\u0131nda yakalama karar\u0131\u00a0<\/strong><\/p>\n<p style=\"text-align: justify;\">&#8211; Kara Kuvvetleri E\u011fitim ve Doktrin (EDOK) Komutan\u0131 Orgeneral Nusret Ta\u015fdeler<\/p>\n<p style=\"text-align: justify;\">&#8211; Genelkurmay Ba\u015fkanl\u0131\u011f\u0131 \u0130stihbarat Daire Ba\u015fkan\u0131 Korgeneral \u0130smail Hakk\u0131 Pekin<\/p>\n<p style=\"text-align: justify;\">&#8211; Genelkurmay Adli M\u00fc\u015faviri T\u00fcmgeneral H\u0131fz\u0131 \u00c7ubuklu<\/p>\n<p style=\"text-align: justify;\">&#8211; Eski 1. Ordu Komutan\u0131 Emekli Orgeneral Hasan I\u011fs\u0131z<\/p>\n<p style=\"text-align: justify;\">&#8211; Eski Kuzey Deniz Saha Komutan\u0131 Koramiral Mehmet Otuzbiro\u011flu<\/p>\n<p style=\"text-align: justify;\">&#8211; Ege Deniz B\u00f6lge Komutan\u0131 Tu\u011famiral Alaettin Sevim<\/p>\n<p style=\"text-align: justify;\">&#8211; Korgeneral Mehmet Er\u00f6z<\/p>\n<p style=\"text-align: justify;\">&#8211; T\u00fcmgeneral Mustafa Bak\u0131c\u0131<\/p>\n<p style=\"text-align: justify;\">&#8211; Albay Ziya \u0130lker G\u00f6kta\u015f<\/p>\n<p style=\"text-align: justify;\">&#8211; Albay Hulusi G\u00fclbahar<\/p>\n<p style=\"text-align: justify;\">\u00a0&#8211; Albay Cemal G\u00f6k\u00e7eo\u011flu<\/p>\n<p style=\"text-align: justify;\">\u00a0&#8211; Albay Sedat \u00d6z\u00fcer<\/p>\n<p style=\"text-align: justify;\">&#8211; Emekli Albay Fuat Selvi<\/p>\n<p style=\"text-align: justify;\">&#8211; TSK\u2019da sivil memur olan Mehmet B\u00fclent Sar\u0131kahya<\/p>\n<p style=\"text-align: justify;\">Hasdal\u2019daki komutan say\u0131s\u0131 49 olacak!<\/p>\n<p style=\"text-align: justify;\">Hasdal Cezaevinde \u015fuanda muvazzaf 41 amiral ve general bulunuyor. \u0130nternet and\u0131c\u0131 iddianamesi kapsam\u0131nda haklar\u0131nda yakalama karar\u0131 \u00e7\u0131kart\u0131lan 7 muvazzaf generalden Koramiral Mehmet Otuzbiro\u011flu ayn\u0131 zamanda Balyoz davas\u0131ndan da tutuklu bulundu\u011fu i\u00e7in, yakalama kararlar\u0131 uyguland\u0131\u011f\u0131nda 6 muvazzaf general daha Hasdal\u2019a girecek. Bunun ard\u0131ndan Hasdal\u2019daki general ve amiral say\u0131s\u0131 47\u2019ye ula\u015facak. Ancak 2. Balyoz iddianamesi kapsam\u0131nda haklar\u0131nda yakalama karar\u0131 \u00e7\u0131kart\u0131lan T\u00fcmamiral Ahmet Sinan Ertu\u011frul\u2019un g\u00f6rev nedeniyle yurt d\u0131\u015f\u0131nda olmas\u0131 ve T\u00fcmgeneral Beyaz\u0131t Karata\u015f\u2019\u0131n hastanede tedavi g\u00f6rmesi nedeniyle yakalama kararlar\u0131 uygulanmam\u0131\u015ft\u0131. Bu yakalama kararlar\u0131 da uyguland\u0131\u011f\u0131nda, Hasdal\u2019daki muvazzaf general say\u0131s\u0131 49 olacak.<\/p>\n<p style=\"text-align: justify;\"><strong>\u0130\u015fte komutanlar\u0131 yakan belge!\u00a0<\/strong><\/p>\n<p style=\"text-align: justify;\">Yakalama karar Bilgi Destek Plan\u0131 isimli belge 5 sayfadan olu\u015fuyor ve alt\u0131nda d\u00f6nemin Genelkurmay Harekat B\u015fakan\u0131 Nusret Ta\u015fdeler\u2019in ismi bulunuyor. Belge \u201c\u0130slami Geli\u015fmeler, Demokratik T\u00fcrkiye Partisi (DTP) ile ilgili hususlar, T\u00fcrk Silahl\u0131 Kuvvetleri (TSK) \u2019ne destek, Yeni d\u00f6nemde T\u00fcrk Silahl\u0131 Kuvvetleri, Sonu\u00e7\u201d ba\u015fl\u0131klar\u0131ndan olu\u015fan 5 ayr\u0131 b\u00f6l\u00fcmden olu\u015fuyor. \u0130\u015fte belgeden baz\u0131 sat\u0131r ba\u015flar\u0131:<\/p>\n<p style=\"text-align: justify;\"><strong>22 Temmuz milat oldu\u00a0<\/strong><\/p>\n<p style=\"text-align: justify;\">\u201c22 Temmuz se\u00e7imlerinin bu nedenle T\u00fcrkiye \u2019nin \u0131l\u0131ml\u0131 \u0130slam \u2019a d\u00f6n\u00fc\u015ft\u00fcr\u00fclmesi gayretleri bak\u0131m\u0131ndan bir milat oldu\u011fu ve kazan\u0131lm\u0131\u015f olan ba\u015far\u0131n\u0131n verdi\u011fi cesaretle AKP\u2019yi ve destek\u00e7ilerini daha f\u00fctursuz ve c\u00fcretk\u00e2r davranmaya y\u00f6neltebilecek din eksenli yeni bir d\u00f6nemin \u00f6tesinde cumhuriyetin ve milletimizin temel de\u011ferlerlerinin a\u015f\u0131nd\u0131r\u0131lmas\u0131na y\u00f6nelik bir s\u00fcreci ba\u015flatma tehlikesini ortaya \u00e7\u0131kard\u0131\u011f\u0131n\u0131 da s\u00f6ylemek m\u00fcmk\u00fcnd\u00fcr.\u201d<\/p>\n<p style=\"text-align: justify;\"><strong>T\u00fcrkiye din k\u0131skac\u0131nda\u00a0<\/strong><\/p>\n<p style=\"text-align: justify;\">\u201cNitekim gerek i\u00e7erde ve gerekse d\u0131\u015far\u0131da T\u00fcrkiye \u2019nin giderek daha fazla din k\u0131skac\u0131na al\u0131nd\u0131\u011f\u0131na dikkat \u00e7ekilerek, mevcut h\u00fck\u00fcmetin bundan sonra esas olarak kendi taban\u0131ndan gelecek a\u015f\u0131r\u0131 isteklerle u\u011fra\u015faca\u011f\u0131 ve as\u0131l krizlerin AKP \u2019nin kendi i\u00e7inde kaynaklanaca\u011f\u0131 dile getirilmektedir. Se\u00e7imlerden hemen sonraki \u2018sivil anayasa\u2019 ve \u2018Atat\u00fcrk\u00e7\u00fcl\u00fc\u011fe anayasada yer olup olmad\u0131\u011f\u0131\u2019 tart\u0131\u015fmalar\u0131, yeni anayasan\u0131n t\u00fcrbana kilitlenmesi, YA\u015e kararlar\u0131n\u0131n yarg\u0131 denetimine a\u00e7\u0131lmas\u0131 bu sanc\u0131l\u0131 d\u00f6nemin ilk i\u015faretlerini vermektedir. Ba\u015fbakan\u2019a yap\u0131lan b\u00fct\u00fcn telkinlere ra\u011fmen G\u00fcl Cumhurba\u015fkan\u0131 se\u00e7ilmi\u015ftir. Bu durumu parti i\u00e7i dengelerin ve partinin prestijinin korunmas\u0131n\u0131n bir gere\u011fi olarak g\u00f6rmek m\u00fcmk\u00fcn olsa da G\u00fcl\u2019\u00fcn cumhurba\u015fkanl\u0131\u011f\u0131n\u0131n yarataca\u011f\u0131 s\u0131k\u0131nt\u0131lar\u0131 sineye \u00e7ekmeye haz\u0131r olduklar\u0131 \u015feklinde anlamak gerekmektedir.\u201d<\/p>\n<p style=\"text-align: justify;\"><strong>\u00a0\u00c7ar\u015fafl\u0131lar boy g\u00f6steriyor\u00a0<\/strong><\/p>\n<p style=\"text-align: justify;\">\u201c\u0130\u00e7 ve d\u0131\u015f tepkiler, G\u00fcl \u2019\u00fcn cumhurba\u015fkanl\u0131\u011f\u0131n\u0131n parlamenter demokrasinin normal bir uygulamas\u0131 oldu\u011fu y\u00f6n\u00fcndedir. Kamoyu ve medya t\u00fcrban\u0131 benimsemi\u015f g\u00f6r\u00fclmekte. Cumhurba\u015fkan\u0131, t\u00fcrban ve di\u011fer hassas konularda ba\u015flang\u0131\u00e7ta dikkatli davranm\u0131\u015f ise de yava\u015f yava\u015f t\u00fcrban\u0131n davetler, kar\u015f\u0131lama, u\u011furlama t\u00f6renleri vs. ile resmi mahaller ile g\u00fcnl\u00fck ya\u015fama girmeye ba\u015flad\u0131\u011f\u0131 g\u00f6r\u00fclmektedir. Zaten bir m\u00fcddetten beri esas kamusal alan olan TBMM \u2019de yap\u0131lan \u00e7e\u015fitli toplant\u0131larda t\u00fcrbanl\u0131 ve hatta \u00e7ar\u015fafl\u0131 han\u0131mlar boy g\u00f6stermektedir.\u201d<\/p>\n<p style=\"text-align: justify;\"><strong>T\u00fcrbana tepki politikas\u0131\u00a0<\/strong><\/p>\n<p style=\"text-align: justify;\">\u201cT\u00fcrbana g\u00f6sterilecek tepki, alt kademeler i\u00e7in de bir emsal te\u015fkil edecektir. Tepkinin uzun vadede uygulama imk\u00e2n\u0131 olan tutarl\u0131 bir politika olmas\u0131 \u00f6nemlidir. Her ne olursa olsun, kendi manevra saham\u0131z\u0131 daraltmayacak ve meteakip giri\u015fimlerde elimizi ba\u011flamayacak d\u00fczeyde kalmas\u0131 \u00f6nemli. Esasen, TSK \u2019n\u0131n bug\u00fcne kadar devletin niteliklerinin korunmas\u0131 konusunda g\u00f6sterdi\u011fi titizli\u011fe aynen devam etmesi izlenebilecek en tutarl\u0131 politika olacakt\u0131r. TSK, her \u015feyi s\u00f6ylemi\u015f s\u00f6ylediklerinin arkas\u0131nda durdu\u011funu ilan etmi\u015ftir. Bundan sonraki tepkilerini davran\u0131\u015flar\u0131 ile g\u00f6stermesi do\u011fald\u0131r.\u201d<\/p>\n<p style=\"text-align: center;\"><a href=\"http:\/\/fotograf.gazetevatan.com\/\/newpics\/news\/080820112210326893612_3.jpg\"><img loading=\"lazy\" decoding=\"async\" class=\"aligncenter size-full wp-image-38104\" src=\"http:\/\/www.korhanyilmaz.com\/wp-content\/uploads\/2011\/08\/080820112210326893612_3.jpg\" alt=\"\" width=\"442\" height=\"600\" \/><\/a><a href=\"http:\/\/fotograf.gazetevatan.com\/\/newpics\/news\/080820112213177193729_3.jpg\"><img loading=\"lazy\" decoding=\"async\" class=\"aligncenter size-full wp-image-38105\" src=\"http:\/\/www.korhanyilmaz.com\/wp-content\/uploads\/2011\/08\/080820112213177193729_3.jpg\" alt=\"\" width=\"415\" height=\"586\" \/><\/a><\/p>\n<p style=\"text-align: justify;\"><a href=\"http:\/\/www.t24.com.tr\/iste-komutanlari-yakan-belge\/haber\/161251.aspx\" target=\"_blank\">Kaynak : T24<\/a><\/p>\n","protected":false},"excerpt":{"rendered":"<p style=\"text-align: center;\">\n<p style=\"text-align: justify;\">T24 &#8211; \u0130stanbul 13. A\u011f\u0131r Ceza Mahkemesi, EDOK Komutan\u0131 Org. Nusret Ta\u015fdeler ve T\u00fcmg. \u00c7ubuklu da dahil 14 ki\u015fi hakk\u0131nda yakalama emri \u00e7\u0131kard\u0131. Karara dayanak olarak g\u00f6sterilen belgenin ise \u201c\u0130nternet And\u0131c\u0131\u201d ve \u201c\u0130rtica ile M\u00fccadele Eylem Plan\u0131\u201dn\u0131n temeli olarak g\u00f6sterilen \u201cBilgi Destek Plan\u0131\u201d oldu\u011fu ortaya \u00e7\u0131kt\u0131.<\/p>\n<p style=\"text-align: justify;\">\u0130ddianamede bu <\/p>\n","protected":false},"author":1,"featured_media":0,"comment_status":"open","ping_status":"open","sticky":false,"template":"","format":"standard","meta":{"footnotes":""},"categories":[105],"tags":[],"class_list":["post-38102","post","type-post","status-publish","format-standard","hentry","category-gundem","odd"],"_links":{"self":[{"href":"http:\/\/www.korhanyilmaz.com\/index.php?rest_route=\/wp\/v2\/posts\/38102","targetHints":{"allow":["GET"]}}],"collection":[{"href":"http:\/\/www.korhanyilmaz.com\/index.php?rest_route=\/wp\/v2\/posts"}],"about":[{"href":"http:\/\/www.korhanyilmaz.com\/index.php?rest_route=\/wp\/v2\/types\/post"}],"author":[{"embeddable":true,"href":"http:\/\/www.korhanyilmaz.com\/index.php?rest_route=\/wp\/v2\/users\/1"}],"replies":[{"embeddable":true,"href":"http:\/\/www.korhanyilmaz.com\/index.php?rest_route=%2Fwp%2Fv2%2Fcomments&post=38102"}],"version-history":[{"count":0,"href":"http:\/\/www.korhanyilmaz.com\/index.php?rest_route=\/wp\/v2\/posts\/38102\/revisions"}],"wp:attachment":[{"href":"http:\/\/www.korhanyilmaz.com\/index.php?rest_route=%2Fwp%2Fv2%2Fmedia&parent=38102"}],"wp:term":[{"taxonomy":"category","embeddable":true,"href":"http:\/\/www.korhanyilmaz.com\/index.php?rest_route=%2Fwp%2Fv2%2Fcategories&post=38102"},{"taxonomy":"post_tag","embeddable":true,"href":"http:\/\/www.korhanyilmaz.com\/index.php?rest_route=%2Fwp%2Fv2%2Ftags&post=38102"}],"curies":[{"name":"wp","href":"https:\/\/api.w.org\/{rel}","templated":true}]}}