{"id":3810,"date":"2009-02-20T12:46:19","date_gmt":"2009-02-20T10:46:19","guid":{"rendered":"http:\/\/www.korhanyilmaz.com\/?p=3810"},"modified":"2009-02-20T12:46:19","modified_gmt":"2009-02-20T10:46:19","slug":"adli-tip-kurumu-baskani-gorevden-alindi","status":"publish","type":"post","link":"http:\/\/www.korhanyilmaz.com\/?p=3810","title":{"rendered":"Adli T\u0131p Kurumu Ba\u015fkan\u0131 g\u00f6revden al\u0131nd\u0131"},"content":{"rendered":"<p><img loading=\"lazy\" decoding=\"async\" class=\"aligncenter size-full wp-image-3813\" title=\"Adli T\u0131p Kurumu Ba\u015fkan\u0131 Keramettin Kurt\" src=\"http:\/\/www.korhanyilmaz.com\/wp-content\/uploads\/2009\/02\/kurt23b2dbf82367a0c0by.jpg\" alt=\"Adli T\u0131p Kurumu Ba\u015fkan\u0131 Keramettin Kurt\" width=\"300\" height=\"225\" \/><\/p>\n<p style=\"text-align: justify;\">Adli T\u0131p Kurumu Ba\u015fkan\u0131 Keramettin Kurt, Adalet Bakan\u0131 Mehmet Ali \u015eahin taraf\u0131ndan g\u00f6revinden al\u0131nd\u0131. Kurt d\u00f6neminde Adli T\u0131p, \u00e7ok say\u0131da tart\u0131\u015fmal\u0131 karara imza att\u0131. Kurum, &#8216;s\u00fcrekli hasta&#8217; raporuyla Susurluk Davas\u0131 h\u00fck\u00fcml\u00fcs\u00fc eski \u00d6zel Harek\u00e2t Dairesi Ba\u015fkan Vekili \u0130brahim \u015eahin&#8217;e &#8216;af yolu&#8217;nu a\u00e7t\u0131.<\/p>\n<p style=\"text-align: justify;\">\u0130\u015fkence g\u00f6ren gen\u00e7lere &#8216;sa\u011flam&#8217; raporu d\u00fczenledi. Cinsel istismarla yarg\u0131lanan gazeteci H\u00fcseyin \u00dczmez davas\u0131ndaki &#8216;ma\u011fdurun fizik\u00ee ve ruh\u00ee zarar g\u00f6rmedi\u011fi&#8217; \u015feklindeki raporuyla tart\u0131\u015fmalara sebep oldu. Bakan \u015eahin, \u00dczmez karar\u0131nda imzas\u0131 bulunan 6. \u0130htisas Kurulu&#8217;nun ba\u015fkan ve 2 \u00fcyesini de\u011fi\u015ftirerek Adli T\u0131p&#8217;a ilk ne\u015fteri vurdu. Son operasyonda g\u00f6revden al\u0131nan Keramettin Kurt, 2003 y\u0131l\u0131ndan bu yana kurumun ba\u015f\u0131ndayd\u0131.<!--more--><\/p>\n<p style=\"text-align: justify;\">Adli T\u0131p, 3. \u0130htisas Dairesi Ba\u015fkan\u0131 Nur Birgen&#8217;in Susurluk Davas\u0131 h\u00fck\u00fcml\u00fcs\u00fc eski \u00d6zel Harekat Dairesi Ba\u015fkan Vekili \u0130brahim \u015eahin&#8217;e verdi\u011fi &#8216;s\u00fcrekli hasta&#8217; raporuyla da tart\u0131\u015f\u0131ld\u0131. \u0130\u015fkence g\u00f6ren gen\u00e7lere &#8216;sa\u011flam&#8217; raporu verdi\u011fi i\u00e7in meslekten men cezas\u0131 alan Birgen, 2003&#8217;teki raporuyla \u0130brahim \u015eahin&#8217;e af yolunu a\u00e7m\u0131\u015ft\u0131. Ayn\u0131 kurulun \u00fcyelerinden Prof. Dr. Erbil G\u00f6z\u00fck\u0131rm\u0131z\u0131&#8217;n\u0131n ise \u0130\u015f\u00e7i Partisi&#8217;nin \u00fcyesi oldu\u011fu ortaya \u00e7\u0131km\u0131\u015ft\u0131. G\u00f6z\u00fck\u0131rm\u0131z\u0131, \u0130P taraf\u0131ndan 22 Temmuz genel se\u00e7imlerinden \u00f6nce &#8216;m\u00fcstakbel gen\u00e7lik ve spor bakan\u0131&#8217; olarak ilan edilmi\u015fti. Adalet Bakan\u0131, H\u00fcseyin \u00dczmez&#8217;in tahliyesine sebep olan raporu veren 6. \u0130htisas Kurulu&#8217;nun ba\u015fkan ve 2 \u00fcyesini de\u011fi\u015ftirerek Adli T\u0131p&#8217;ta ilk operasyonu yapm\u0131\u015ft\u0131. En son Fahri Kas\u0131rga&#8217;n\u0131n genel se\u00e7imler nedeniyle adalet bakan\u0131 oldu\u011fu 2007 y\u0131l\u0131 Haziran ay\u0131nda 4 y\u0131ll\u0131\u011f\u0131na ba\u015fkanl\u0131\u011fa yeniden atanm\u0131\u015ft\u0131. Kurt, ilk olarak Cemil \u00c7i\u00e7ek&#8217;in adalet bakan\u0131 oldu\u011fu 2003 y\u0131l\u0131 Ocak ay\u0131nda ba\u015fkanl\u0131\u011fa getirildi.<\/p>\n<p style=\"text-align: justify;\"><span style=\"color: #888888;\">Kaynak : Zaman Gazetesi<\/span><\/p>\n","protected":false},"excerpt":{"rendered":"<\/p>\n<p style=\"text-align: justify;\">Adli T\u0131p Kurumu Ba\u015fkan\u0131 Keramettin Kurt, Adalet Bakan\u0131 Mehmet Ali \u015eahin taraf\u0131ndan g\u00f6revinden al\u0131nd\u0131. Kurt d\u00f6neminde Adli T\u0131p, \u00e7ok say\u0131da tart\u0131\u015fmal\u0131 karara imza att\u0131. Kurum, &#8216;s\u00fcrekli hasta&#8217; raporuyla Susurluk Davas\u0131 h\u00fck\u00fcml\u00fcs\u00fc eski \u00d6zel Harek\u00e2t Dairesi Ba\u015fkan Vekili \u0130brahim \u015eahin&#8217;e &#8216;af yolu&#8217;nu a\u00e7t\u0131.<\/p>\n<p style=\"text-align: justify;\">\u0130\u015fkence g\u00f6ren gen\u00e7lere &#8216;sa\u011flam&#8217; raporu d\u00fczenledi. Cinsel istismarla <\/p>\n","protected":false},"author":1,"featured_media":0,"comment_status":"open","ping_status":"closed","sticky":false,"template":"","format":"standard","meta":{"footnotes":""},"categories":[105],"tags":[],"class_list":["post-3810","post","type-post","status-publish","format-standard","hentry","category-gundem","odd"],"_links":{"self":[{"href":"http:\/\/www.korhanyilmaz.com\/index.php?rest_route=\/wp\/v2\/posts\/3810","targetHints":{"allow":["GET"]}}],"collection":[{"href":"http:\/\/www.korhanyilmaz.com\/index.php?rest_route=\/wp\/v2\/posts"}],"about":[{"href":"http:\/\/www.korhanyilmaz.com\/index.php?rest_route=\/wp\/v2\/types\/post"}],"author":[{"embeddable":true,"href":"http:\/\/www.korhanyilmaz.com\/index.php?rest_route=\/wp\/v2\/users\/1"}],"replies":[{"embeddable":true,"href":"http:\/\/www.korhanyilmaz.com\/index.php?rest_route=%2Fwp%2Fv2%2Fcomments&post=3810"}],"version-history":[{"count":0,"href":"http:\/\/www.korhanyilmaz.com\/index.php?rest_route=\/wp\/v2\/posts\/3810\/revisions"}],"wp:attachment":[{"href":"http:\/\/www.korhanyilmaz.com\/index.php?rest_route=%2Fwp%2Fv2%2Fmedia&parent=3810"}],"wp:term":[{"taxonomy":"category","embeddable":true,"href":"http:\/\/www.korhanyilmaz.com\/index.php?rest_route=%2Fwp%2Fv2%2Fcategories&post=3810"},{"taxonomy":"post_tag","embeddable":true,"href":"http:\/\/www.korhanyilmaz.com\/index.php?rest_route=%2Fwp%2Fv2%2Ftags&post=3810"}],"curies":[{"name":"wp","href":"https:\/\/api.w.org\/{rel}","templated":true}]}}