{"id":38093,"date":"2011-08-09T08:29:14","date_gmt":"2011-08-09T05:29:14","guid":{"rendered":"http:\/\/www.korhanyilmaz.com\/?p=38093"},"modified":"2011-08-09T11:33:04","modified_gmt":"2011-08-09T08:33:04","slug":"newsweek-erdogan-sarsilmaz-gucuyle-ne-yapacak","status":"publish","type":"post","link":"http:\/\/www.korhanyilmaz.com\/?p=38093","title":{"rendered":"Newsweek: Erdo\u011fan sars\u0131lmaz g\u00fcc\u00fcyle ne yapacak?"},"content":{"rendered":"<p style=\"text-align: center;\"><a href=\"http:\/\/www.korhanyilmaz.com\/wp-content\/uploads\/2011\/08\/5045.jpg\"  class=\"lightview\"><img loading=\"lazy\" decoding=\"async\" class=\"aligncenter size-full wp-image-38094\" src=\"http:\/\/www.korhanyilmaz.com\/wp-content\/uploads\/2011\/08\/5045.jpg\" alt=\"\" width=\"336\" height=\"223\" \/><\/a><\/p>\n<p style=\"text-align: justify;\">ABD&#8217;nin sayg\u0131n haftal\u0131k haber dergisi Newsweek son say\u0131s\u0131nda bir &#8216;Ba\u015fbakan Erdo\u011fan analizi&#8217;ne yer verdi.<\/p>\n<p style=\"text-align: justify;\">\u0130\u015fte derginin etkili isimlerinden Rosemary Righter\u2019in Ba\u015fbakan Erdo\u011fan \u00fczerine analizi:<\/p>\n<p style=\"text-align: justify;\">\u201cSe\u00e7imde b\u00fcy\u00fck zafer kazanan Erdo\u011fan, \u2018demokratik muhafazakarl\u0131k\u2019 olarak tan\u0131mlad\u0131\u011f\u0131 model temelinde, T\u00fcrkiye\u2019yi yeniden \u015fekillendirecek yeni bir anayasa ile kendini daha geni\u015f yetkilerle donat\u0131p, bir ba\u015fkan olarak \u00fclkeyi y\u00f6netme niyetinde oldu\u011funu a\u00e7\u0131kca s\u00f6ylemekten \u00e7ekinmiyor. T\u00fcrkiye\u2019de sadece ordu de\u011fil, akademisyenler, i\u015fadamlar\u0131 ve hatta yarg\u0131\u00e7lar da savunmas\u0131z durumda&#8230;<!--more--><\/p>\n<p style=\"text-align: justify;\">\u00a0Erdo\u011fan\u2019\u0131n iktidar\u0131yla birlikte, ekonominin iyi gitmesiyle hayat standartlar\u0131 y\u00fckseldi. Peki bu g\u00fc\u00e7l\u00fc adam ne istiyor ve \u015fu an i\u00e7in sars\u0131lmaz g\u00f6r\u00fcnen g\u00fcc\u00fc ile ne yapacak? T\u00fcrkiye\u2019yi a\u015fa\u011f\u0131dan yukar\u0131ya de\u011fi\u015ftiren ve \u0130slamc\u0131 kom\u015fular\u0131na y\u00f6nelen Erdo\u011fan\u2019\u0131n arkada\u015flar\u0131, \u015fu an Kaddafi, Esad ve Ahmedinecad\u2019d\u0131. Hamas ve Hizbullah ruh e\u015fleriyken, \u0130srail de d\u00fc\u015fman\u0131. M\u0131s\u0131r \u2019daki \u0130slamc\u0131lar onu \u015fimdiden bir halife olarak g\u00f6r\u00fcyor &#8230; AKP f\u0131rt\u0131nal\u0131 bir b\u00f6lgede bir istikrar kalesi olarak T\u00fcrkiye \u2019nin stratejik \u00f6neminden ve Bat\u0131\u2019n\u0131n 11 Eyl\u00fcl\u2019den sonra \u201c\u0131l\u0131mc\u0131\u201d \u0130slam ile dost olma arzusundan fayda sa\u011fl\u0131yor.\u201d<\/p>\n<p style=\"text-align: justify;\">Reuters: Ba\u015fbakan Erdo\u011fan T\u00fcrkiye\u2019deki en g\u00fc\u00e7l\u00fc adam Reuters haber ajans\u0131, Ba\u015fbakan Recep Tayyip Erdo\u011fan hakk\u0131nda \u201c T\u00fcrkiye\u2019deki en g\u00fc\u00e7l\u00fc adam\u201d ba\u015fl\u0131\u011f\u0131yla bir de\u011ferlendirme yaz\u0131s\u0131 yay\u0131mlad\u0131.<\/p>\n<p style=\"text-align: justify;\">\u00a0Erdo\u011fan\u2019\u0131n T\u00fcrk se\u00e7meniyle dile getirilmemi\u015f bir anla\u015fma yapt\u0131\u011f\u0131 belirtilen yaz\u0131da, bu anla\u015fman\u0131n, ba\u015fbakan\u0131n h\u0131zl\u0131 ekonomik b\u00fcy\u00fcme, istihdam ve para ak\u0131\u015f\u0131 sa\u011flamas\u0131, se\u00e7menlerin de kendisinin demokrasiyi \u015fekillendirmesine olanak tan\u0131mas\u0131 oldu\u011fu belirtildi. \u015eimdiye kadar bu z\u0131mni s\u00f6zle\u015fmenin iyi i\u015fledi\u011fi belirtilen yaz\u0131da, ki\u015fi ba\u015f\u0131na d\u00fc\u015fen milli gelirin neredeyse \u00fc\u00e7 kat artt\u0131\u011f\u0131na i\u015faret edilerek anayasa referandumu ve AK Partinin orduyla ilgili politikalara dikkat \u00e7ekildi.<\/p>\n<p style=\"text-align: justify;\">T\u00fcrklerin orduya sayg\u0131 duydu\u011fu ancak halk\u0131n \u00e7o\u011funun askerlerin siyasetten uzak durmas\u0131n\u0131 istedi\u011fi belirtilen yaz\u0131da, Erdo\u011fan\u2019\u0131n bunu yapmay\u0131 ba\u015fard\u0131\u011f\u0131 kaydedildi. Erdo\u011fan\u2019\u0131n Kas\u0131mpa\u015fal\u0131l\u0131\u011f\u0131ndan ve ki\u015fisel \u00f6zelliklerinden de bahsedilen yaz\u0131da, Davos\u2019ta \u0130srail Cumhurba\u015fkan\u0131 \u015eimon Peres\u2019e sarfetti\u011fi s\u00f6zlerin, Erdo\u011fan\u2019\u0131n \u0130slam d\u00fcnyas\u0131ndaki \u015f\u00f6hretini peki\u015ftirdi\u011fi hat\u0131rlat\u0131ld\u0131. Yaz\u0131da, Erdo\u011fan\u2019\u0131n, ba\u015far\u0131n\u0131n anahtar\u0131n\u0131n ekonomik b\u00fcy\u00fcmede oldu\u011funu anlad\u0131\u011f\u0131 da belirtildi.<\/p>\n<p style=\"text-align: justify;\"><a href=\"http:\/\/www.radikal.com.tr\/Radikal.aspx?aType=RadikalDetayV3&amp;ArticleID=1059355&amp;Date=09.08.2011&amp;CategoryID=81\" target=\"_blank\">Kaynak : Radikal.com.tr<\/a><\/p>\n","protected":false},"excerpt":{"rendered":"<p style=\"text-align: center;\">\n<p style=\"text-align: justify;\">ABD&#8217;nin sayg\u0131n haftal\u0131k haber dergisi Newsweek son say\u0131s\u0131nda bir &#8216;Ba\u015fbakan Erdo\u011fan analizi&#8217;ne yer verdi.<\/p>\n<p style=\"text-align: justify;\">\u0130\u015fte derginin etkili isimlerinden Rosemary Righter\u2019in Ba\u015fbakan Erdo\u011fan \u00fczerine analizi:<\/p>\n<p style=\"text-align: justify;\">\u201cSe\u00e7imde b\u00fcy\u00fck zafer kazanan Erdo\u011fan, \u2018demokratik muhafazakarl\u0131k\u2019 olarak tan\u0131mlad\u0131\u011f\u0131 model temelinde, T\u00fcrkiye\u2019yi yeniden \u015fekillendirecek yeni bir anayasa ile kendini daha geni\u015f yetkilerle <\/p>\n","protected":false},"author":1,"featured_media":0,"comment_status":"open","ping_status":"open","sticky":false,"template":"","format":"standard","meta":{"footnotes":""},"categories":[105],"tags":[],"class_list":["post-38093","post","type-post","status-publish","format-standard","hentry","category-gundem","odd"],"_links":{"self":[{"href":"http:\/\/www.korhanyilmaz.com\/index.php?rest_route=\/wp\/v2\/posts\/38093","targetHints":{"allow":["GET"]}}],"collection":[{"href":"http:\/\/www.korhanyilmaz.com\/index.php?rest_route=\/wp\/v2\/posts"}],"about":[{"href":"http:\/\/www.korhanyilmaz.com\/index.php?rest_route=\/wp\/v2\/types\/post"}],"author":[{"embeddable":true,"href":"http:\/\/www.korhanyilmaz.com\/index.php?rest_route=\/wp\/v2\/users\/1"}],"replies":[{"embeddable":true,"href":"http:\/\/www.korhanyilmaz.com\/index.php?rest_route=%2Fwp%2Fv2%2Fcomments&post=38093"}],"version-history":[{"count":0,"href":"http:\/\/www.korhanyilmaz.com\/index.php?rest_route=\/wp\/v2\/posts\/38093\/revisions"}],"wp:attachment":[{"href":"http:\/\/www.korhanyilmaz.com\/index.php?rest_route=%2Fwp%2Fv2%2Fmedia&parent=38093"}],"wp:term":[{"taxonomy":"category","embeddable":true,"href":"http:\/\/www.korhanyilmaz.com\/index.php?rest_route=%2Fwp%2Fv2%2Fcategories&post=38093"},{"taxonomy":"post_tag","embeddable":true,"href":"http:\/\/www.korhanyilmaz.com\/index.php?rest_route=%2Fwp%2Fv2%2Ftags&post=38093"}],"curies":[{"name":"wp","href":"https:\/\/api.w.org\/{rel}","templated":true}]}}