{"id":38071,"date":"2011-08-08T19:30:32","date_gmt":"2011-08-08T16:30:32","guid":{"rendered":"http:\/\/www.korhanyilmaz.com\/?p=38071"},"modified":"2011-08-09T01:06:57","modified_gmt":"2011-08-08T22:06:57","slug":"milletvekili-balbay-hakim-karsisinda-vekil-sanik","status":"publish","type":"post","link":"http:\/\/www.korhanyilmaz.com\/?p=38071","title":{"rendered":"Milletvekili Balbay hakim kar\u015f\u0131s\u0131nda ( Vekil San\u0131k )"},"content":{"rendered":"<p style=\"text-align: justify;\"><a href=\"http:\/\/www.korhanyilmaz.com\/wp-content\/uploads\/2011\/08\/50401.jpg\"  class=\"lightview\"><img loading=\"lazy\" decoding=\"async\" class=\"aligncenter size-full wp-image-38083\" title=\"\" src=\"http:\/\/www.korhanyilmaz.com\/wp-content\/uploads\/2011\/08\/50401.jpg\" alt=\"\" width=\"350\" height=\"242\" \/><\/a><\/p>\n<p style=\"text-align: justify;\">\u0130kinci Ergenekon davas\u0131n\u0131n tutuklu san\u0131\u011f\u0131 Mustafa Balbay, bug\u00fcn ilk kez milletvekili s\u0131fat\u0131yla hakim kar\u015f\u0131s\u0131na \u00e7\u0131kt\u0131. Kendisine s\u00f6z verilmeyen Balbay yaz\u0131l\u0131 a\u00e7\u0131klamas\u0131n\u0131 bas\u0131na da\u011f\u0131tt\u0131.<\/p>\n<p style=\"text-align: justify;\">\u0130STANBUL &#8211; \u0130kinci Ergenekon davas\u0131na iki ayl\u0131k aradan sonra devam edildi.<\/p>\n<p style=\"text-align: justify;\">Davan\u0131n tutulu san\u0131klar\u0131ndan Mustafa Balbay, ilk kez milletvekili s\u0131fat\u0131yla hakim kar\u015f\u0131s\u0131na \u00e7\u0131kt\u0131. <!--more--><\/p>\n<p style=\"text-align: justify;\"><a href=\"http:\/\/www.korhanyilmaz.com\/wp-content\/uploads\/2011\/08\/5039.jpg\"  class=\"lightview\"><img loading=\"lazy\" decoding=\"async\" class=\"alignleft size-full wp-image-38073\" style=\"margin-left: 15px; margin-right: 15px;\" src=\"http:\/\/www.korhanyilmaz.com\/wp-content\/uploads\/2011\/08\/5039.jpg\" alt=\"\" width=\"298\" height=\"199\" \/><\/a>45 CHP milletvekilinin destek i\u00e7in Silivri\u2019de oldu\u011fu bug\u00fcn ayn\u0131 zamanda do\u011fum g\u00fcn\u00fc olan Mustafa Balbay, mahkemede s\u00f6z istedi ancak hakim &#8216;talep alm\u0131yorum&#8217; deyince avukatlar\u0131 arac\u0131l\u0131\u011f\u0131yla bas\u0131na bir a\u00e7\u0131klama da\u011f\u0131tt\u0131.<\/p>\n<p style=\"text-align: justify;\">S\u00f6z konusu yaz\u0131da Balbay, ikinci Ergenekon davas\u0131n\u0131n 2 y\u0131ll\u0131k ge\u00e7mi\u015fini anlatarak, \u015funlar\u0131 ifade etti:<\/p>\n<p style=\"text-align: justify;\">&#8221;1 milyon sayfay\u0131 \u00e7oktan ge\u00e7ti\u011fini tatmin etti\u011fim &#8216;delil klas\u00f6rlerinde&#8217; Susurluk soru\u015fturmas\u0131ndan, Ecevit&#8217;in sa\u011fl\u0131k raporlar\u0131na, AKP&#8217;yi kapatma davas\u0131 dosyas\u0131ndan Kamu G\u00fcvenli\u011fi M\u00fcste\u015far\u0131&#8217;ndan kurulu\u015f \u00e7al\u0131\u015fmalar\u0131na kadar pek \u00e7ok \u015fey var. Bunlar\u0131n b\u00fcy\u00fck b\u00f6l\u00fcm\u00fc delil de\u011fil, dosyad\u0131r. Yani bu davaya deliller de\u011fil, dosyalar eklenmektedir.<\/p>\n<p style=\"text-align: justify;\">&#8216;Ergenekon&#8217; davalar\u0131nda san\u0131klardan birinin verdi\u011fi farkl\u0131 bir ifade davan\u0131n seyrini etkileyebilmekte, hatta de\u011fi\u015ftirmektedir. Bunu nedeni davan\u0131n kapsam\u0131 b\u00fcy\u00fck ama ger\u00e7ek anlamda i\u00e7erikten yoksun olmas\u0131d\u0131r. Hukuksal zeminin olmamas\u0131d\u0131r.<\/p>\n<p style=\"text-align: justify;\">\u0130ddianamelerde san\u0131klara y\u00f6nelik su\u00e7lamalar\u0131n ba\u015f\u0131nda &#8216;kaos ortam\u0131 yaratmak&#8217; geliyor. Oysa son aylarda yarg\u0131 kararlar\u0131n\u0131n kaos ortam\u0131 yaratt\u0131\u011f\u0131n\u0131 g\u00f6r\u00fcyoruz. Yarg\u0131 kararlar\u0131 hukukun varl\u0131\u011f\u0131n\u0131 hissettirmek, d\u00fczeni sa\u011flamak i\u00e7in vard\u0131r. \u00dc\u00e7\u00fcnc\u00fc yarg\u0131lama y\u0131l\u0131na girerken bu y\u00f6nde bir muhasebe yapman\u0131z\u0131 dilerim.<\/p>\n<p style=\"text-align: justify;\">Ge\u00e7mi\u015fte birka\u00e7 kez Anayasa&#8217;n\u0131n 9. maddesine g\u00f6nderme yaparak yarg\u0131 kararlar\u0131n\u0131n T\u00fcrk halk\u0131 ad\u0131na verildi\u011fini, bir bak\u0131ma milli iradeyi temsil etti\u011fini yazd\u0131m. Bug\u00fcn CHP \u0130zmir Milletvekili olarak yine ayn\u0131 d\u00fc\u015f\u00fcncedeyim. Yarg\u0131n\u0131n bu dava ba\u011flam\u0131nda heyetinizin b\u00f6yle bir sorumluluk ve halk iradesine ba\u011fl\u0131l\u0131k duygusuyla karar vermesini dilerim.&#8221;<\/p>\n<p style=\"text-align: justify;\">Bu arada duru\u015fmaya verilen arada baz\u0131 CHP&#8217;li milletvekilleri tutuklu san\u0131k Mustafa Balbay ile k\u0131sa s\u00fcre g\u00f6r\u00fc\u015ft\u00fc.<\/p>\n<p style=\"text-align: justify;\"><a href=\"http:\/\/www.ntvmsnbc.com\/id\/25239712\/\" target=\"_blank\">Kaynak : NTVMSNBC<\/a><\/p>\n","protected":false},"excerpt":{"rendered":"<p style=\"text-align: justify;\">\n<p style=\"text-align: justify;\">\u0130kinci Ergenekon davas\u0131n\u0131n tutuklu san\u0131\u011f\u0131 Mustafa Balbay, bug\u00fcn ilk kez milletvekili s\u0131fat\u0131yla hakim kar\u015f\u0131s\u0131na \u00e7\u0131kt\u0131. Kendisine s\u00f6z verilmeyen Balbay yaz\u0131l\u0131 a\u00e7\u0131klamas\u0131n\u0131 bas\u0131na da\u011f\u0131tt\u0131.<\/p>\n<p style=\"text-align: justify;\">\u0130STANBUL &#8211; \u0130kinci Ergenekon davas\u0131na iki ayl\u0131k aradan sonra devam edildi.<\/p>\n<p style=\"text-align: justify;\">Davan\u0131n tutulu san\u0131klar\u0131ndan Mustafa Balbay, ilk kez milletvekili s\u0131fat\u0131yla hakim kar\u015f\u0131s\u0131na \u00e7\u0131kt\u0131. <\/p>\n","protected":false},"author":1,"featured_media":0,"comment_status":"open","ping_status":"open","sticky":false,"template":"","format":"standard","meta":{"footnotes":""},"categories":[105],"tags":[],"class_list":["post-38071","post","type-post","status-publish","format-standard","hentry","category-gundem","odd"],"_links":{"self":[{"href":"http:\/\/www.korhanyilmaz.com\/index.php?rest_route=\/wp\/v2\/posts\/38071","targetHints":{"allow":["GET"]}}],"collection":[{"href":"http:\/\/www.korhanyilmaz.com\/index.php?rest_route=\/wp\/v2\/posts"}],"about":[{"href":"http:\/\/www.korhanyilmaz.com\/index.php?rest_route=\/wp\/v2\/types\/post"}],"author":[{"embeddable":true,"href":"http:\/\/www.korhanyilmaz.com\/index.php?rest_route=\/wp\/v2\/users\/1"}],"replies":[{"embeddable":true,"href":"http:\/\/www.korhanyilmaz.com\/index.php?rest_route=%2Fwp%2Fv2%2Fcomments&post=38071"}],"version-history":[{"count":0,"href":"http:\/\/www.korhanyilmaz.com\/index.php?rest_route=\/wp\/v2\/posts\/38071\/revisions"}],"wp:attachment":[{"href":"http:\/\/www.korhanyilmaz.com\/index.php?rest_route=%2Fwp%2Fv2%2Fmedia&parent=38071"}],"wp:term":[{"taxonomy":"category","embeddable":true,"href":"http:\/\/www.korhanyilmaz.com\/index.php?rest_route=%2Fwp%2Fv2%2Fcategories&post=38071"},{"taxonomy":"post_tag","embeddable":true,"href":"http:\/\/www.korhanyilmaz.com\/index.php?rest_route=%2Fwp%2Fv2%2Ftags&post=38071"}],"curies":[{"name":"wp","href":"https:\/\/api.w.org\/{rel}","templated":true}]}}