{"id":38050,"date":"2011-08-08T14:54:45","date_gmt":"2011-08-08T11:54:45","guid":{"rendered":"http:\/\/www.korhanyilmaz.com\/?p=38050"},"modified":"2011-08-09T00:21:26","modified_gmt":"2011-08-08T21:21:26","slug":"38050","status":"publish","type":"post","link":"http:\/\/www.korhanyilmaz.com\/?p=38050","title":{"rendered":"Kemal K\u0131l\u0131\u00e7daro\u011flu : &#8220;Erdo\u011fan Ta\u015ferondur! Halk ihaneti Unutmaz!&#8221;"},"content":{"rendered":"<p style=\"text-align: justify;\"><a href=\"http:\/\/www.korhanyilmaz.com\/wp-content\/uploads\/2011\/08\/50351.jpg\"  class=\"lightview\"><img loading=\"lazy\" decoding=\"async\" class=\"aligncenter size-full wp-image-38052\" src=\"http:\/\/www.korhanyilmaz.com\/wp-content\/uploads\/2011\/08\/50351.jpg\" alt=\"\" width=\"369\" height=\"223\" \/><\/a><\/p>\n<p style=\"text-align: justify;\">CHP lideri Kemal K\u0131l\u0131\u00e7daro\u011flu, Suriye konusunda sald\u0131rgan bir tav\u0131ra giren Ba\u015fbakan Erdo\u011fan&#8217;\u0131 sert s\u00f6zlerle uyard\u0131. H\u00fcrriyet gazetesinden Okan Konuralp&#8217;e konu\u015fan K\u0131l\u0131\u00e7daro\u011flu \u015funlar\u0131 s\u00f6yledi:<\/p>\n<p style=\"text-align: justify;\"><strong>HALK \u0130HANET\u0130 UNUTMAZ<\/strong><\/p>\n<p style=\"text-align: justify;\">T\u00fcrkiye\u2019yi Suriye\u2019ye y\u00f6nelik aktif m\u00fcdahalede rol oynamaya zorlayacaklard\u0131r. E\u011fer bir Ba\u015fbakan \u00e7\u0131k\u0131p da \u2018Sabr\u0131n sonuna geldik\u2019 diye bir s\u00f6z s\u00f6yl\u00fcyorsa, bunun arkas\u0131 askeri m\u00fcdahaledir. Bu vurguyu yap\u0131yor Ba\u015fbakan. Askeri m\u00fcdahaleyi hangi gerek\u00e7eyle yapacaks\u0131n.<!--more--><\/p>\n<p style=\"text-align: justify;\">Bat\u0131l\u0131 egemen g\u00fc\u00e7ler i\u00e7in mi yapacaks\u0131n? D\u0131\u015f politika \u00fclkelerin \u00e7\u0131karlar\u0131 \u00fczerine kurulur. Bat\u0131l\u0131 egemen g\u00fc\u00e7ler bug\u00fcn kavga ederler, yar\u0131n gider tokala\u015f\u0131rlar. Onlar Suriye\u2019ye kom\u015fu de\u011filler, bizim ise kom\u015fulu\u011fumuz var. Suriye halk\u0131 ihaneti unutmaz. T\u00fcrkiye askeri m\u00fcdahalede rol \u00fcstlenmemeli. Birle\u015fmi\u015f Milletler\u2019de Cezayir\u2019in ba\u011f\u0131ms\u0131zl\u0131\u011f\u0131n\u0131 tan\u0131mad\u0131k, Bat\u0131l\u0131 egemen g\u00fc\u00e7lerin lehine oy kulland\u0131k. Cezayir bunu unutmad\u0131, bu \u00fclkenin Ba\u015fbakan\u0131 (Turgut \u00d6zal) gitti Cezayir\u2019den \u00f6z\u00fcr diledi.<\/p>\n<p style=\"text-align: justify;\"><strong>TAR\u0130HTEN DERS ALMAMIZ LAZIM<\/strong><\/p>\n<p style=\"text-align: justify;\">Tarihten ders almam\u0131z laz\u0131m. Hatalar\u0131 tekrarlamamas\u0131 laz\u0131m. Suriye\u2019ye demokrasiyi, \u00f6zg\u00fcrl\u00fckleri g\u00f6t\u00fcrelim, daha \u00e7a\u011fda\u015f bir \u00fclke olmas\u0131na katk\u0131 verelim, her t\u00fcrl\u00fc deste\u011fi sa\u011flayal\u0131m. Ama Bat\u0131l\u0131 egemen g\u00fc\u00e7lerin oyunca\u011f\u0131, ma\u015fas\u0131 olmayal\u0131m. Olas\u0131 bir askeri m\u00fcdahalede rol \u00fcstlenmeyelim. Suriye\u2019ye olas\u0131 bir m\u00fcdahale olursa, bu Bat\u0131l\u0131 egemen g\u00fc\u00e7leri iste\u011fi \u00fczerine olacak. Bunu herkes biliyor zaten. Tunus\u2019ta ba\u015flad\u0131 nereye kadar gidece\u011fini herkes biliyordu. Ancak Suriye Ortado\u011fu\u2019da \u00e7ok \u00f6nemli bir \u00fclkedir. Bir Irak\u2019a benzemez.<\/p>\n<p style=\"text-align: justify;\"><strong>BA\u015eBAKAN BATI&#8217;NIN TA\u015eERONUDUR!<\/strong><\/p>\n<p style=\"text-align: justify;\">Ba\u015fbakan Bat\u0131l\u0131 egemen g\u00fc\u00e7lerin Ortado\u011fu\u2019daki ta\u015feronudur. Bu egemen g\u00fc\u00e7lerin her istedi\u011fini yapan konumdad\u0131r. Arada bir diklendi, dersini ald\u0131 vazge\u00e7ti. \u2018Libya\u2019da NATO\u2019nun ne i\u015fi var\u2019 dedi. Sonra gitti t\u0131p\u0131\u015f t\u0131p\u0131\u015f imzay\u0131 att\u0131, NATO\u2019nun Libya\u2019ya m\u00fcdahalesine kap\u0131 aralad\u0131. Bug\u00fcn kutsal Ramazan\u2019day\u0131z. Sivillerin \u00f6ld\u00fc\u011f\u00fcn\u00fc, Akdeniz\u2019de binlerce M\u00fcsl\u00fcman\u2019\u0131n \u00f6ld\u00fc\u011f\u00fcn\u00fc biliyoruz. Bunlar\u0131n birinci sorumlusu Recep Tayyip Erdo\u011fan\u2019d\u0131r. Onay vermeseydi ya! T\u00fcrkiye Libya\u2019n\u0131n b\u00f6l\u00fcnmesine nas\u0131l imza atar.<\/p>\n<p style=\"text-align: justify;\"><strong>YARGIDA AKP YALAKALI\u011eI YAPAN Y\u00dcKSEL\u0130YOR<\/strong><\/p>\n<p style=\"text-align: justify;\">Soru\u015fturman\u0131n gizlili\u011fi ilkesine uyarak en sa\u011fl\u0131kl\u0131 soru\u015fturmay\u0131 yapanlar Deniz Feneri savc\u0131lar\u0131d\u0131r. Kim ne derse desin. Gazetelerden uzak kald\u0131lar, sab\u0131rla i\u011fne ile kuyu kazar gibi \u00e7al\u0131\u015ft\u0131lar. B\u00fct\u00fcn engellemelere ra\u011fmen Almanya\u2019ya da gittiler. Sonunda d\u00fc\u011fmeye bast\u0131lar. Silivri ya da Balyoz soru\u015fturmalar\u0131yla Deniz Feneri soru\u015fturmas\u0131n\u0131 kar\u015f\u0131la\u015ft\u0131rd\u0131\u011f\u0131n\u0131zda aradaki fark\u0131 \u00e7ok net olarak g\u00f6r\u00fcrs\u00fcn\u00fcz. Savc\u0131lar\u0131n \u00f6zeni, medyaya servis yap\u0131lmamas\u0131, insanlar\u0131n ba\u015ftan su\u00e7lu ilan edilmemesi, baz\u0131 bilgi, belgelerin saklanmas\u0131 a\u00e7\u0131s\u0131ndan&#8230; D\u00fc\u015f\u00fcn\u00fcn, gelen bilgiler tutuklular\u0131n lehine oldu\u011fu i\u00e7in adli emanete al\u0131n\u0131yor. Bunlar\u0131 soru\u015fturmuyorsunuz. As\u0131l soru\u015fturulmas\u0131 gereken bu de\u011fil mi? Soru\u015fturulmuyor ama ne yap\u0131l\u0131yor? San\u0131k lehine olan delilleri gizleyenler HSYK\u2019ya ya da Yarg\u0131tay\u2019a \u00fcye olarak terfi ettiriliyor. O zaman sormak gerekmiyor mu? Siz bu terfiyi hangi ahlaki kurallara g\u00f6re yapt\u0131n\u0131z? Tek \u00f6l\u00e7\u00fc var AKP yalakal\u0131\u011f\u0131. AKP yalakal\u0131\u011f\u0131 yapanlar, AKP\u2019nin g\u00f6zl\u00fc\u011f\u00fcyle olaylar\u0131 sorgulayanlar terfi ediyorlar, belli yerlere geliyorlar. Deniz Feneri\u2019nde kararl\u0131 bir soru\u015fturma yap\u0131ld\u0131, sonuca ula\u015f\u0131ld\u0131. \u015eimdi, \u2018Biz bu savc\u0131lardan dosyay\u0131 nas\u0131l al\u0131r\u0131z. Kendi istedi\u011fimiz savc\u0131lara nas\u0131l veririz\u2019 aray\u0131\u015f\u0131 i\u00e7indeler.<\/p>\n<p style=\"text-align: justify;\"><strong>ASKERLE \u00d6ZEL \u0130L\u0130\u015eK\u0130 YOK<\/strong><\/p>\n<p style=\"text-align: justify;\">Genelkurmay\u2019la \u00f6zel bir ili\u015fki i\u00e7ine girmenin gere\u011fine inanm\u0131yoruz. Yeni komuta kademesiyle ili\u015fkilerimiz, herhangi bir kamu kurulu\u015funun y\u00f6neticileriyle ili\u015fkilerimiz nas\u0131lsa, \u00f6yle olacak. \u00d6zel bir ili\u015fki araman\u0131n gere\u011fi yok. Ancak h\u00fck\u00fcmet de \u00f6zellikle ter\u00f6r konusunda mecliste gurubu bulunan t\u00fcm partilere bilgi vermek zorundad\u0131r.<\/p>\n<p style=\"text-align: justify;\"><strong>CUMHUR\u0130YET GAZETES\u0130NE BOMBA ATTIRAN POL\u0130SLER SORU\u015eTURULACAK MI<\/strong><\/p>\n<p style=\"text-align: justify;\">Ge\u00e7ti\u011fimiz hafta Cumhuriyet Gazetesi\u2019ne bomba at\u0131lmas\u0131yla ilgili olarak, mahkeme \u00f6n\u00fcnde ciddi bir itirafta bulunuldu. \u0130lgili ki\u015fi, bombay\u0131 kendisine veren emniyet g\u00f6revlilerinin isimlerini verdi. Bakal\u0131m \u0130\u00e7i\u015fleri Bakan\u0131 gereken duyarl\u0131l\u0131\u011f\u0131 g\u00f6sterecek mi? Soru\u015fturma a\u00e7acak m\u0131? Bunlar kapal\u0131 kap\u0131lar arkas\u0131nda veriler ifadeler de\u011fil, mahkeme \u00f6n\u00fcnde verilen ifadeler. \u0130\u00e7i\u015fleri Bakan\u0131\u2019n\u0131n ataca\u011f\u0131 ad\u0131mlar\u0131 merakla bekliyorum, hi\u00e7 ses \u00e7\u0131km\u0131yor ger\u00e7i.<\/p>\n<p style=\"text-align: justify;\"><a href=\"Kaynak : Odatv.com\" target=\"_blank\">Kaynak : Odatv.com<\/a><\/p>\n","protected":false},"excerpt":{"rendered":"<p style=\"text-align: justify;\">\n<p style=\"text-align: justify;\">CHP lideri Kemal K\u0131l\u0131\u00e7daro\u011flu, Suriye konusunda sald\u0131rgan bir tav\u0131ra giren Ba\u015fbakan Erdo\u011fan&#8217;\u0131 sert s\u00f6zlerle uyard\u0131. H\u00fcrriyet gazetesinden Okan Konuralp&#8217;e konu\u015fan K\u0131l\u0131\u00e7daro\u011flu \u015funlar\u0131 s\u00f6yledi:<\/p>\n<p style=\"text-align: justify;\">HALK \u0130HANET\u0130 UNUTMAZ<\/p>\n<p style=\"text-align: justify;\">T\u00fcrkiye\u2019yi Suriye\u2019ye y\u00f6nelik aktif m\u00fcdahalede rol oynamaya zorlayacaklard\u0131r. E\u011fer bir Ba\u015fbakan \u00e7\u0131k\u0131p da \u2018Sabr\u0131n sonuna geldik\u2019 diye bir s\u00f6z s\u00f6yl\u00fcyorsa, <\/p>\n","protected":false},"author":1,"featured_media":0,"comment_status":"open","ping_status":"open","sticky":false,"template":"","format":"standard","meta":{"footnotes":""},"categories":[105],"tags":[],"class_list":["post-38050","post","type-post","status-publish","format-standard","hentry","category-gundem","odd"],"_links":{"self":[{"href":"http:\/\/www.korhanyilmaz.com\/index.php?rest_route=\/wp\/v2\/posts\/38050","targetHints":{"allow":["GET"]}}],"collection":[{"href":"http:\/\/www.korhanyilmaz.com\/index.php?rest_route=\/wp\/v2\/posts"}],"about":[{"href":"http:\/\/www.korhanyilmaz.com\/index.php?rest_route=\/wp\/v2\/types\/post"}],"author":[{"embeddable":true,"href":"http:\/\/www.korhanyilmaz.com\/index.php?rest_route=\/wp\/v2\/users\/1"}],"replies":[{"embeddable":true,"href":"http:\/\/www.korhanyilmaz.com\/index.php?rest_route=%2Fwp%2Fv2%2Fcomments&post=38050"}],"version-history":[{"count":0,"href":"http:\/\/www.korhanyilmaz.com\/index.php?rest_route=\/wp\/v2\/posts\/38050\/revisions"}],"wp:attachment":[{"href":"http:\/\/www.korhanyilmaz.com\/index.php?rest_route=%2Fwp%2Fv2%2Fmedia&parent=38050"}],"wp:term":[{"taxonomy":"category","embeddable":true,"href":"http:\/\/www.korhanyilmaz.com\/index.php?rest_route=%2Fwp%2Fv2%2Fcategories&post=38050"},{"taxonomy":"post_tag","embeddable":true,"href":"http:\/\/www.korhanyilmaz.com\/index.php?rest_route=%2Fwp%2Fv2%2Ftags&post=38050"}],"curies":[{"name":"wp","href":"https:\/\/api.w.org\/{rel}","templated":true}]}}