{"id":3805,"date":"2009-02-27T11:30:46","date_gmt":"2009-02-27T09:30:46","guid":{"rendered":"http:\/\/www.korhanyilmaz.com\/?p=3805"},"modified":"2009-02-27T11:30:46","modified_gmt":"2009-02-27T09:30:46","slug":"baykal-erdogan%e2%80%99a-ofkeli-sen-ne-bicim-siyasetcisin","status":"publish","type":"post","link":"http:\/\/www.korhanyilmaz.com\/?p=3805","title":{"rendered":"Baykal, Erdo\u011fan\u2019a \u00f6fkeli: Sen ne bi\u00e7im siyaset\u00e7isin?"},"content":{"rendered":"<p style=\"text-align: center;\"><img loading=\"lazy\" decoding=\"async\" class=\"aligncenter size-full wp-image-3806\" title=\"Baykal, Erdo\u011fan\u2019a \u00f6fkeli: Sen ne bi\u00e7im siyaset\u00e7isin?\" src=\"http:\/\/www.korhanyilmaz.com\/wp-content\/uploads\/2009\/02\/fft28_mf127621.jpeg\" alt=\"Baykal, Erdo\u011fan\u2019a \u00f6fkeli: Sen ne bi\u00e7im siyaset\u00e7isin?\" width=\"367\" height=\"245\" \/><\/p>\n<p style=\"text-align: justify;\"><span style=\"color: #888888;\">Murat YETK\u0130N \/ Radikal Gazetesi<\/span><\/p>\n<p style=\"text-align: justify;\">CHP lideri Deniz Baykal, &#8220;Biz oyumuzu art\u0131r\u0131r\u0131z&#8221; diyor. 29 Mart yerel se\u00e7imlerine neredeyse bir ay kala Ba\u015fbakan Tayyip Erdo\u011fan&#8217;\u0131n y\u00fczde 47&#8217;nin \u00fczerine \u00e7\u0131kma iddias\u0131na CHP liderinin yan\u0131t\u0131 y\u00fczde 47 tart\u0131\u015fmas\u0131na girmek olmuyor. Onun yerine CHP&#8217;nin oyunu art\u0131raca\u011f\u0131, AK Parti&#8217;nin de &#8220;B\u00fcy\u00fck \u015fehirlerde oy kaybedece\u011fini&#8221; s\u00f6yl\u00fcyor.<br \/>\n&#8220;Ka\u00e7 oy al\u0131rlar bilemem, ama eski desteklerinin bir k\u0131sm\u0131n\u0131 kaybediyorlar&#8221; diye devam ediyor Baykal; &#8220;Onun yerine yeni destek koyabilirler mi? Merkez sa\u011f kayboldu. \u0130nsanlar\u0131n bir k\u0131sm\u0131 \u00e7aresizlikten, bir k\u0131sm\u0131 \u00e7\u0131kar ve ba\u015fka ili\u015fkiler nedeniyle oraya oy verir mi? MHP ne yapar? Saadet ne yapar? Bunlar\u0131 \u015fu anda kestiremiyorum. Yerel se\u00e7imlerin kendine \u00f6zel ko\u015fullar\u0131 i\u015fliyor ne de olsa.&#8221;<br \/>\nPeki CHP nas\u0131l gidiyor? Meydanlar\u0131 nas\u0131l g\u00f6r\u00fcyor CHP lideri?<!--more--><\/p>\n<p><strong>&#8216;Tehdide tenezz\u00fcl ettiler&#8217;<\/strong>\n<\/p>\n<p style=\"text-align: justify;\">Baykal, &#8220;Biz muhalefet partisi olarak kendimizi halka anlatmada bir s\u0131k\u0131nt\u0131 ya\u015fam\u0131yoruz&#8221; diyor. &#8220;Se\u00e7imler halk\u0131n ilgisini \u00e7ekiyor. Yerel se\u00e7im olman\u0131n \u00f6tesinde siyasi bir ilgi var. CHP&#8217;ye ilgiden memnunum. Meydanlarda &#8216;T\u00fcrkiye nereye gidiyor?&#8217; sorusu soruluyor. Ekonomik sorunlar, i\u015fsizlik, ekonomik gelecek kayg\u0131s\u0131 bir yanda. Di\u011fer yandan yolsuzluklar, yolsuzluklar\u0131n nitelik de\u011fi\u015ftirmesi, iktidar\u0131n buna duyars\u0131zl\u0131\u011f\u0131 konu\u015fuluyor. \u0130nsanlar iktidardan \u00e7ekinir olmu\u015flar, hafif bir \u00fcrkeklikle izliyorlar.&#8221;<br \/>\nBaykal bu noktadan sonra ele\u015ftiri dozunu giderek art\u0131rmaya ba\u015fl\u0131yor: &#8220;Se\u00e7meni tehdide tenezz\u00fcl etmeye ba\u015flad\u0131lar. \u00d6nce Avrupa Bakan\u0131 (Egemen Ba\u011f\u0131\u015f) ima etti, sonra Adalet Bakan\u0131 (Mehmet Ali \u015eahin) a\u00e7\u0131k\u00e7a s\u00f6yledi; bize oy vermezseniz hizmet alamazs\u0131n\u0131z diye. Bu s\u00f6yledikleri bir s\u0131k\u0131nt\u0131y\u0131 yans\u0131t\u0131yor. 2004 yerel se\u00e7imlerinde bunu s\u00f6ylemiyor, buna tenezz\u00fcl etmiyorlard\u0131. \u015eimdi tenezz\u00fcl ediyorlar. Oy vermeyecek olanlara tehdit silah\u0131n\u0131 \u00e7ekmeye karar vermi\u015fler. Bunu daha \u00f6nce ya\u015fad\u0131k. Turgut \u00d6zal, mesela, 84&#8217;te bu s\u00f6ylemi kullanmam\u0131\u015f, 89&#8217;da kullanm\u0131\u015ft\u0131. \u00d6zal&#8217;\u0131n biti\u015fi \u00f6yle ba\u015flad\u0131.<br \/>\n\u0130ktidar giderek f\u0131rsat\u00e7\u0131, zorba bir \u00e7izgiye yerle\u015fiyor. Se\u00e7meni tehdit eden, medyay\u0131 susturmaya \u00e7al\u0131\u015fan bir \u00e7izgi. Bu Ergenekon meselesi de ciddiyetini kaybetmeye ba\u015flam\u0131\u015f se\u00e7men g\u00f6z\u00fcnde. Manevi bir k\u0131r\u0131lma ya\u015fan\u0131yor. \u0130ktidar inand\u0131r\u0131c\u0131l\u0131\u011f\u0131n\u0131 kaybediyor.<br \/>\nSe\u00e7imlerde \u015fu anda iki ana eksen g\u00f6r\u00fcn\u00fcyor:<br \/>\nCHP ve AKP. MHP buna eklenebilir mi, \u00fc\u00e7 eksene \u00e7\u0131kar m\u0131? Onu hen\u00fcz g\u00f6remiyoruz.<br \/>\nAma bu durum, T\u00fcrkiye&#8217;de sosyal ya\u015fam\u0131n \u00e7o\u011fulculu\u011fu anlam\u0131na geliyor. Maalesef sosyal ya\u015fam daha tekd\u00fcze, daha inanca dayal\u0131 bir k\u00fclt\u00fcr\u00fcn tekd\u00fczeli\u011fine gidiyor.&#8221;<\/p>\n<p><strong>&#8216;Maganda \u00fcslubu&#8217;<\/strong>\n<\/p>\n<p style=\"text-align: justify;\">CHP liderini ger\u00e7ekten \u00f6fkelendiren ise ge\u00e7ti\u011fimiz g\u00fcnlerde Ba\u015fbakan ile girdi\u011fi i\u015fsizli\u011fe \u00e7are polemi\u011fi olmu\u015f. Baykal&#8217;\u0131n s\u00f6zleri \u015f\u00f6yle:<br \/>\n&#8220;B\u00fct\u00fcn d\u00fcnya tedbir paketi ilan etti, biz etmiyoruz. Biz bunu se\u00e7im ortam\u0131na,<br \/>\nmeydanlara ta\u015f\u0131y\u0131nca &#8216;Sen s\u00f6yle de yapay\u0131m&#8217; dedi.<br \/>\nBen klasik politikac\u0131 tavr\u0131na girip &#8216;Bilmiyorsan in a\u015fa\u011f\u0131&#8217; diyebilirdim, &#8216;\u0130ktidara gelince s\u00f6ylerim&#8217; diyebilirdim, mesela &#8216;\u00d6zelle\u015ftirmeseydin&#8217; deyip su\u00e7lama tavr\u0131na girebilirdim. Bunlar\u0131 yapmad\u0131m.<br \/>\nOnun yerine i\u015fsizli\u011fi hepimizin sorunu bilip, bug\u00fcnk\u00fc ko\u015fullarda hemen uygulanabilecek \u015fekilde, i\u015fsizlik sorununa 7 anlaml\u0131 cevap verdim. Katk\u0131 da veririz, Meclis&#8217;e getirirseniz destek de veririz dedim.\u00a0 Bu i\u015ften anlayanlar \u00f6nerilerimi makul ve uygulanabilir buldu.<br \/>\nBizim bu iyi niyetli ve yap\u0131c\u0131 yakla\u015f\u0131m\u0131m\u0131za ne dedi Ba\u015fbakan? &#8216;Kendi i\u015fine bak&#8217; dedi, &#8216;\u0130ktidara gelmek i\u00e7in k\u0131rk f\u0131r\u0131n ekmek yemen laz\u0131m&#8217; dedi. Kar\u015f\u0131l\u0131\u011f\u0131 bu mudur?<br \/>\n\u015eimdi soruyorum: Sen ne bi\u00e7im siyaset\u00e7isin? Bir maganda \u00fcslubudur gidiyor. T\u00fcrkiye de<br \/>\nbunu seyrediyor. Bu sorumsuzluklar kar\u015f\u0131l\u0131ks\u0131z m\u0131 kalacak? Bu maganda \u00fcslubunun bir sonu olacak m\u0131?&#8221;<br \/>\nEmin olmak i\u00e7in bir daha sordum:<br \/>\n&#8220;Say\u0131n Baykal, &#8216;maganda \u00fcslubu&#8217; dediniz, de\u011fil mi?&#8221;<br \/>\nBaykal, s\u00f6yle\u015fiyi s\u00fcrd\u00fcrd\u00fc\u011f\u00fc kesinlikte tamamlad\u0131: &#8220;Evet, \u00f6yle dedim, yazabilirsiniz.&#8221;<br \/>\n\u00d6yle anla\u015f\u0131l\u0131yor ki, Erdo\u011fan ve Baykal \u00f6n\u00fcm\u00fczdeki ay boyunca birbirlerinin laf\u0131n\u0131n<br \/>\nalt\u0131nda kalmayacak. Renkli ve sert bir se\u00e7im kampanyas\u0131, bu hafta sonu MHP lideri<br \/>\nDevlet Bah\u00e7eli&#8217;nin de meydanlara inmesiyle daha yeni ba\u015fl\u0131yor galiba.<\/p>\n<p><span style=\"color: #888888;\">Murat YETK\u0130N \/ Radikal Gazetesi<\/span><\/p>\n","protected":false},"excerpt":{"rendered":"<p style=\"text-align: center;\">\n<p style=\"text-align: justify;\">Murat YETK\u0130N \/ Radikal Gazetesi<\/p>\n<p style=\"text-align: justify;\">CHP lideri Deniz Baykal, &#8220;Biz oyumuzu art\u0131r\u0131r\u0131z&#8221; diyor. 29 Mart yerel se\u00e7imlerine neredeyse bir ay kala Ba\u015fbakan Tayyip Erdo\u011fan&#8217;\u0131n y\u00fczde 47&#8217;nin \u00fczerine \u00e7\u0131kma iddias\u0131na CHP liderinin yan\u0131t\u0131 y\u00fczde 47 tart\u0131\u015fmas\u0131na girmek olmuyor. Onun yerine CHP&#8217;nin oyunu art\u0131raca\u011f\u0131, AK Parti&#8217;nin de &#8220;B\u00fcy\u00fck \u015fehirlerde oy <\/p>\n","protected":false},"author":1,"featured_media":0,"comment_status":"open","ping_status":"closed","sticky":false,"template":"","format":"standard","meta":{"footnotes":""},"categories":[105],"tags":[],"class_list":["post-3805","post","type-post","status-publish","format-standard","hentry","category-gundem","odd"],"_links":{"self":[{"href":"http:\/\/www.korhanyilmaz.com\/index.php?rest_route=\/wp\/v2\/posts\/3805","targetHints":{"allow":["GET"]}}],"collection":[{"href":"http:\/\/www.korhanyilmaz.com\/index.php?rest_route=\/wp\/v2\/posts"}],"about":[{"href":"http:\/\/www.korhanyilmaz.com\/index.php?rest_route=\/wp\/v2\/types\/post"}],"author":[{"embeddable":true,"href":"http:\/\/www.korhanyilmaz.com\/index.php?rest_route=\/wp\/v2\/users\/1"}],"replies":[{"embeddable":true,"href":"http:\/\/www.korhanyilmaz.com\/index.php?rest_route=%2Fwp%2Fv2%2Fcomments&post=3805"}],"version-history":[{"count":0,"href":"http:\/\/www.korhanyilmaz.com\/index.php?rest_route=\/wp\/v2\/posts\/3805\/revisions"}],"wp:attachment":[{"href":"http:\/\/www.korhanyilmaz.com\/index.php?rest_route=%2Fwp%2Fv2%2Fmedia&parent=3805"}],"wp:term":[{"taxonomy":"category","embeddable":true,"href":"http:\/\/www.korhanyilmaz.com\/index.php?rest_route=%2Fwp%2Fv2%2Fcategories&post=3805"},{"taxonomy":"post_tag","embeddable":true,"href":"http:\/\/www.korhanyilmaz.com\/index.php?rest_route=%2Fwp%2Fv2%2Ftags&post=3805"}],"curies":[{"name":"wp","href":"https:\/\/api.w.org\/{rel}","templated":true}]}}