{"id":38037,"date":"2011-08-08T19:05:42","date_gmt":"2011-08-08T16:05:42","guid":{"rendered":"http:\/\/www.korhanyilmaz.com\/?p=38037"},"modified":"2011-08-08T19:58:02","modified_gmt":"2011-08-08T16:58:02","slug":"o-sikayetlerini-bu-kez-hsyk-mufettislerine-anlatti","status":"publish","type":"post","link":"http:\/\/www.korhanyilmaz.com\/?p=38037","title":{"rendered":"O \u015fikayetlerini bu kez HSYK m\u00fcfetti\u015flerine anlatt\u0131"},"content":{"rendered":"<p style=\"text-align: justify;\"><a href=\"http:\/\/www.korhanyilmaz.com\/wp-content\/uploads\/2011\/08\/5033.jpg\"  class=\"lightview\"><img loading=\"lazy\" decoding=\"async\" class=\"aligncenter size-full wp-image-38038\" title=\"\" src=\"http:\/\/www.korhanyilmaz.com\/wp-content\/uploads\/2011\/08\/5033.jpg\" alt=\"\" width=\"325\" height=\"221\" \/><\/a><\/p>\n<p style=\"text-align: justify;\">Futbolda \u015eike Soru\u015fturmas\u0131 dosyas\u0131n\u0131 ve soru\u015fturma savc\u0131s\u0131 Mehmet Berk&#8217;in dosya \u00fczerindeki i\u015flemlerini inceleyen Hakimler ve Savc\u0131lar Y\u00fcksek Kurulu&#8217;nun g\u00f6revlendirdi\u011fi iki m\u00fcfetti\u015f bug\u00fcn Aziz Y\u0131ld\u0131r\u0131m&#8217;\u0131n avukat\u0131 Faik I\u015f\u0131k&#8217;\u0131n \u015fikayetlerini dinledi. <!--more--><\/p>\n<p style=\"text-align: justify;\">Hakimler ve Savc\u0131lar Y\u00fcksek Kurulu&#8217;nun (HSYK) g\u00f6revlendirdi\u011fi iki m\u00fcfetti\u015f, futbolda \u015fike soru\u015fturmas\u0131 dosyas\u0131n\u0131 ve soru\u015fturma savc\u0131s\u0131 Mehmet Berk&#8217;in dosya \u00fczerindeki i\u015flemlerini Be\u015fikta\u015f&#8217;taki \u0130stanbul Adliyesi&#8217;nde incelemeye devam ediyor. Bu kapsam\u0131n m\u00fcfetti\u015fler bug\u00fcn Fenerbah\u00e7e Kul\u00fcb\u00fc Ba\u015fkan\u0131 Aziz Y\u0131ld\u0131r\u0131m&#8217;\u0131n avukat\u0131 Faik I\u015f\u0131k&#8217;\u0131n avukat\u0131 ile yakla\u015f\u0131k 3 saat g\u00f6r\u00fc\u015ft\u00fc. G\u00f6r\u00fc\u015fmede Aziz Y\u0131ld\u0131r\u0131m&#8217;\u0131n avukat\u0131 Faik I\u015f\u0131k&#8217;\u0131n \u015fikayetleri m\u00fcfetti\u015fler taraf\u0131ndan dinlendi.<\/p>\n<p style=\"text-align: justify;\"><strong>I\u015f\u0131k: HSYK ciddiye ald\u0131 ve inceliyor<\/strong><\/p>\n<p style=\"text-align: justify;\">G\u00f6r\u00fc\u015fmenin ard\u0131ndan adliye \u00e7\u0131k\u0131\u015f\u0131nda a\u00e7\u0131klama yapan I\u015f\u0131k, &#8220;Aziz Y\u0131ld\u0131r\u0131m&#8217;\u0131n daha poliste ifade vermeden tutuklanaca\u011f\u0131na ili\u015fkin bize ula\u015fan bilgileri biz ay\u0131n 7&#8217;si itibariyle HSYK&#8217;ya iletmi\u015ftik. Ne yaparsak yapal\u0131m, tutuklanaca\u011f\u0131n\u0131 belirtmi\u015ftik. Biz \u015fikayetimizi yapt\u0131k. HSYK ciddiye ald\u0131 ve inceliyor. Ba\u015fm\u00fcfetti\u015f Cevat G\u00fcl Bey bizi dinledi, b\u00fct\u00fcn \u015fikayetlerimizi ald\u0131. Delillerimiz sunduk, anlatacaklar\u0131m\u0131z\u0131 anlatt\u0131k&#8221; dedi.<\/p>\n<p style=\"text-align: justify;\"><strong>I\u015f\u0131k: M\u00fcfetti\u015fler Aziz Y\u0131ld\u0131r\u0131m&#8217;\u0131 dinleyecekler mi bilmiyorum<\/strong><\/p>\n<p style=\"text-align: justify;\">HSYK m\u00fcfetti\u015flerinin Aziz Y\u0131ld\u0131r\u0131m&#8217;\u0131n ifadesini al\u0131p almayaca\u011f\u0131n\u0131n sorulmas\u0131 \u00fczerine avukat I\u015f\u0131k, &#8220;Say\u0131n Y\u0131ld\u0131r\u0131m&#8217;\u0131 dinleme gere\u011fi hissederler mi bilmiyorum. \u00c7\u00fcnk\u00fc burada ba\u015fka \u015f\u00fcphelilerle ilgili de bizim a\u00e7\u0131klamalar\u0131m\u0131z oldu. D\u00fcn ak\u015fam 01.40 \u2018a kadar cezaevindeydik. Cezaevinde \u0130brahim Ak\u0131n&#8217;\u0131 da dinledik. Kendisinin nas\u0131l aldat\u0131ld\u0131\u011f\u0131n\u0131 anlatt\u0131. Tamer Yelkovan&#8217;\u0131 dinledik, kendisine nas\u0131l hakaret edildi\u011fini bize anlatt\u0131&#8221; diye konu\u015ftu.<\/p>\n<p style=\"text-align: justify;\"><a href=\"http:\/\/www.cnnturk.com\/2011\/spor\/futbol\/08\/08\/o.sikayetlerini.bu.kez.hsyk.mufettislerine.anlatti\/625487.0\/index.html\" target=\"_blank\">Kaynak : CNN T\u00dcRK\u00a0<\/a><\/p>\n","protected":false},"excerpt":{"rendered":"<p style=\"text-align: justify;\">\n<p style=\"text-align: justify;\">Futbolda \u015eike Soru\u015fturmas\u0131 dosyas\u0131n\u0131 ve soru\u015fturma savc\u0131s\u0131 Mehmet Berk&#8217;in dosya \u00fczerindeki i\u015flemlerini inceleyen Hakimler ve Savc\u0131lar Y\u00fcksek Kurulu&#8217;nun g\u00f6revlendirdi\u011fi iki m\u00fcfetti\u015f bug\u00fcn Aziz Y\u0131ld\u0131r\u0131m&#8217;\u0131n avukat\u0131 Faik I\u015f\u0131k&#8217;\u0131n \u015fikayetlerini dinledi. <\/p>\n","protected":false},"author":1,"featured_media":0,"comment_status":"open","ping_status":"open","sticky":false,"template":"","format":"standard","meta":{"footnotes":""},"categories":[105],"tags":[],"class_list":["post-38037","post","type-post","status-publish","format-standard","hentry","category-gundem","odd"],"_links":{"self":[{"href":"http:\/\/www.korhanyilmaz.com\/index.php?rest_route=\/wp\/v2\/posts\/38037","targetHints":{"allow":["GET"]}}],"collection":[{"href":"http:\/\/www.korhanyilmaz.com\/index.php?rest_route=\/wp\/v2\/posts"}],"about":[{"href":"http:\/\/www.korhanyilmaz.com\/index.php?rest_route=\/wp\/v2\/types\/post"}],"author":[{"embeddable":true,"href":"http:\/\/www.korhanyilmaz.com\/index.php?rest_route=\/wp\/v2\/users\/1"}],"replies":[{"embeddable":true,"href":"http:\/\/www.korhanyilmaz.com\/index.php?rest_route=%2Fwp%2Fv2%2Fcomments&post=38037"}],"version-history":[{"count":0,"href":"http:\/\/www.korhanyilmaz.com\/index.php?rest_route=\/wp\/v2\/posts\/38037\/revisions"}],"wp:attachment":[{"href":"http:\/\/www.korhanyilmaz.com\/index.php?rest_route=%2Fwp%2Fv2%2Fmedia&parent=38037"}],"wp:term":[{"taxonomy":"category","embeddable":true,"href":"http:\/\/www.korhanyilmaz.com\/index.php?rest_route=%2Fwp%2Fv2%2Fcategories&post=38037"},{"taxonomy":"post_tag","embeddable":true,"href":"http:\/\/www.korhanyilmaz.com\/index.php?rest_route=%2Fwp%2Fv2%2Ftags&post=38037"}],"curies":[{"name":"wp","href":"https:\/\/api.w.org\/{rel}","templated":true}]}}