{"id":38027,"date":"2011-08-08T17:06:05","date_gmt":"2011-08-08T14:06:05","guid":{"rendered":"http:\/\/www.korhanyilmaz.com\/?p=38027"},"modified":"2011-08-08T19:49:21","modified_gmt":"2011-08-08T16:49:21","slug":"dost-sitemi","status":"publish","type":"post","link":"http:\/\/www.korhanyilmaz.com\/?p=38027","title":{"rendered":"&#8220;Dost sitemi&#8221;"},"content":{"rendered":"<p style=\"text-align: justify;\"><a href=\"http:\/\/www.korhanyilmaz.com\/wp-content\/uploads\/2011\/08\/5030.jpg\"  class=\"lightview\"><img loading=\"lazy\" decoding=\"async\" class=\"aligncenter size-full wp-image-38028\" src=\"http:\/\/www.korhanyilmaz.com\/wp-content\/uploads\/2011\/08\/5030.jpg\" alt=\"\" width=\"436\" height=\"198\" \/><\/a><\/p>\n<p style=\"text-align: justify;\">Tuncelililer&#8217;in &#8216;hay\u0131r&#8217; oyu vermesini ele\u015ftiren ve bakana \u015fikayet eden Tunceli Valisi konuyla ilgili a\u00e7\u0131klama yapt\u0131.<\/p>\n<p style=\"text-align: justify;\">TUNCEL\u0130 &#8211; Tunceli Valili\u011fi, Vali Mustafa Ta\u015fkesen&#8217;in Aile ve Sosyal Politikalar Bakan\u0131 Fatma \u015eahin&#8217;in kenti ziyareti s\u0131ras\u0131nda, Tuncelililerin referandumda hay\u0131r oyu vermesini ele\u015ftirirek, &#8220;Efendim Tuncelililer anayasa de\u011fi\u015fiklili\u011fine filan pek destek vermiyorlar. \u00d6zg\u00fcr anayasay\u0131 pek sevmiyorlar. Zaten referandumda en fazla hay\u0131r oyu veren ildir&#8221; s\u00f6zlerini \u00fczerin a\u00e7\u0131klama yapt\u0131. A\u00e7\u0131klamada, bunun anl\u0131k bir dost sitemi oldu\u011fu belirtildi. CHP Milletvekili Kamer Gen\u00e7 de, valinin s\u00f6zlerine tepki g\u00f6sterdi.\u00a0<!--more--><\/p>\n<p style=\"text-align: justify;\">Aile ve Sosyal Politikalar Bakan\u0131 Fatman \u015eahin&#8217;in ge\u00e7en cumartesi g\u00fcn\u00fc Tunceli&#8217;ye yapt\u0131\u011f\u0131 ziyaret s\u0131ras\u0131nda 14 y\u0131l \u00f6nce \u00e7at\u0131\u015fmada \u00f6ld\u00fcr\u00fclen karde\u015fi Ali Y\u0131ld\u0131z&#8217;\u0131n cenazesinin kendilerine verilmesi i\u00e7in \u00f6l\u00fcm orucunda olan a\u011fabeyi H\u00fcsn\u00fc Y\u0131ld\u0131z ile g\u00f6r\u00fc\u015fm\u00fc\u015ft\u00fc. G\u00f6r\u00fc\u015fme s\u0131ras\u0131nda Tunceli Valisi Mustafa Ta\u015fkesen, araya girip, Tuncelililerin referandumda hay\u0131r dedi\u011fini ima ederek, Bakan \u015eahin&#8217;e, &#8220;Efendim Tunceliler anayasa de\u011fi\u015fiklili\u011fine filan pek destek vermiyorlar. \u00d6zg\u00fcr anayasay\u0131 pek sevmiyorlar. Zaten referandumda en fazla hay\u0131r oyu veren ildir&#8221; demi\u015fti.<\/p>\n<p style=\"text-align: justify;\">Tunceli Valili\u011fi Vali Ta\u015fkesen, a\u00e7\u0131klamas\u0131n\u0131n bas\u0131nde yeralmas\u0131 \u00fczerine bug\u00fcn valili\u011fin resmi internet sitesinden bir a\u00e7\u0131klama yaparak, s\u00f6zlerine a\u00e7\u0131kl\u0131k getirdi. &#8216;Bakan\u0131m\u0131z\u0131n ziyaretinin medya yans\u0131malar\u0131 ve zorunlu bir a\u00e7\u0131klama&#8217; ba\u015fl\u0131\u011f\u0131n\u0131 ta\u015f\u0131yan ve gazetecilerin de ele\u015ftirildi\u011fi a\u00e7\u0131klamada \u015fu g\u00f6r\u00fc\u015flere yer verildi:<\/p>\n<p style=\"text-align: justify;\">&#8220;\u0130limize \u0130stanbul\u2019dan gelerek, 1997 y\u0131l\u0131nda \u00e7at\u0131\u015fmada \u00f6len karde\u015finin cenazesini alamad\u0131\u011f\u0131 gerek\u00e7esi ile a\u00e7l\u0131k grevi yapan H\u00fcsn\u00fc Y\u0131ld\u0131z\u2019\u0131n, ilimizde bulunan bakan\u0131m\u0131z Say\u0131n Fatma \u015eahin\u2019in KAMER Vakf\u0131n\u0131 ziyareti esnas\u0131nda yan\u0131na yakla\u015f\u0131p derdini anlatt\u0131\u011f\u0131 s\u0131rada say\u0131n bakan\u0131m\u0131z\u0131n, &#8216;Daha \u00f6zg\u00fcr bir T\u00fcrkiye i\u00e7in m\u00fccadele ettiklerini, sivil bir anayasa \u00e7\u0131karmak i\u00e7in \u00e7al\u0131\u015ft\u0131klar\u0131n\u0131, yeni bir anayasa yap\u0131lmas\u0131 neticesinde bu t\u00fcr sorunlar\u0131n \u00e7\u0131kmayaca\u011f\u0131n\u0131, ama bunun i\u00e7in topyekun m\u00fccadele edilmesi gerekti\u011fini&#8217; ifade etti\u011fi s\u0131rada say\u0131n valimiz iki y\u0131ld\u0131r Tuncelili hem\u015fehrileri ile kurdu\u011fu g\u00f6n\u00fcl ba\u011f\u0131n\u0131 da g\u00f6z \u00f6n\u00fcne alarak, m\u00fctebbessim ve esprili bir \u015fekilde &#8216;sivil anayasa konusunda topyekun bir m\u00fccadeleye Tuncelilerin destek vermeyeceklerini&#8217; ima eden s\u00f6zler sarf etmi\u015ftir. Bu \u00fc\u00e7 be\u015f saniyelik enstantane say\u0131n valimizin Tuncelili hem\u015fehrileri hakk\u0131ndaki d\u00fc\u015f\u00fcncelerini yans\u0131tmad\u0131\u011f\u0131, bunun kesinlikle bir \u015fikayet de\u011fil, olsa olsa dost sitemi oldu\u011fu, vicdan\u0131nda toplu i\u011fne ba\u015f\u0131 kadar kararmam\u0131\u015f yer olan herkes taraf\u0131ndan gayet iyi de\u011ferlendirilece\u011fine inanc\u0131m\u0131z tamd\u0131r.&#8221;<\/p>\n<p style=\"text-align: justify;\"><strong>KAMER GEN\u00c7: KABUL ED\u0130LEMEZ DAVRANI\u015e<\/strong><\/p>\n<p style=\"text-align: justify;\">CHP Tunceli Milletvekili Kamer Gen\u00e7, Vali Ta\u015fkesen&#8217;in a\u00e7\u0131klamalar\u0131 \u00fczerine Ankara&#8217;dan gazetecilere telefonla a\u00e7\u0131klamalarda bulundu. Vali Ta\u015fkesen&#8217;in tutumunu \u015fiddetle reddetti\u011fini belirten Gen\u00e7, \u015funlar\u0131 s\u00f6yledi:<\/p>\n<p style=\"text-align: justify;\">&#8220;Son y\u0131llarda AKP diktas\u0131n\u0131n halk \u00fczerindeki bask\u0131s\u0131 her ge\u00e7en g\u00fcn artmakta. Gerek AKP&#8217;nin atad\u0131\u011f\u0131 b\u00fcrokratlar, gerekse valiler devlet adaml\u0131\u011f\u0131 edas\u0131yla de\u011fil, AKP&#8217;li gibi halka yakla\u015f\u0131m sergilemektedirler. AKP&#8217;nin T\u00fcrkiye&#8217;ye getirmek istedi\u011fi dikta rejiminin bir par\u00e7as\u0131 olan Anayasa oylamas\u0131 s\u0131ras\u0131nda Tunceli halk\u0131 d\u00fcnyan\u0131n en onurlu tavr\u0131n\u0131 sergileyerek T\u00fcrkiye&#8217;de en y\u00fcksek oranda Anayasa de\u011fi\u015fiklili\u011fine hay\u0131r oyu vererek \u00f6rnek bir tutum sergilemi\u015ftir. Ancak say\u0131n vali bunu i\u00e7ine sindirememi\u015f, halk\u0131n verdi\u011fi karara kar\u015f\u0131 bir AKP y\u00f6neticisi gibi tav\u0131r koymu\u015ftur. Bu tutum hi\u00e7bir valiye yak\u0131\u015fmaz. E\u011fer vali siyaset yapmak istiyorsa o makam\u0131 b\u0131rakmal\u0131 ve AKP saflar\u0131na kat\u0131lmal\u0131d\u0131r. Bu \u00fclkede herkes halk iradesine sayg\u0131l\u0131 olmak zorundad\u0131r. \u00d6ld\u00fcr\u00fclen karde\u015finin cenazesini almak isteyen ve tamamen insan\u0131 bir davran\u0131\u015f sergileyen H\u00fcsn\u00fc Y\u0131ld\u0131z&#8217;\u0131n talebi kar\u015f\u0131s\u0131nda bu y\u00f6ntemle Tunceli halk\u0131n\u0131n iradesini ele\u015ftirilmesi kabul edilmez bir davran\u0131\u015ft\u0131r&#8221;<\/p>\n<p style=\"text-align: justify;\"><strong>GAZETEC\u0130LERDEN KINAMA<\/strong><\/p>\n<p style=\"text-align: justify;\">Tunceli Gazeteciler Derne\u011fi, valilik taraf\u0131ndan yap\u0131lan a\u00e7\u0131klaman\u0131n son b\u00f6l\u00fcm\u00fcnde yeralan ifade ile g\u00f6revlerini yapan gazeteciler, dolayl\u0131 olarak &#8216;vicdans\u0131z&#8217; olmakla itham edildi\u011fi belirtildi. A\u00e7\u0131kalada \u015f\u00f6yle denildi:<\/p>\n<p style=\"text-align: justify;\">&#8220;Dost sitemleri g\u00fcler y\u00fczle anlat\u0131lsa bile bu denli \u00f6nemli c\u00fcmlelerin bas\u0131n kar\u015f\u0131s\u0131nda sarf edilmemesi gerekti\u011fini say\u0131n Vali \u00e7ok iyi bilmektedir. Keza bunun bir dost sitemi mi yoksa say\u0131n Valinin i\u00e7indeki ger\u00e7ek duygular m\u0131 oldu\u011fu konusunu da haberi okuyan, izleyen ve dinleyenlerin taktirine b\u0131rak\u0131yoruz. Say\u0131n Vali, halk\u0131n \u00f6zg\u00fcr iradesi ile verdi\u011fi karar\u0131 ele\u015ftirdi\u011fi bu c\u00fcmlelerin arkas\u0131nda durmak yerine gazetecilerin yapt\u0131\u011f\u0131 do\u011fru haberi ele\u015ftirmeyi tercih etmi\u015ftir. Tunceli Valili\u011fi taraf\u0131ndan g\u00f6revini yapan gazetecilere y\u00f6nelik bu a\u00e7\u0131klamay\u0131 bir talihsizlik olarak de\u011ferlendiriyor ve say\u0131n valinin bu tutumunu k\u0131n\u0131yoruz&#8221;<\/p>\n<p style=\"text-align: justify;\"><a href=\"http:\/\/www.gazeteport.com.tr\/haber\/46273\/quotdost_sitemiquot\" target=\"_blank\">Kaynak : GAZETEPORT<\/a><\/p>\n<hr style=\"width: 500px;\" width=\"500\" \/>\n<p style=\"text-align: justify;\"><strong>&#8220;O vali g\u00f6revden al\u0131ns\u0131n&#8221;<\/strong><\/p>\n<p style=\"text-align: justify;\"><a href=\"http:\/\/www.korhanyilmaz.com\/wp-content\/uploads\/2011\/08\/5031.jpg\"  class=\"lightview\"><img loading=\"lazy\" decoding=\"async\" class=\"alignleft size-full wp-image-38029\" style=\"margin-left: 15px; margin-right: 15px;\" src=\"http:\/\/www.korhanyilmaz.com\/wp-content\/uploads\/2011\/08\/5031.jpg\" alt=\"\" width=\"258\" height=\"178\" \/><\/a>CHP&#8217;li Mehmet Siyam Kesimo\u011flu, referandumda hay\u0131r oyu veren Tunceli halk\u0131n\u0131 Bakan Fatma \u015eahin\u2019e \u015fikayet eden Tunceli Valisi Mustafa Ta\u015fkesen\u2019in g\u00f6revden al\u0131nmas\u0131 i\u00e7in \u0130\u00e7i\u015fleri Bakan\u0131 \u0130dris Naim \u015eahin\u2019e \u00e7a\u011fr\u0131da bulundu.<\/p>\n<p style=\"text-align: justify;\">ANKARA- CHP K\u0131rklareli Milletvekili Mehmet Siyam Kesimo\u011flu, referandumda hay\u0131r oyu veren Tunceli halk\u0131n\u0131 Aile ve Sosyal Politikalar Bakan\u0131 Fatma \u015eahin\u2019e \u015fikayet eden Tunceli Valisi Mustafa Ta\u015fkesen\u2019in g\u00f6revden al\u0131nmas\u0131 i\u00e7in \u0130\u00e7i\u015fleri Bakan\u0131 \u0130dris Naim \u015eahin\u2019e \u00e7a\u011fr\u0131da bulundu.<\/p>\n<p style=\"text-align: justify;\">Kesimo\u011flu, Tunceli gezisi s\u0131ras\u0131nda Bakan \u015eahin\u2019in yeni anayasa \u00e7al\u0131\u015fmalar\u0131yla ilgili konu\u015fmas\u0131 s\u0131ras\u0131nda Vali Mustafa Ta\u015fkesen\u2019in \u201cEfendim, Tuncelililer anayasa de\u011fi\u015fiklili\u011fine filan pek destek vermiyorlar. \u00d6zg\u00fcr anayasay\u0131 pek sevmiyorlar. Zaten referandumda en fazla hay\u0131r oyu veren ildir\u201d dedi\u011fini, bu s\u00f6zlerin bas\u0131na \u201cHalk\u0131 Bakana \u015fikayet etti\u201d, \u201cVali referandumdaki hay\u0131r\u2019\u0131n hesab\u0131n\u0131 sordu\u201d ba\u015fl\u0131klar\u0131yla yer ald\u0131\u011f\u0131n\u0131 an\u0131msatt\u0131. \u0130\u00e7i\u015fleri Bakan\u0131 \u015eahin\u2019e Vali Ta\u015fkesen\u2019i g\u00f6revden alma \u00e7a\u011fr\u0131s\u0131nda bulunan Kesimo\u011flu, ayr\u0131ca bir soru \u00f6nergesiyle konuyu TBMM g\u00fcndemine ta\u015f\u0131d\u0131. Kesimo\u011flu, \u0130\u00e7i\u015fleri Bakan\u0131 \u015eahin\u2019in yaz\u0131l\u0131 olarak yan\u0131tlamas\u0131 istemiyle verdi\u011fi soru \u00f6nergesinde \u201cG\u00f6rev yapt\u0131\u011f\u0131 ilin halk\u0131na kendi siyasi g\u00f6r\u00fc\u015fleri \u00e7er\u00e7evesinde yakla\u015farak referandumda \u00e7\u0131kan y\u00fczde 81 oran\u0131ndaki Hay\u0131r oyunun hesab\u0131n\u0131 soran ve h\u00fck\u00fcmetin bir bakan\u0131na halk\u0131 \u015fikayet eden Tunceli Valisi hakk\u0131nda inceleme ya da ba\u015fka bir i\u015flem ba\u015flatt\u0131n\u0131z m\u0131? Ba\u015flatt\u0131ysan\u0131z sonucu ne oldu? Vali Ta\u015fdelen\u2019i derhal g\u00f6revden alman\u0131z gerekti\u011fini d\u00fc\u015f\u00fcnm\u00fcyor musunuz?\u201d diye sordu.<\/p>\n<p style=\"text-align: justify;\"><a href=\"http:\/\/www.gazeteport.com.tr\/haber\/46280\/o_vali_gorevden_alinsin\" target=\"_blank\">Kaynak : GAZETEPORT<\/a><\/p>\n","protected":false},"excerpt":{"rendered":"<p style=\"text-align: justify;\">\n<p style=\"text-align: justify;\">Tuncelililer&#8217;in &#8216;hay\u0131r&#8217; oyu vermesini ele\u015ftiren ve bakana \u015fikayet eden Tunceli Valisi konuyla ilgili a\u00e7\u0131klama yapt\u0131.<\/p>\n<p style=\"text-align: justify;\">TUNCEL\u0130 &#8211; Tunceli Valili\u011fi, Vali Mustafa Ta\u015fkesen&#8217;in Aile ve Sosyal Politikalar Bakan\u0131 Fatma \u015eahin&#8217;in kenti ziyareti s\u0131ras\u0131nda, Tuncelililerin referandumda hay\u0131r oyu vermesini ele\u015ftirirek, &#8220;Efendim Tuncelililer anayasa de\u011fi\u015fiklili\u011fine filan pek destek vermiyorlar. \u00d6zg\u00fcr anayasay\u0131 <\/p>\n","protected":false},"author":1,"featured_media":0,"comment_status":"open","ping_status":"open","sticky":false,"template":"","format":"standard","meta":{"footnotes":""},"categories":[105],"tags":[],"class_list":["post-38027","post","type-post","status-publish","format-standard","hentry","category-gundem","odd"],"_links":{"self":[{"href":"http:\/\/www.korhanyilmaz.com\/index.php?rest_route=\/wp\/v2\/posts\/38027","targetHints":{"allow":["GET"]}}],"collection":[{"href":"http:\/\/www.korhanyilmaz.com\/index.php?rest_route=\/wp\/v2\/posts"}],"about":[{"href":"http:\/\/www.korhanyilmaz.com\/index.php?rest_route=\/wp\/v2\/types\/post"}],"author":[{"embeddable":true,"href":"http:\/\/www.korhanyilmaz.com\/index.php?rest_route=\/wp\/v2\/users\/1"}],"replies":[{"embeddable":true,"href":"http:\/\/www.korhanyilmaz.com\/index.php?rest_route=%2Fwp%2Fv2%2Fcomments&post=38027"}],"version-history":[{"count":0,"href":"http:\/\/www.korhanyilmaz.com\/index.php?rest_route=\/wp\/v2\/posts\/38027\/revisions"}],"wp:attachment":[{"href":"http:\/\/www.korhanyilmaz.com\/index.php?rest_route=%2Fwp%2Fv2%2Fmedia&parent=38027"}],"wp:term":[{"taxonomy":"category","embeddable":true,"href":"http:\/\/www.korhanyilmaz.com\/index.php?rest_route=%2Fwp%2Fv2%2Fcategories&post=38027"},{"taxonomy":"post_tag","embeddable":true,"href":"http:\/\/www.korhanyilmaz.com\/index.php?rest_route=%2Fwp%2Fv2%2Ftags&post=38027"}],"curies":[{"name":"wp","href":"https:\/\/api.w.org\/{rel}","templated":true}]}}