{"id":38022,"date":"2011-08-08T18:32:58","date_gmt":"2011-08-08T15:32:58","guid":{"rendered":"http:\/\/www.korhanyilmaz.com\/?p=38022"},"modified":"2011-08-08T19:36:30","modified_gmt":"2011-08-08T16:36:30","slug":"mahkeme-degil-cadir-tiyatrosu","status":"publish","type":"post","link":"http:\/\/www.korhanyilmaz.com\/?p=38022","title":{"rendered":"&#8220;Mahkeme de\u011fil \u00e7ad\u0131r tiyatrosu&#8221;"},"content":{"rendered":"<p style=\"text-align: center;\"><a href=\"http:\/\/www.korhanyilmaz.com\/wp-content\/uploads\/2011\/08\/5029.jpg\"  class=\"lightview\"><img loading=\"lazy\" decoding=\"async\" class=\"aligncenter size-full wp-image-38023\" src=\"http:\/\/www.korhanyilmaz.com\/wp-content\/uploads\/2011\/08\/5029.jpg\" alt=\"\" width=\"346\" height=\"266\" \/><\/a><\/p>\n<p style=\"text-align: justify;\">CHP Grup Ba\u015fkanvekili Muharrem \u0130nce: &#8221; Buras\u0131 bir mahkeme de\u011fil \u00e7ad\u0131r tiyatrosu. B\u00f6yle bir yarg\u0131\u00e7 b\u00f6yle bir mahkeme inan\u0131n \u00f6mr\u00fcmde ilk kez g\u00f6r\u00fcyorum. \u015ea\u015fk\u0131n\u0131m&#8221;<\/p>\n<p style=\"text-align: justify;\">CHP Grup Ba\u015fkanvekili Muharrem \u0130nce partisinin ikinci Ergenekon Davas\u0131&#8217;nda tutuklu Mehmet Haberal ile cezaevinde g\u00f6r\u00fc\u015ft\u00fc. \u0130nce g\u00f6r\u00fc\u015fmenin ard\u0131ndan cezaevi \u00f6n\u00fcnde bas\u0131n mensuplar\u0131n\u0131n sorular\u0131n\u0131 yantlad\u0131. \u0130nce, 45 milletvekili ile birlikte cezaevine geldiklerini belirterek, &#8220;Buras\u0131 bir mahkeme de\u011fil, \u00e7ad\u0131r tiyatrosu. <!--more--><\/p>\n<p style=\"text-align: justify;\">Bu \u00e7ad\u0131r tiyatrosunda sabahtan beri benim dinledi\u011fim tek \u015fey &#8216;\u015eu telefon konu\u015fmas\u0131nda ne dedin?&#8217;, &#8216;Niye biraz sonra dedin&#8217;, komedi resmen komedi. Susma hakk\u0131n\u0131 niye kulland\u0131n gibi sorular. Sokaktaki insan\u0131n bile kullanmayaca\u011f\u0131 \u015feyler. B\u00f6yle bir yarg\u0131\u00e7 b\u00f6yle bir mahkeme inan\u0131n \u00f6mr\u00fcmde ilk kez g\u00f6r\u00fcyorum. \u015ea\u015fk\u0131n\u0131m, cuma g\u00fcn\u00fc tekrar buraday\u0131z. Yar\u0131n \u00f6b\u00fcr g\u00fcn milletvekili arkada\u015flar\u0131m\u0131z s\u0131rayla burada duracaklar. Cuma g\u00fcn\u00fc kalabal\u0131k milletvekili arkada\u015f\u0131m\u0131zla buraday\u0131z&#8221; dedi.<\/p>\n<p style=\"text-align: justify;\"><strong>\u0130nce, Haberal&#8217;\u0131n mesaj\u0131n\u0131 okudu<\/strong><\/p>\n<p style=\"text-align: justify;\">Muharrem \u0130nce, Mehmet Haberal&#8217;\u0131n yaz\u0131l\u0131 mesaj\u0131n\u0131 da okudu. \u0130nce&#8217;nin okudu\u011fu mesajda Haberal k\u0131saca \u015funlar\u0131 s\u00f6yledi: &#8220;B\u00fct\u00fcn avukatlara mesaj\u0131md\u0131r. 12 Haziran&#8217;da yap\u0131lan genel se\u00e7imlerde CHP&#8217;den Zonguldak milletvekili se\u00e7ilmi\u015f bulunmaktay\u0131m. Zonguldakl\u0131lara bana milli iradeyi temsil etme yetkisi verdikleri i\u00e7in i\u00e7tenlikle te\u015fekk\u00fcr ediyorum. Zonguldak milletvekili olarak Anayasa&#8217;n\u0131n bana sadece Zonguldak halk\u0131n\u0131 de\u011fil, b\u00fct\u00fcn milletimizi temsil etme yetkisi vermi\u015f olmas\u0131 sebebiyle bug\u00fcne kadar siz avukatlar\u0131m vas\u0131tas\u0131yla t\u00fcm kamu kurulu\u015f ve kamu personeline kar\u015f\u0131, onlara kar\u015f\u0131 ad\u0131ma a\u00e7\u0131lm\u0131\u015f b\u00fct\u00fcn davalardan 13 Haziran 2011 tarihi itibariyle feragat ediyorum. Gere\u011finin yap\u0131lmas\u0131n\u0131 rica ediyorum&#8221; \u0130nce a\u00e7\u0131klama yapt\u0131ktan sonra duru\u015fma bitmeden di\u011fer CHP&#8217;li milletvekilleriyle cezaevinden ayr\u0131ld\u0131.<\/p>\n<p style=\"text-align: justify;\"><strong>Dava yar\u0131na ertelendi<\/strong><\/p>\n<p style=\"text-align: justify;\">13. A\u011f\u0131r Ceza Mahkeme&#8217;si san\u0131k Mehmet Koral&#8217;\u0131n sorgu ve beyan\u0131n al\u0131nmas\u0131na ara vererek duru\u015fmay\u0131 yar\u0131n saat 09.00&#8217;a erteledi.<\/p>\n<p style=\"text-align: justify;\"><a href=\"http:\/\/www.cnnturk.com\/2011\/turkiye\/08\/08\/mahkeme.degil.cadir.tiyatrosu\/625489.0\/index.html\" target=\"_blank\">Kaynak : CNN T\u00dcRK<\/a><\/p>\n","protected":false},"excerpt":{"rendered":"<p style=\"text-align: center;\">\n<p style=\"text-align: justify;\">CHP Grup Ba\u015fkanvekili Muharrem \u0130nce: &#8221; Buras\u0131 bir mahkeme de\u011fil \u00e7ad\u0131r tiyatrosu. B\u00f6yle bir yarg\u0131\u00e7 b\u00f6yle bir mahkeme inan\u0131n \u00f6mr\u00fcmde ilk kez g\u00f6r\u00fcyorum. \u015ea\u015fk\u0131n\u0131m&#8221;<\/p>\n<p style=\"text-align: justify;\">CHP Grup Ba\u015fkanvekili Muharrem \u0130nce partisinin ikinci Ergenekon Davas\u0131&#8217;nda tutuklu Mehmet Haberal ile cezaevinde g\u00f6r\u00fc\u015ft\u00fc. \u0130nce g\u00f6r\u00fc\u015fmenin ard\u0131ndan cezaevi \u00f6n\u00fcnde bas\u0131n mensuplar\u0131n\u0131n sorular\u0131n\u0131 yantlad\u0131. <\/p>\n","protected":false},"author":1,"featured_media":0,"comment_status":"open","ping_status":"open","sticky":false,"template":"","format":"standard","meta":{"footnotes":""},"categories":[105],"tags":[],"class_list":["post-38022","post","type-post","status-publish","format-standard","hentry","category-gundem","odd"],"_links":{"self":[{"href":"http:\/\/www.korhanyilmaz.com\/index.php?rest_route=\/wp\/v2\/posts\/38022","targetHints":{"allow":["GET"]}}],"collection":[{"href":"http:\/\/www.korhanyilmaz.com\/index.php?rest_route=\/wp\/v2\/posts"}],"about":[{"href":"http:\/\/www.korhanyilmaz.com\/index.php?rest_route=\/wp\/v2\/types\/post"}],"author":[{"embeddable":true,"href":"http:\/\/www.korhanyilmaz.com\/index.php?rest_route=\/wp\/v2\/users\/1"}],"replies":[{"embeddable":true,"href":"http:\/\/www.korhanyilmaz.com\/index.php?rest_route=%2Fwp%2Fv2%2Fcomments&post=38022"}],"version-history":[{"count":0,"href":"http:\/\/www.korhanyilmaz.com\/index.php?rest_route=\/wp\/v2\/posts\/38022\/revisions"}],"wp:attachment":[{"href":"http:\/\/www.korhanyilmaz.com\/index.php?rest_route=%2Fwp%2Fv2%2Fmedia&parent=38022"}],"wp:term":[{"taxonomy":"category","embeddable":true,"href":"http:\/\/www.korhanyilmaz.com\/index.php?rest_route=%2Fwp%2Fv2%2Fcategories&post=38022"},{"taxonomy":"post_tag","embeddable":true,"href":"http:\/\/www.korhanyilmaz.com\/index.php?rest_route=%2Fwp%2Fv2%2Ftags&post=38022"}],"curies":[{"name":"wp","href":"https:\/\/api.w.org\/{rel}","templated":true}]}}