{"id":38010,"date":"2011-08-08T12:32:52","date_gmt":"2011-08-08T09:32:52","guid":{"rendered":"http:\/\/www.korhanyilmaz.com\/?p=38010"},"modified":"2011-08-08T13:58:01","modified_gmt":"2011-08-08T10:58:01","slug":"mahkeme-baskaninin-suruldugu","status":"publish","type":"post","link":"http:\/\/www.korhanyilmaz.com\/?p=38010","title":{"rendered":"&#8220;Mahkeme Ba\u015fkan\u0131&#8217;n\u0131n s\u00fcr\u00fcld\u00fc\u011f\u00fc&#8230;&#8221;"},"content":{"rendered":"<p style=\"text-align: justify;\"><a href=\"http:\/\/www.korhanyilmaz.com\/wp-content\/uploads\/2011\/08\/5026.jpg\"  class=\"lightview\"><img loading=\"lazy\" decoding=\"async\" class=\"aligncenter size-full wp-image-38011\" title=\"\" src=\"http:\/\/www.korhanyilmaz.com\/wp-content\/uploads\/2011\/08\/5026.jpg\" alt=\"\" width=\"292\" height=\"216\" \/><\/a><\/p>\n<p style=\"text-align: justify;\">CHP Genel Ba\u015fkan Yard\u0131mc\u0131s\u0131 S\u00fcheyl Batum, &#8220;Hakimlere dokunulamaz derken mahkemenin ba\u015fkan\u0131n\u0131n s\u00fcr\u00fcld\u00fc\u011f\u00fc bir s\u00fcre\u00e7te ya\u015f\u0131yoruz. Gizli tan\u0131klar\u0131n ifade de\u011fi\u015ftirdi\u011fi ve bunlar\u0131n bas\u0131nda yer almad\u0131\u011f\u0131 bir s\u00fcre\u00e7 ya\u015f\u0131yoruz&#8221; dedi.<\/p>\n<p style=\"text-align: justify;\">CHP&#8217;li 43 milletvekili, CHP&#8217;den milletvekili se\u00e7ilen Prof. Dr. Mehmet Haberal ile gazeteci Mustafa Balbay&#8217;\u0131n tutuklu olarak yarg\u0131land\u0131\u011f\u0131 ikinci &#8220;Ergenekon&#8221; davas\u0131n\u0131n duru\u015fmas\u0131n\u0131 izlemek \u00fczere Silivri Ceza ve \u0130nfaz Kurumlar\u0131 Yerle\u015fkesi&#8217;ne geldi. <!--more--><\/p>\n<p style=\"text-align: justify;\">Yerle\u015fkeye ilk ula\u015fan CHP Grup Ba\u015fkan Vekili Emine \u00dclker Tarhan, duru\u015fma salonu \u00f6n\u00fcnde bir s\u00fcre partililerle sohbet edip, Ayd\u0131nl\u0131k gazetesini inceledi.<\/p>\n<p style=\"text-align: justify;\">Daha sonra CHP \u0130stanbul Milletvekili Mahmut Tanal, yine CHP&#8217;den milletvekili se\u00e7ilen ve davan\u0131n tutuksuz san\u0131klar\u0131 aras\u0131nda yer alan Sinan Ayg\u00fcn duru\u015fma salonuna geldi.<\/p>\n<p style=\"text-align: justify;\">CHP genel ba\u015fkan yard\u0131mc\u0131lar\u0131 S\u00fcheyl Batum, Umut Oran ile CHP Grup Ba\u015fkanvekili Muharrem \u0130nce ve \u00e7ok say\u0131da milletvekili de Atat\u00fcrk Havaliman\u0131&#8217;nda bulu\u015farak Silivri Ceza ve \u0130nfaz Kurumlar\u0131 Yerle\u015fkesi&#8217;ne geldi.<\/p>\n<p style=\"text-align: justify;\">Duru\u015fma salonuna girmeden \u00f6nce gazetecilerin sorular\u0131n\u0131 yan\u0131tlayan Batum, daha \u00f6nce duru\u015fmaya di\u011fer milletvekilleriyle ayr\u0131 ayr\u0131, \u015fimdi hep beraber desteklemeye geldiklerini belirterek, &#8220;\u0130\u015flerin nas\u0131l y\u00fcr\u00fcd\u00fc\u011f\u00fcn\u00fc g\u00f6rece\u011fiz. T\u00fcrkiye&#8217;de hep beraber bir \u015feyi izliyoruz. Hakimlere dokunulamaz derken mahkemenin ba\u015fkan\u0131n\u0131n s\u00fcr\u00fcld\u00fc\u011f\u00fc bir s\u00fcre\u00e7te ya\u015f\u0131yoruz. Gizli tan\u0131klar\u0131n ifade de\u011fi\u015ftirdi\u011fi ve bunlar\u0131n bas\u0131nda yer almad\u0131\u011f\u0131 bir s\u00fcre\u00e7 ya\u015f\u0131yoruz. \u015eimdi milletvekilleri olarak neyi g\u00f6rece\u011fiz onu merak ediyoruz. Arkada\u015flar\u0131m\u0131za ve b\u00fct\u00fcn burada yarg\u0131lananlara da destek olmak i\u00e7in geldik&#8221; diye konu\u015ftu.<\/p>\n<p style=\"text-align: justify;\">Bir gazetecinin &#8220;Birinci &#8216;Ergenekon&#8217;da yatanlar\u0131n kendilerine destek olunmad\u0131\u011f\u0131n\u0131 s\u00f6ylediler. Bu konuda neler s\u00f6yleyeceksiniz?&#8221; sorusuna Batum \u015f\u00f6yle cevap verdi:<\/p>\n<p style=\"text-align: justify;\">&#8220;Siyasi oldu\u011funu d\u00fc\u015f\u00fcnd\u00fc\u011f\u00fcm\u00fcz b\u00fct\u00fcn davalara ayn\u0131 \u015fekilde destek veriyoruz. Bug\u00fcne kadar ben de milletvekili olmadan ikinci &#8216;Ergenekon&#8217;un bir\u00e7ok \u015feyine geldim. Mahmut Tanal da di\u011fer arkada\u015flar\u0131m\u0131z da geldi. Bir s\u00fcre\u00e7 ya\u015f\u0131yoruz ve bu herkesin g\u00f6z\u00fc \u00f6n\u00fcnde oluyor. Yarg\u0131\u00e7lara, savc\u0131lara dokunulamaz derken buran\u0131n yarg\u0131c\u0131 s\u00fcr\u00fcld\u00fc. Bedirhan \u015eiral mahkemede ne yap\u0131yor? Herkesin g\u00f6z\u00fc \u00f6n\u00fcnde polisler verdi bunu diyor ama sizin genel yay\u0131n y\u00f6netmenleriniz bunu yazmaya korkuyor. B\u00f6yle bir s\u00fcre\u00e7te biz milletvekilleri olarak neyin olup bitti\u011fini hep birlikte g\u00f6rece\u011fiz. Her yarg\u0131lanana mutlaka destek verece\u011fiz diye bir \u00e7aba i\u00e7erisinde de\u011filiz.<\/p>\n<p style=\"text-align: justify;\">T\u00fcrkiye&#8217;de kim yarg\u0131lan\u0131yorsa hepsinin davas\u0131na gidecek de\u011filiz. Siyasal olarak alg\u0131lad\u0131\u011f\u0131m\u0131z ve \u00e7ok a\u00e7\u0131k s\u00f6yl\u00fcyorum AKP&#8217;nin hatta Recep Tayyip Erdo\u011fan&#8217;\u0131n fa\u015fizmini yerle\u015ftirmek amac\u0131na y\u00f6nelik b\u00fct\u00fcn davalara destek veriyoruz. B\u00fct\u00fcn davalarda ne olup bitti\u011fini g\u00f6zlemliyoruz. Fa\u015fizmi bir \u00fclkeye getirmek o kadar kolay de\u011fil. 3-5 siyaset\u00e7i diktat\u00f6rl\u00fck \u00f6zlemi alt\u0131nda olduklar\u0131 zaman bunlar\u0131 yarg\u0131 arac\u0131l\u0131\u011f\u0131yla yerle\u015ftirmek kolay de\u011fil. Milletvekili olarak bunu g\u00f6zlemlemek istiyoruz.&#8221;<\/p>\n<p style=\"text-align: justify;\"><strong>&#8220;Ba\u015fbakan&#8217;a sorun bakal\u0131m&#8221;<\/strong><\/p>\n<p style=\"text-align: justify;\">CHP \u0130stanbul Milletvekili Mahmut Tanal da &#8220;Deniz Feneri&#8221;ne ili\u015fkin soru\u015fturman\u0131n savc\u0131lar\u0131n\u0131n g\u00f6revden al\u0131nd\u0131\u011f\u0131n\u0131 ve dosyalar\u0131na el konuldu\u011funu ileri s\u00fcrerek, &#8220;Siz Ba\u015fbakan&#8217;a sorun bakay\u0131m &#8216;Bu davan\u0131n savc\u0131s\u0131 Deniz Feneri&#8217;nin savc\u0131s\u0131 da olacak m\u0131?&#8217; Burada g\u00f6sterilen hassasiyeti Deniz Feneri&#8217;nde de bekliyoruz&#8221; dedi.<\/p>\n<p style=\"text-align: justify;\"><strong>Balbay&#8217;a do\u011fumg\u00fcn\u00fc s\u00fcrprizi<\/strong><\/p>\n<p style=\"text-align: justify;\">Bu arada, 51 ya\u015f\u0131na giren Mustafa Balbay&#8217;\u0131n duru\u015fma salonunda do\u011fum g\u00fcn\u00fc kutland\u0131. Balbay, &#8220;\u0130yi ki do\u011fdun&#8221; diye seslenenleri selamlad\u0131.<\/p>\n<p style=\"text-align: justify;\">Balbay&#8217;a Cumhuriyet gazetesi \u00e7al\u0131\u015fanlar\u0131 taraf\u0131ndan da bir kalem ve bir de ajanda hediye edildi. 1960 do\u011fumlu olan Balbay&#8217;\u0131n 51 ya\u015f\u0131na girdi\u011fi \u00f6\u011frenildi.<\/p>\n<p style=\"text-align: justify;\"><a href=\"http:\/\/www.cnnturk.com\/2011\/turkiye\/08\/08\/mahkeme.baskaninin.suruldugu\/625409.0\/index.html\" target=\"_blank\">Kaynak : CNN T\u00dcRK<\/a><\/p>\n","protected":false},"excerpt":{"rendered":"<p style=\"text-align: justify;\">\n<p style=\"text-align: justify;\">CHP Genel Ba\u015fkan Yard\u0131mc\u0131s\u0131 S\u00fcheyl Batum, &#8220;Hakimlere dokunulamaz derken mahkemenin ba\u015fkan\u0131n\u0131n s\u00fcr\u00fcld\u00fc\u011f\u00fc bir s\u00fcre\u00e7te ya\u015f\u0131yoruz. Gizli tan\u0131klar\u0131n ifade de\u011fi\u015ftirdi\u011fi ve bunlar\u0131n bas\u0131nda yer almad\u0131\u011f\u0131 bir s\u00fcre\u00e7 ya\u015f\u0131yoruz&#8221; dedi.<\/p>\n<p style=\"text-align: justify;\">CHP&#8217;li 43 milletvekili, CHP&#8217;den milletvekili se\u00e7ilen Prof. Dr. Mehmet Haberal ile gazeteci Mustafa Balbay&#8217;\u0131n tutuklu olarak yarg\u0131land\u0131\u011f\u0131 ikinci &#8220;Ergenekon&#8221; davas\u0131n\u0131n <\/p>\n","protected":false},"author":1,"featured_media":0,"comment_status":"open","ping_status":"open","sticky":false,"template":"","format":"standard","meta":{"footnotes":""},"categories":[105],"tags":[],"class_list":["post-38010","post","type-post","status-publish","format-standard","hentry","category-gundem","odd"],"_links":{"self":[{"href":"http:\/\/www.korhanyilmaz.com\/index.php?rest_route=\/wp\/v2\/posts\/38010","targetHints":{"allow":["GET"]}}],"collection":[{"href":"http:\/\/www.korhanyilmaz.com\/index.php?rest_route=\/wp\/v2\/posts"}],"about":[{"href":"http:\/\/www.korhanyilmaz.com\/index.php?rest_route=\/wp\/v2\/types\/post"}],"author":[{"embeddable":true,"href":"http:\/\/www.korhanyilmaz.com\/index.php?rest_route=\/wp\/v2\/users\/1"}],"replies":[{"embeddable":true,"href":"http:\/\/www.korhanyilmaz.com\/index.php?rest_route=%2Fwp%2Fv2%2Fcomments&post=38010"}],"version-history":[{"count":0,"href":"http:\/\/www.korhanyilmaz.com\/index.php?rest_route=\/wp\/v2\/posts\/38010\/revisions"}],"wp:attachment":[{"href":"http:\/\/www.korhanyilmaz.com\/index.php?rest_route=%2Fwp%2Fv2%2Fmedia&parent=38010"}],"wp:term":[{"taxonomy":"category","embeddable":true,"href":"http:\/\/www.korhanyilmaz.com\/index.php?rest_route=%2Fwp%2Fv2%2Fcategories&post=38010"},{"taxonomy":"post_tag","embeddable":true,"href":"http:\/\/www.korhanyilmaz.com\/index.php?rest_route=%2Fwp%2Fv2%2Ftags&post=38010"}],"curies":[{"name":"wp","href":"https:\/\/api.w.org\/{rel}","templated":true}]}}