{"id":38004,"date":"2011-08-08T10:47:44","date_gmt":"2011-08-08T07:47:44","guid":{"rendered":"http:\/\/www.korhanyilmaz.com\/?p=38004"},"modified":"2011-08-08T13:46:43","modified_gmt":"2011-08-08T10:46:43","slug":"hakkaride-yaralanan-polis-sehit-oldu","status":"publish","type":"post","link":"http:\/\/www.korhanyilmaz.com\/?p=38004","title":{"rendered":"Hakkari&#8217;de yaralanan polis \u015fehit oldu"},"content":{"rendered":"<p style=\"text-align: center;\"><a href=\"http:\/\/www.korhanyilmaz.com\/wp-content\/uploads\/2011\/08\/5025.jpg\"  class=\"lightview\"><img loading=\"lazy\" decoding=\"async\" class=\"aligncenter size-full wp-image-38005\" src=\"http:\/\/www.korhanyilmaz.com\/wp-content\/uploads\/2011\/08\/5025.jpg\" alt=\"\" width=\"299\" height=\"234\" \/><\/a><\/p>\n<p style=\"text-align: justify;\">Hakkari&#8217;nin \u00c7ukurca il\u00e7esinde polis arac\u0131n\u0131n ge\u00e7i\u015fi s\u0131ras\u0131nda yola d\u00f6\u015fenen may\u0131n\u0131n patlamas\u0131 sonucu a\u011f\u0131r yaralanan polis memuru \u015fehit oldu. Sald\u0131r\u0131yla ilgili \u00e7o\u011fu BDP&#8217;li 20 ki\u015fi g\u00f6zalt\u0131nda.<\/p>\n<p style=\"text-align: justify;\">Cumhuriyet Mahallesi&#8217;nde devriye g\u00f6revi s\u0131ras\u0131nda may\u0131n patlamas\u0131 sonucu kalbi duran ve sa\u011fl\u0131k ekiplerinin m\u00fcdahalesiyle yeniden hayata d\u00f6nd\u00fcr\u00fclen polis memuru Murat \u00c7elikhas\u0131, helikopterle Van&#8217;a sevk edildi. <!--more--><\/p>\n<p style=\"text-align: justify;\">Van&#8217;daki Y\u00fcz\u00fcnc\u00fc Y\u0131l \u00dcniversitesi Ara\u015ft\u0131rma Hastanesi&#8217;nin Yo\u011fun Bak\u0131m \u00dcnitesi&#8217;nde tedavi alt\u0131na al\u0131nan \u00c7elikhas\u0131 sabah saatlerinde hayat\u0131n\u0131 kaybetti.<\/p>\n<p style=\"text-align: justify;\">Van&#8217;\u0131n \u00d6zalp il\u00e7esi n\u00fcfusuna kay\u0131tl\u0131 \u015fehit polis i\u00e7in \u0130l Emniyet M\u00fcd\u00fcrl\u00fc\u011f\u00fc \u00f6n\u00fcnde t\u00f6ren d\u00fczenlenecek.<\/p>\n<p style=\"text-align: justify;\">Hakkari&#8217;nin \u00c7ukurca il\u00e7esinde, d\u00fcn devriye g\u00f6revini y\u00fcr\u00fcten polis arac\u0131n\u0131n ge\u00e7i\u015fi s\u0131ras\u0131nda yol kenar\u0131na d\u00f6\u015fenen may\u0131n\u0131n patlamas\u0131 sonucu 1&#8217;i a\u011f\u0131r 4 polis memuru yaralanm\u0131\u015ft\u0131.<\/p>\n<p style=\"text-align: justify;\"><strong>\u00c7o\u011fu BDP&#8217;li 20 ki\u015fi g\u00f6zalt\u0131na al\u0131nd\u0131<\/strong><\/p>\n<p style=\"text-align: justify;\">Sald\u0131r\u0131n\u0131n ard\u0131ndan \u00c7ukurca \u0130l\u00e7e Emniyet M\u00fcd\u00fcrl\u00fc\u011f\u00fc ekipleri, il\u00e7edeki \u00e7e\u015fitli evlere e\u015fzamanl\u0131 operasyon d\u00fczenlendi.<\/p>\n<p style=\"text-align: justify;\">Operasyan sonucu aralar\u0131nda \u00c7ukurca BDP \u0130l\u00e7e Ba\u015fkan\u0131 S\u0131dd\u0131k G\u00fczel, \u00c7ukurca Belediye Ba\u015fkan Yard\u0131mc\u0131s\u0131, \u00c7ukurca BDP il\u00e7e y\u00f6neticilerinin de bulundu\u011fu 20 ki\u015fi g\u00f6zalt\u0131na al\u0131nd\u0131.<\/p>\n<p style=\"text-align: justify;\">G\u00f6zalt\u0131na al\u0131nanlar bu sabaha kar\u015f\u0131 Hakkari Emniyet M\u00fcd\u00fcrl\u00fc\u011f\u00fc&#8217;ne g\u00f6t\u00fcr\u00fcld\u00fc.<\/p>\n<p style=\"text-align: justify;\"><a href=\"http:\/\/www.cnnturk.com\/2011\/turkiye\/08\/08\/hakkaride.yaralanan.polis.sehit.oldu\/625387.0\/index.html\" target=\"_blank\">Kaynak : CNN T\u00dcRK<\/a><\/p>\n","protected":false},"excerpt":{"rendered":"<p style=\"text-align: center;\">\n<p style=\"text-align: justify;\">Hakkari&#8217;nin \u00c7ukurca il\u00e7esinde polis arac\u0131n\u0131n ge\u00e7i\u015fi s\u0131ras\u0131nda yola d\u00f6\u015fenen may\u0131n\u0131n patlamas\u0131 sonucu a\u011f\u0131r yaralanan polis memuru \u015fehit oldu. Sald\u0131r\u0131yla ilgili \u00e7o\u011fu BDP&#8217;li 20 ki\u015fi g\u00f6zalt\u0131nda.<\/p>\n<p style=\"text-align: justify;\">Cumhuriyet Mahallesi&#8217;nde devriye g\u00f6revi s\u0131ras\u0131nda may\u0131n patlamas\u0131 sonucu kalbi duran ve sa\u011fl\u0131k ekiplerinin m\u00fcdahalesiyle yeniden hayata d\u00f6nd\u00fcr\u00fclen polis memuru Murat \u00c7elikhas\u0131, helikopterle Van&#8217;a <\/p>\n","protected":false},"author":1,"featured_media":0,"comment_status":"open","ping_status":"open","sticky":false,"template":"","format":"standard","meta":{"footnotes":""},"categories":[105],"tags":[],"class_list":["post-38004","post","type-post","status-publish","format-standard","hentry","category-gundem","odd"],"_links":{"self":[{"href":"http:\/\/www.korhanyilmaz.com\/index.php?rest_route=\/wp\/v2\/posts\/38004","targetHints":{"allow":["GET"]}}],"collection":[{"href":"http:\/\/www.korhanyilmaz.com\/index.php?rest_route=\/wp\/v2\/posts"}],"about":[{"href":"http:\/\/www.korhanyilmaz.com\/index.php?rest_route=\/wp\/v2\/types\/post"}],"author":[{"embeddable":true,"href":"http:\/\/www.korhanyilmaz.com\/index.php?rest_route=\/wp\/v2\/users\/1"}],"replies":[{"embeddable":true,"href":"http:\/\/www.korhanyilmaz.com\/index.php?rest_route=%2Fwp%2Fv2%2Fcomments&post=38004"}],"version-history":[{"count":0,"href":"http:\/\/www.korhanyilmaz.com\/index.php?rest_route=\/wp\/v2\/posts\/38004\/revisions"}],"wp:attachment":[{"href":"http:\/\/www.korhanyilmaz.com\/index.php?rest_route=%2Fwp%2Fv2%2Fmedia&parent=38004"}],"wp:term":[{"taxonomy":"category","embeddable":true,"href":"http:\/\/www.korhanyilmaz.com\/index.php?rest_route=%2Fwp%2Fv2%2Fcategories&post=38004"},{"taxonomy":"post_tag","embeddable":true,"href":"http:\/\/www.korhanyilmaz.com\/index.php?rest_route=%2Fwp%2Fv2%2Ftags&post=38004"}],"curies":[{"name":"wp","href":"https:\/\/api.w.org\/{rel}","templated":true}]}}