{"id":3800,"date":"2009-02-27T11:26:45","date_gmt":"2009-02-27T09:26:45","guid":{"rendered":"http:\/\/www.korhanyilmaz.com\/?p=3800"},"modified":"2009-02-27T11:26:45","modified_gmt":"2009-02-27T09:26:45","slug":"meger-hayrunnisa-gul%e2%80%99un-de-akfirat%e2%80%99da-arazisi-varmis","status":"publish","type":"post","link":"http:\/\/www.korhanyilmaz.com\/?p=3800","title":{"rendered":"Me\u011fer Hayr\u00fcnnisa G\u00fcl\u2019\u00fcn de Akf\u0131rat\u2019da arazisi varm\u0131\u015f"},"content":{"rendered":"<p style=\"text-align: justify;\"><img loading=\"lazy\" decoding=\"async\" class=\"aligncenter size-full wp-image-3801\" title=\"Me\u011fer Hayr\u00fcnnisa G\u00fcl\u2019\u00fcn de Akf\u0131rat\u2019da arazisi varm\u0131\u015f \" src=\"http:\/\/www.korhanyilmaz.com\/wp-content\/uploads\/2009\/02\/fft28_mf127604.jpeg\" alt=\"Me\u011fer Hayr\u00fcnnisa G\u00fcl\u2019\u00fcn de Akf\u0131rat\u2019da arazisi varm\u0131\u015f \" width=\"408\" height=\"272\" \/><\/p>\n<p style=\"text-align: justify;\">\n<p style=\"text-align: justify;\">Tutuklanan Belediye Ba\u015fkan\u0131 Hilmi Y\u0131ld\u0131z&#8217;\u0131n evinde Bakan \u015eahin&#8217;in verdi\u011fi vekaletnamenin yan\u0131 s\u0131ra Cumhurba\u015fkan\u0131 G\u00fcl&#8217;\u00fcn e\u015fi Hayr\u00fcnnisa G\u00fcl&#8217;\u00fcn arazilerinin vergi makbuzlar\u0131n\u0131 buldu.<\/p>\n<p style=\"text-align: justify;\">\u0130stanbul&#8217;da ge\u00e7en ay 400 jandarman\u0131n bast\u0131\u011f\u0131, Akf\u0131rat Belediye Ba\u015fkan\u0131 Hilmi Y\u0131ld\u0131z ile birlikte 25 ki\u015finin tutukland\u0131\u011f\u0131 yolsuzluk ve \u00e7ete soru\u015fturmas\u0131nda \u015fa\u015f\u0131rt\u0131c\u0131 geli\u015fmeler ya\u015fan\u0131yor.<br \/>\nBelde&#8217;nin tutuklu Belediye Ba\u015fkan\u0131 Hilmi Y\u0131ld\u0131z&#8217;a Adalet Bakan\u0131 Mehmet Ali \u015eahin&#8217;in \u00f6nceki y\u0131llarda kendisine arsa almas\u0131 i\u00e7in vekaletname verdi\u011finin belirlenmesinin ard\u0131ndan Cumhurba\u015fkan\u0131 G\u00fcl&#8217;\u00fcn e\u015fi Hayr\u00fcnnisa G\u00fcl&#8217;\u00fcn de beldede arazi sahibi oldu\u011fu ortaya \u00e7\u0131kt\u0131. <!--more--><br \/>\nJandarma operasyonu s\u0131ras\u0131nda g\u00f6zalt\u0131na al\u0131nan ve daha sonra tutuklanan Akf\u0131rat Belediye Ba\u015fkan\u0131 Hilmi Y\u0131ld\u0131z&#8217;\u0131n odas\u0131nda Adalet Bakan\u0131 Mehmet Ali \u015eahin&#8217;in vekaletnamesinin yan\u0131 s\u0131ra, Cumhurba\u015fkan\u0131 Abdullah G\u00fcl&#8217;\u00fcn e\u015fi Hayr\u00fcnnisa G\u00fcl&#8217;e ait arsan\u0131n \u00f6denmi\u015f vergi makbuzlar\u0131 da bulundu. Soru\u015fturmay\u0131 y\u00fcr\u00fcten jandarma Y\u0131ld\u0131z&#8217;a makbuzlar\u0131 sordu. Y\u0131ld\u0131z, vergilerin zaman\u0131nda \u00f6dendi\u011fini, bu \u00f6demeleri daha sonra Bayan G\u00fcl&#8217;\u00fcn kendisine g\u00f6nderdi\u011fini ve olas\u0131 vergi gecikmelerinin bu \u015fekilde \u00f6nlendi\u011fini s\u00f6yledi. Yap\u0131lan sorgu ve inceleme \u00fczerine G\u00fcl&#8217;\u00fcn cumhurba\u015fkan\u0131 se\u00e7ilmesinden sonra vergileri g\u00f6zalt\u0131na al\u0131nan belediye ba\u015fkan\u0131n\u0131n takip etti\u011fi anla\u015f\u0131ld\u0131. Cezaya d\u00fc\u015fmemesi i\u00e7in yap\u0131lan vergi \u00f6demeleri bedellerini Bayan G\u00fcl&#8217;\u00fcn daha sonra g\u00f6nderdi\u011fi belirlendi. Ancak bu sorgulama ve belgeler zab\u0131tlara ge\u00e7medi.\n<\/p>\n<p style=\"text-align: justify;\"><strong>-HAYR\u00dcNN\u0130SA G\u00dcL DO\u011eRULADI-<\/strong><\/p>\n<p style=\"text-align: justify;\">Bu arada, Cumhurba\u015fkan\u0131 Abdullah G\u00fcl&#8217;\u00fcn e\u015fi Hasr\u00fcnnisa G\u00fcl, konuya ili\u015fkin sorular\u0131 ba\u015f\u0131n dan\u0131\u015fman\u0131 arac\u0131l\u0131\u011f\u0131yla yan\u0131tlad\u0131. Bas\u0131n dan\u0131\u015fman\u0131n verdi\u011fi yan\u0131tta, &#8220;Evet o belediye s\u0131n\u0131rlar\u0131 i\u00e7inde bir arsa al\u0131nd\u0131. Ancak bu 14-15 y\u0131l kadar \u00f6nce al\u0131nm\u0131\u015f bir arsa. O d\u00f6nem yapt\u0131\u011f\u0131 birikimlerden al\u0131nm\u0131\u015f ve belediyeden de tamamen ayr\u0131 olarak \u00f6zel bir firmadan al\u0131nm\u0131\u015f bir arsa&#8221; denildi. Hilmi Y\u0131ld\u0131z ismini de ilk defa duydu\u011funu ve kendisini tan\u0131mad\u0131\u011f\u0131n\u0131 s\u00f6yledi\u011fini aktaran bas\u0131n dan\u0131\u015fman\u0131, Hayr\u00fcnisa G\u00fcl, tapu belgelerinin kendisinde oldu\u011funu ve t\u00fcm vergi \u00f6demelerini kendisinin yapt\u0131\u011f\u0131n\u0131 s\u00f6yledi\u011fini aktard\u0131.<br \/>\nBu arada, arsan\u0131n tam yeri ve ka\u00e7 d\u00f6n\u00fcml\u00fck bir araz\u0131 oldu\u011fu konusunda bilgi verilmedi.\n<\/p>\n<p style=\"text-align: justify;\"><span style=\"color: #888888;\">ANKA<\/span><\/p>\n","protected":false},"excerpt":{"rendered":"<p style=\"text-align: justify;\">\n<p style=\"text-align: justify;\">\n<p style=\"text-align: justify;\">Tutuklanan Belediye Ba\u015fkan\u0131 Hilmi Y\u0131ld\u0131z&#8217;\u0131n evinde Bakan \u015eahin&#8217;in verdi\u011fi vekaletnamenin yan\u0131 s\u0131ra Cumhurba\u015fkan\u0131 G\u00fcl&#8217;\u00fcn e\u015fi Hayr\u00fcnnisa G\u00fcl&#8217;\u00fcn arazilerinin vergi makbuzlar\u0131n\u0131 buldu.<\/p>\n<p style=\"text-align: justify;\">\u0130stanbul&#8217;da ge\u00e7en ay 400 jandarman\u0131n bast\u0131\u011f\u0131, Akf\u0131rat Belediye Ba\u015fkan\u0131 Hilmi Y\u0131ld\u0131z ile birlikte 25 ki\u015finin tutukland\u0131\u011f\u0131 yolsuzluk ve \u00e7ete soru\u015fturmas\u0131nda \u015fa\u015f\u0131rt\u0131c\u0131 geli\u015fmeler ya\u015fan\u0131yor. Belde&#8217;nin <\/p>\n","protected":false},"author":1,"featured_media":0,"comment_status":"open","ping_status":"closed","sticky":false,"template":"","format":"standard","meta":{"footnotes":""},"categories":[105],"tags":[],"class_list":["post-3800","post","type-post","status-publish","format-standard","hentry","category-gundem","odd"],"_links":{"self":[{"href":"http:\/\/www.korhanyilmaz.com\/index.php?rest_route=\/wp\/v2\/posts\/3800","targetHints":{"allow":["GET"]}}],"collection":[{"href":"http:\/\/www.korhanyilmaz.com\/index.php?rest_route=\/wp\/v2\/posts"}],"about":[{"href":"http:\/\/www.korhanyilmaz.com\/index.php?rest_route=\/wp\/v2\/types\/post"}],"author":[{"embeddable":true,"href":"http:\/\/www.korhanyilmaz.com\/index.php?rest_route=\/wp\/v2\/users\/1"}],"replies":[{"embeddable":true,"href":"http:\/\/www.korhanyilmaz.com\/index.php?rest_route=%2Fwp%2Fv2%2Fcomments&post=3800"}],"version-history":[{"count":0,"href":"http:\/\/www.korhanyilmaz.com\/index.php?rest_route=\/wp\/v2\/posts\/3800\/revisions"}],"wp:attachment":[{"href":"http:\/\/www.korhanyilmaz.com\/index.php?rest_route=%2Fwp%2Fv2%2Fmedia&parent=3800"}],"wp:term":[{"taxonomy":"category","embeddable":true,"href":"http:\/\/www.korhanyilmaz.com\/index.php?rest_route=%2Fwp%2Fv2%2Fcategories&post=3800"},{"taxonomy":"post_tag","embeddable":true,"href":"http:\/\/www.korhanyilmaz.com\/index.php?rest_route=%2Fwp%2Fv2%2Ftags&post=3800"}],"curies":[{"name":"wp","href":"https:\/\/api.w.org\/{rel}","templated":true}]}}