{"id":37999,"date":"2011-08-08T10:48:04","date_gmt":"2011-08-08T07:48:04","guid":{"rendered":"http:\/\/www.korhanyilmaz.com\/?p=37999"},"modified":"2011-08-08T13:47:35","modified_gmt":"2011-08-08T10:47:35","slug":"yoke-hukuk-dersi","status":"publish","type":"post","link":"http:\/\/www.korhanyilmaz.com\/?p=37999","title":{"rendered":"Y\u00d6K&#8217;e hukuk dersi"},"content":{"rendered":"<p style=\"text-align: center;\"><a href=\"http:\/\/www.korhanyilmaz.com\/wp-content\/uploads\/2011\/08\/5024.jpg\"  class=\"lightview\"><img loading=\"lazy\" decoding=\"async\" class=\"aligncenter size-full wp-image-38000\" src=\"http:\/\/www.korhanyilmaz.com\/wp-content\/uploads\/2011\/08\/5024.jpg\" alt=\"\" width=\"322\" height=\"241\" \/><\/a><\/p>\n<p style=\"text-align: justify;\">\u015eeriat kurallar\u0131yla e\u011fitim veren \u00fcniversitelerle denkli\u011fe k\u0131smi durdurma getirildi.<\/p>\n<p style=\"text-align: justify;\">Cumhuriyet- Ankara- Dan\u0131\u015ftay, Y\u00d6K\u2019\u00fcn \u015feriat kurallar\u0131na g\u00f6re e\u011fitim yap\u0131lan \u00fcniversite programlar\u0131na T\u00fcrkiye\u2019de denklik verilmesini sa\u011flayan y\u00f6netmeli\u011fin ilgili maddelerinin y\u00fcr\u00fctmesini durdurdu. Dan\u0131\u015ftay Y\u00d6K\u2019\u00fcn hangi \u00fclkelerdeki y\u00fcksek\u00f6\u011fretim programlar\u0131na seviye tespit s\u0131nav\u0131 \u015fart\u0131 aranmadan denklik verilece\u011fine belirleme yetkisinin hukuksuz oldu\u011funu vurgulad\u0131.<!--more--><\/p>\n<p style=\"text-align: justify;\">Y\u00d6K\u2019\u00fcn 7 Kas\u0131m 2010 tarihinde \u201cYurtd\u0131\u015f\u0131 Y\u00fcksek\u00f6\u011fretim Diplomalar\u0131 Denklik Y\u00f6netmeli\u011fi\u201dnde yapt\u0131\u011f\u0131 de\u011fi\u015fiklikle yurtd\u0131\u015f\u0131nda \u015feriat kurallar\u0131na g\u00f6re e\u011fitim veren y\u00fcksek\u00f6\u011fretim kurumlar\u0131na T\u00fcrkiye\u2019de denklik verilmesini olanakl\u0131 hale getirmi\u015fti. Bunun \u00fczerine Ankara Barosu Dan\u0131\u015ftay\u2019a ba\u015fvurmu\u015ftu. Ba\u015fvuruyu de\u011ferlendiren Dan\u0131\u015ftay 8. Dairesi\u2019nin oybirli\u011fiyle ald\u0131\u011f\u0131 kararda yurtd\u0131\u015f\u0131ndaki y\u00fcksek\u00f6\u011fretim kurumlar\u0131ndan \u201cAnayasan\u0131n temel ilkeleri, Y\u00fcksek\u00f6\u011fretim Yasas\u0131\u2019n\u0131n Atat\u00fcrk ink\u0131laplar\u0131 ve ilkeleri do\u011frultusundaki ama\u00e7 ve ilkelerine ayk\u0131r\u0131 ders verilen programlara denklik verilmeyece\u011fine\u201d ili\u015fkin h\u00fckm\u00fcn davaya konu olan yeni y\u00f6netmelikle kald\u0131r\u0131ld\u0131\u011f\u0131 belirtildi.<\/p>\n<p style=\"text-align: justify;\">Davaya konu olan y\u00f6netmelikte yurtd\u0131\u015f\u0131ndaki hangi y\u00fcksek\u00f6\u011fretim programlar\u0131na denklik verilmeyece\u011fine ili\u015fkin getirilen yeni d\u00fczenlemenin, denkli\u011fine karar verilecek diplomalar \u00fczerinde benzer bir de\u011ferlendirme yap\u0131lmas\u0131 anlam\u0131na gelmedi\u011fi ifade edilen kararda, s\u00f6z konusu h\u00fckm\u00fcn hukuka uygun olmad\u0131\u011f\u0131 vurguland\u0131.<\/p>\n<p style=\"text-align: justify;\">Dan\u0131\u015ftay\u2019\u0131n karar\u0131nda, yabanc\u0131 bir diplomaya T\u00fcrkiye\u2019de denklik verilmesi i\u00e7in aranan ko\u015fullar\u0131n ba\u015f\u0131nda gelen \u201cseviye tespit s\u0131nav\u0131na\u201d ili\u015fkin yeni d\u00fczenlemelere de de\u011finildi. Kararda, daha \u00f6nce 100 \u00fczerinde 60 puan olan seviye tespit s\u0131nav\u0131ndaki ba\u015far\u0131l\u0131 olma ko\u015fulunun 50 puana indirilmesinin e\u011fitim-\u00f6\u011fretimin genel ilkelerine ve kamu yarar\u0131na ayk\u0131r\u0131 oldu\u011funa dikkat \u00e7ekildi.<\/p>\n<p style=\"text-align: justify;\"><a href=\"http:\/\/www.cumhuriyet.com.tr\/?hn=267448&amp;kw=Y%D6K%27e+hukuk+dersi\" target=\"_blank\">Kaynak : Mahmut L\u0131cal\u0131 &#8211; Cumhuriyet Haber Portal\u0131<\/a><\/p>\n","protected":false},"excerpt":{"rendered":"<p style=\"text-align: center;\">\n<p style=\"text-align: justify;\">\u015eeriat kurallar\u0131yla e\u011fitim veren \u00fcniversitelerle denkli\u011fe k\u0131smi durdurma getirildi.<\/p>\n<p style=\"text-align: justify;\">Cumhuriyet- Ankara- Dan\u0131\u015ftay, Y\u00d6K\u2019\u00fcn \u015feriat kurallar\u0131na g\u00f6re e\u011fitim yap\u0131lan \u00fcniversite programlar\u0131na T\u00fcrkiye\u2019de denklik verilmesini sa\u011flayan y\u00f6netmeli\u011fin ilgili maddelerinin y\u00fcr\u00fctmesini durdurdu. Dan\u0131\u015ftay Y\u00d6K\u2019\u00fcn hangi \u00fclkelerdeki y\u00fcksek\u00f6\u011fretim programlar\u0131na seviye tespit s\u0131nav\u0131 \u015fart\u0131 aranmadan denklik verilece\u011fine belirleme yetkisinin hukuksuz oldu\u011funu vurgulad\u0131.<\/p>\n","protected":false},"author":1,"featured_media":0,"comment_status":"open","ping_status":"open","sticky":false,"template":"","format":"standard","meta":{"footnotes":""},"categories":[105],"tags":[],"class_list":["post-37999","post","type-post","status-publish","format-standard","hentry","category-gundem","odd"],"_links":{"self":[{"href":"http:\/\/www.korhanyilmaz.com\/index.php?rest_route=\/wp\/v2\/posts\/37999","targetHints":{"allow":["GET"]}}],"collection":[{"href":"http:\/\/www.korhanyilmaz.com\/index.php?rest_route=\/wp\/v2\/posts"}],"about":[{"href":"http:\/\/www.korhanyilmaz.com\/index.php?rest_route=\/wp\/v2\/types\/post"}],"author":[{"embeddable":true,"href":"http:\/\/www.korhanyilmaz.com\/index.php?rest_route=\/wp\/v2\/users\/1"}],"replies":[{"embeddable":true,"href":"http:\/\/www.korhanyilmaz.com\/index.php?rest_route=%2Fwp%2Fv2%2Fcomments&post=37999"}],"version-history":[{"count":0,"href":"http:\/\/www.korhanyilmaz.com\/index.php?rest_route=\/wp\/v2\/posts\/37999\/revisions"}],"wp:attachment":[{"href":"http:\/\/www.korhanyilmaz.com\/index.php?rest_route=%2Fwp%2Fv2%2Fmedia&parent=37999"}],"wp:term":[{"taxonomy":"category","embeddable":true,"href":"http:\/\/www.korhanyilmaz.com\/index.php?rest_route=%2Fwp%2Fv2%2Fcategories&post=37999"},{"taxonomy":"post_tag","embeddable":true,"href":"http:\/\/www.korhanyilmaz.com\/index.php?rest_route=%2Fwp%2Fv2%2Ftags&post=37999"}],"curies":[{"name":"wp","href":"https:\/\/api.w.org\/{rel}","templated":true}]}}