{"id":37995,"date":"2011-08-07T17:39:40","date_gmt":"2011-08-07T14:39:40","guid":{"rendered":"http:\/\/www.korhanyilmaz.com\/?p=37995"},"modified":"2011-08-08T11:02:10","modified_gmt":"2011-08-08T08:02:10","slug":"erbakan-bosna-paralarini-repo-yapti","status":"publish","type":"post","link":"http:\/\/www.korhanyilmaz.com\/?p=37995","title":{"rendered":"&#8216;Erbakan Bosna paralar\u0131n\u0131 repo yapt\u0131!&#8217;"},"content":{"rendered":"<p style=\"text-align: center;\"><a href=\"http:\/\/www.korhanyilmaz.com\/wp-content\/uploads\/2011\/08\/5022.jpg\"  class=\"lightview\"><img loading=\"lazy\" decoding=\"async\" class=\"aligncenter size-full wp-image-37996\" src=\"http:\/\/www.korhanyilmaz.com\/wp-content\/uploads\/2011\/08\/5022.jpg\" alt=\"\" width=\"420\" height=\"210\" \/><\/a><\/p>\n<p style=\"text-align: justify;\">Aziz Y\u0131ld\u0131r\u0131m&#8217;\u0131n avukat\u0131 olarak tan\u0131nan Faik I\u015f\u0131k, \u015fike soru\u015fturmas\u0131n\u0131n yan\u0131 s\u0131ra, S\u00fcleyman Merc\u00fcmek davas\u0131, kay\u0131p Bosna paralar\u0131 davas\u0131, Sivas olaylar\u0131 davas\u0131 gibi kamuoyunda tart\u0131\u015f\u0131lan bir \u00e7ok \u00f6nemli davan\u0131n da avukatl\u0131\u011f\u0131n\u0131 yapt\u0131.<\/p>\n<p style=\"text-align: justify;\">\u0130\u015fte I\u015f\u0131k&#8217;\u0131n anlatt\u0131klar\u0131&#8230; <!--more--><\/p>\n<div id=\"attachment_37997\" style=\"width: 275px\" class=\"wp-caption alignleft\"><a href=\"http:\/\/www.korhanyilmaz.com\/wp-content\/uploads\/2011\/08\/5023.jpg\"  class=\"lightview\"><img loading=\"lazy\" decoding=\"async\" aria-describedby=\"caption-attachment-37997\" class=\"size-full wp-image-37997\" style=\"margin-left: 15px; margin-right: 15px;\" title=\"Faik I\u015f\u0131k\" src=\"http:\/\/www.korhanyilmaz.com\/wp-content\/uploads\/2011\/08\/5023.jpg\" alt=\"\" width=\"265\" height=\"132\" \/><\/a><p id=\"caption-attachment-37997\" class=\"wp-caption-text\">Aziz Y\u0131ld\u0131r\u0131m&#39;\u0131n Avukat\u0131 Faik I\u015f\u0131k<\/p><\/div>\n<p style=\"text-align: justify;\">Faik I\u015f\u0131k\u2019\u0131n meslek hayat\u0131 ise ilk olarak bug\u00fcn AK Parti \u0130stanbul Milletvekili olan ve d\u00f6rt d\u00f6nem \u0130stanbul Ba\u011fc\u0131lar Belediye Ba\u015fkanl\u0131\u011f\u0131 yapm\u0131\u015f Feyzullah K\u0131y\u0131kl\u0131k\u2019n\u0131n ofisinde \u015fekillenir. Tam da o y\u0131llarda Yas\u0131n El-Kad\u0131 T\u00fcrkiye\u2019dedir. Milli Gazete yazarlar\u0131ndan M. Fatih Sara\u00e7, Faik I\u015f\u0131k ile Yasin El-Kad\u0131\u2019y\u0131 bulu\u015fturur ve T\u00fcrkiye\u2019deki yat\u0131r\u0131m planlar\u0131n\u0131 anlat\u0131r.<\/p>\n<p style=\"text-align: justify;\">Yasin El-Kad\u0131 bir s\u00fcre sonra Sara\u00e7 ve iki Suudi Arabistanl\u0131 yat\u0131r\u0131mc\u0131yla T\u00fcrkiye\u2019ye gelir. \u00c7izgi film \u00fcretmek, sanat at\u00f6lyeleri kurmak istediklerini s\u00f6ylerler. I\u015f\u0131k, h\u00fck\u00fcmetten yat\u0131r\u0131m izinlerini al\u0131r ve \u015firketleri kurar. Ella Film ve Prod\u00fcksiyon isimli \u015firket, \u2018\u0130stanbul\u2019un Fethi\u2019 ve \u2018\u00c7anakkale Zaferi\u2019 gibi \u00e7izgi filmler \u00fcretir. Caravan (Kervan) ismiyle kurulan g\u0131da \u015firketiyse daha sonra B\u0130M marketlerine d\u00f6n\u00fc\u015f\u00fcr. \u201cB\u0130M\u2019in avukatl\u0131\u011f\u0131n\u0131 yapacakt\u0131m. Ancak di\u011fer kurucu ortak C\u00fcneyt Zapsu\u2019nun talebiyle her d\u00f6nem iktidara yak\u0131n ili\u015fkiler kurma ustas\u0131 Ayd\u0131n Co\u015far \u00fcstlendi avukatl\u0131\u011f\u0131.\u201d<\/p>\n<p style=\"text-align: justify;\">H\u00fcrriyet&#8217;te yer alan habere g\u00f6re; o d\u00f6neme ait Faik I\u015f\u0131k\u2019\u0131n anlatt\u0131\u011f\u0131 \u00e7arp\u0131c\u0131 bir ayr\u0131nt\u0131 ise Yasin El-Kad\u0131\u2019n\u0131n B\u0130M kurulu\u015fu s\u0131rada T\u00fcrk ortaklar\u0131ndan yedi\u011fi bir darbeyle ilgili:<\/p>\n<p style=\"text-align: justify;\">\u201cB\u0130M\u2019in kurucu orta\u011f\u0131 me\u015fhur T\u00fcrk\u2019\u00fcn \u015firketinin, Araplar\u2019a ucuza buldu\u011fumuz kiral\u0131k ma\u011fazalar\u0131 kabul etmeyip bizim ayr\u0131lmam\u0131zdan sonra ayn\u0131 yerleri daha y\u00fcksek kiralarla B\u0130M\u2019e kiralam\u0131\u015ft\u0131.<\/p>\n<p style=\"text-align: justify;\"><strong>S\u0130VAS DAVASINDA F\u0130G\u00dcRAN G\u0130B\u0130 YERLE\u015eT\u0130R\u0130LD\u0130K<\/strong><\/p>\n<p style=\"text-align: justify;\">\u201cNecati Ceylan, \u015eerafettin Petek, H\u00fcsn\u00fc Tuna, Muharrem Balc\u0131 gibi \u2018\u0130slamc\u0131\u2019 denilen, \u2018a\u011fabey\u2019 konumundaki avukatlar Sivas davas\u0131nda benim gibi meslek hayatlar\u0131n\u0131n ba\u015flang\u0131c\u0131ndaki pek \u00e7ok avukat\u0131, bir mesleki ve imani zorunlulukmu\u015f gibi ikna ederek hi\u00e7 tan\u0131mad\u0131\u011f\u0131m\u0131z baz\u0131 san\u0131klar\u0131n vekalanetmelerini \u00e7\u0131kartt\u0131lar. Benim gibi pek \u00e7ok gen\u00e7 avukat\u0131n sadece birka\u00e7 celsede g\u00f6rd\u00fc\u011f\u00fc oydu ki; Sivas\u2019taki o deh\u015fet verici olaylar\u0131n ayd\u0131nlat\u0131lmas\u0131 ve ger\u00e7ekte kimler taraf\u0131ndan yap\u0131ld\u0131\u011f\u0131n\u0131n ortaya \u00e7\u0131kart\u0131lmas\u0131 s\u00f6z konusu de\u011fildi. Bunun yerine, o zaman davaya bakan Ankara DGM\u2019de sa\u011fc\u0131l\u0131k-solculuk, alevilik-s\u00fcnnilik, laiklik-gericilik gibi ideolojik tart\u0131\u015fmalar\u0131n tiyatrosu yap\u0131lmaktayd\u0131. Biz davaya bir \u00e7e\u015fit fig\u00fcranlar gibi yerle\u015ftirildi\u011fimizi fark ettik.\u201d<\/p>\n<p style=\"text-align: justify;\"><strong>MERC\u00dcMEK DAVASINI SE\u00c7\u0130M SONRASINA ERTELETT\u0130<\/strong><\/p>\n<p style=\"text-align: justify;\">\u0130stanbul Fatih Savc\u0131l\u0131\u011f\u0131 21 May\u0131s 1994\u2019te S\u00fcleyman Merc\u00fcmek\u2019in hesaplar\u0131na el koyarak t\u00fcm bankalardan hesap kay\u0131tlar\u0131n\u0131 istedi. Kay\u0131tlar incelendi\u011finde, Merc\u00fcmek\u2019in \u00e7e\u015fitli bankalarda 14 ayr\u0131 d\u00f6viz hesab\u0131 bulundu\u011fu ve o zamanki de\u011ferle 16 trilyon 548 milyar 500 milyon liray\u0131 kontrol etti\u011fi ortaya \u00e7\u0131kt\u0131. Bu mebla\u011f\u0131n Bosna i\u00e7in toplanan i\u00e7in ancak yerine hi\u00e7 ula\u015ft\u0131r\u0131lmayan paralar oldu\u011fu iddia edildi. Faik I\u015f\u0131k anlat\u0131yor: \u201c1995 genel se\u00e7imi \u00f6ncesindeyiz. Bosna\u2019da sava\u015f devam ediyor. O zaman Avrupa\u2019daki \u0130HH adl\u0131 yard\u0131m kurulu\u015fu arac\u0131l\u0131\u011f\u0131yla yard\u0131mlar toplan\u0131yor. Refah Partisi olarak toplad\u0131\u011f\u0131m\u0131z paralar\u0131 Erbakan Hoca\u2019\u0131n muteber kabul etti\u011fi ki\u015filere veriyoruz. Yard\u0131mlar\u0131n bir k\u0131sm\u0131 da elden gidiyor. S\u00fcleyman Merc\u00fcmek hakk\u0131nda Fatih Asliye Ceza Mahkemesi\u2019nde yard\u0131m toplamadaki usuls\u00fczl\u00fcklerle ilgili dava a\u00e7\u0131lm\u0131\u015f. Avukat\u0131 da o d\u00f6nem Fuat Sa\u011f\u0131ro\u011flu\u2019ydu. Bana bir g\u00fcn gelerek, \u2018Davan\u0131n son duru\u015fmas\u0131 se\u00e7imlerin arefesine denk geliyor. Mahk\u00fbmiyet karar\u0131 vereceklerini duydum. Se\u00e7imlerden \u00f6nce kara \u00e7\u0131karsa k\u00f6t\u00fc olur. Erteletebilir misin davay\u0131?\u2019 dedi. Hakime \u2018san\u0131k Merc\u00fcmek\u2019in avukat\u0131 vekaletini b\u0131rakt\u0131. Dosya hakk\u0131nda bilgim yok. Dosyan\u0131n ertelenmesini istiyorum\u2019 dedim. Hakim s\u00f6ylediklerime inanmam\u0131\u015ft\u0131. Ancak talebim de hukukiydi. S\u00fcre verdi ve mahkemeyi erteledi. Merc\u00fcmek davas\u0131 se\u00e7im sonras\u0131na kald\u0131.\u201d<\/p>\n<p style=\"text-align: justify;\">Se\u00e7imler bitmi\u015f, dava ertelenmi\u015fti. Se\u00e7imlerden sonra ertelenen duru\u015fma olmu\u015f ve S\u00fcleyman Merc\u00fcmek\u2019e mahk\u00fbmiyet karar\u0131 \u00e7\u0131km\u0131\u015ft\u0131.<\/p>\n<p style=\"text-align: justify;\"><strong>ZAMAN A\u015eIMINDAN D\u00dc\u015eT\u00dc<\/strong><\/p>\n<p style=\"text-align: justify;\">\u201cBu i\u015fle ilgili yurtd\u0131\u015f\u0131nda da ba\u015fkaca \u015fah\u0131slar vard\u0131. Bunlar\u0131n da ifadesi al\u0131nmal\u0131yd\u0131. Ayr\u0131ca o sava\u015f ortam\u0131nda yard\u0131mlar\u0131n resmi yollarla intikal ettirilmesi m\u00fcmk\u00fcn de\u011fildi. Elden ula\u015ft\u0131r\u0131lan yard\u0131mlarla ilgili Bosnal\u0131 komutanlar\u0131n kendilerine ne kadar yard\u0131m yap\u0131ld\u0131\u011f\u0131n\u0131n belgelenmesi gerekiyordu. Y\u00fcksek yarg\u0131 mecburen mahk\u00fbmiyeti bozdu. \u00c7\u00fcnk\u00fc eksik soru\u015fturma olmu\u015ftu. Dosya mahkemesine iade oldu. Senelerce yurt d\u0131\u015f\u0131nda bu paralar\u0131n verildi\u011fi iddia edilen Bosnal\u0131 komutanlar senelerce yurt d\u0131\u015f\u0131nda arand\u0131. Sonunda da dosya zaman a\u015f\u0131m\u0131ndan d\u00fc\u015ft\u00fc.\u201d<\/p>\n<p style=\"text-align: justify;\"><strong>&#8220;ERBAKAN, BOSNA PARALARINI REPO YAPTI&#8221;<\/strong><\/p>\n<p style=\"text-align: justify;\">\u201cDosyay\u0131 \u00e7al\u0131\u015f\u0131rken \u015funlara \u015fahit oldum: Bizim arkada\u015flar\u0131n Bosna\u2019ya yard\u0131m diye toplad\u0131\u011f\u0131 paralar\u0131n rahmetli Prof. Dr. Necmettin Erbakan\u2019\u0131n emriyle K\u00f6rfez \u00fclkelerinde repoya yat\u0131r\u0131ld\u0131\u011f\u0131n\u0131, daha sonra bir k\u0131sm\u0131n\u0131n Erbakan\u2019\u0131n uygun g\u00f6rd\u00fc\u011f\u00fc yerlere harcand\u0131\u011f\u0131n\u0131, asl\u0131nda Erbakan\u2019\u0131n Marmara Bank, Exim Bank, TYT Bank gibi baz\u0131 batm\u0131\u015f bankalarda paras\u0131n\u0131n bulundu\u011funu, bu bankalar\u0131n batmas\u0131 nedeniyle tahsilat problemi \u00e7ekti\u011fini \u015fa\u015fk\u0131nl\u0131kla g\u00f6rd\u00fcm. Erbakan Hoca\u2019n\u0131n yak\u0131n\u0131nda bu i\u015fleri y\u00f6neten birka\u00e7 ki\u015fiye ni\u00e7in repo yap\u0131ld\u0131\u011f\u0131n\u0131, bunun haram olup olmad\u0131\u011f\u0131n\u0131 sordu\u011fumda yan\u0131t \u015fu oldu: \u2018Hocam\u0131z, T\u00fcrkiye\u2019deki cihat kazan\u0131lmadan ba\u015fkalar\u0131na yard\u0131m edilmez\u2019 diyor. Onun i\u00e7in yard\u0131mlar\u0131n bir k\u0131sm\u0131 da burada harcand\u0131\u2019 cevab\u0131n\u0131 ald\u0131m. Bana k\u0131saca \u2018Savunman\u0131 yap, bu i\u015fleri sorgulama\u201d \u00fcltimatomunu verdiler.\u201d<\/p>\n<p style=\"text-align: justify;\"><a href=\"http:\/\/haber.gazetevatan.com\/erbakan-bosna-paralarini-repo-yapti\/392908\/1\/Gundem\" target=\"_blank\">Kaynak : VATAN Gazetesi<\/a><\/p>\n","protected":false},"excerpt":{"rendered":"<p style=\"text-align: center;\">\n<p style=\"text-align: justify;\">Aziz Y\u0131ld\u0131r\u0131m&#8217;\u0131n avukat\u0131 olarak tan\u0131nan Faik I\u015f\u0131k, \u015fike soru\u015fturmas\u0131n\u0131n yan\u0131 s\u0131ra, S\u00fcleyman Merc\u00fcmek davas\u0131, kay\u0131p Bosna paralar\u0131 davas\u0131, Sivas olaylar\u0131 davas\u0131 gibi kamuoyunda tart\u0131\u015f\u0131lan bir \u00e7ok \u00f6nemli davan\u0131n da avukatl\u0131\u011f\u0131n\u0131 yapt\u0131.<\/p>\n<p style=\"text-align: justify;\">\u0130\u015fte I\u015f\u0131k&#8217;\u0131n anlatt\u0131klar\u0131&#8230; <\/p>\n","protected":false},"author":1,"featured_media":0,"comment_status":"open","ping_status":"open","sticky":false,"template":"","format":"standard","meta":{"footnotes":""},"categories":[105],"tags":[],"class_list":["post-37995","post","type-post","status-publish","format-standard","hentry","category-gundem","odd"],"_links":{"self":[{"href":"http:\/\/www.korhanyilmaz.com\/index.php?rest_route=\/wp\/v2\/posts\/37995","targetHints":{"allow":["GET"]}}],"collection":[{"href":"http:\/\/www.korhanyilmaz.com\/index.php?rest_route=\/wp\/v2\/posts"}],"about":[{"href":"http:\/\/www.korhanyilmaz.com\/index.php?rest_route=\/wp\/v2\/types\/post"}],"author":[{"embeddable":true,"href":"http:\/\/www.korhanyilmaz.com\/index.php?rest_route=\/wp\/v2\/users\/1"}],"replies":[{"embeddable":true,"href":"http:\/\/www.korhanyilmaz.com\/index.php?rest_route=%2Fwp%2Fv2%2Fcomments&post=37995"}],"version-history":[{"count":0,"href":"http:\/\/www.korhanyilmaz.com\/index.php?rest_route=\/wp\/v2\/posts\/37995\/revisions"}],"wp:attachment":[{"href":"http:\/\/www.korhanyilmaz.com\/index.php?rest_route=%2Fwp%2Fv2%2Fmedia&parent=37995"}],"wp:term":[{"taxonomy":"category","embeddable":true,"href":"http:\/\/www.korhanyilmaz.com\/index.php?rest_route=%2Fwp%2Fv2%2Fcategories&post=37995"},{"taxonomy":"post_tag","embeddable":true,"href":"http:\/\/www.korhanyilmaz.com\/index.php?rest_route=%2Fwp%2Fv2%2Ftags&post=37995"}],"curies":[{"name":"wp","href":"https:\/\/api.w.org\/{rel}","templated":true}]}}