{"id":37988,"date":"2011-08-08T10:17:03","date_gmt":"2011-08-08T07:17:03","guid":{"rendered":"http:\/\/www.korhanyilmaz.com\/?p=37988"},"modified":"2011-08-08T15:45:27","modified_gmt":"2011-08-08T12:45:27","slug":"kim-bu-sifreli-akp%e2%80%99li","status":"publish","type":"post","link":"http:\/\/www.korhanyilmaz.com\/?p=37988","title":{"rendered":"Kim bu \u015fifreli AKP\u2019li?"},"content":{"rendered":"<p style=\"text-align: center;\"><a href=\"http:\/\/www.korhanyilmaz.com\/wp-content\/uploads\/2011\/08\/5021.jpg\"  class=\"lightview\"><img loading=\"lazy\" decoding=\"async\" class=\"aligncenter size-full wp-image-37989\" src=\"http:\/\/www.korhanyilmaz.com\/wp-content\/uploads\/2011\/08\/5021.jpg\" alt=\"\" width=\"304\" height=\"228\" \/><\/a><\/p>\n<p style=\"text-align: justify;\">Ba\u015fbakanl\u0131k&#8217;\u0131n haz\u0131rlad\u0131\u011f\u0131 raporda ismi gizlenen AKP&#8217;li belediye ba\u015fkan\u0131n\u0131n yolsuzluklar\u0131 s\u0131raland\u0131.<\/p>\n<p style=\"text-align: justify;\">Cumhuriyet- Ankara- Cumhuriyet Ankara B\u00fcro &#8211; Ba\u015fbakanl\u0131k taraf\u0131ndan haz\u0131rlanan \u201c\u015fifreli raporda\u201d ismi ve belediyesi gizlenen bir belediye ba\u015fkan\u0131n\u0131n \u201cBu kadar\u0131na pes\u201d dedirtecek yolsuzluklara imza att\u0131\u011f\u0131 saptand\u0131.<!--more--><\/p>\n<p style=\"text-align: justify;\">Rapora g\u00f6re AKP\u2019li belediye ba\u015fkan\u0131 evinde \u00e7al\u0131\u015ft\u0131rd\u0131\u011f\u0131 ki\u015finin maa\u015f\u0131n\u0131 bir kez yoksullara y\u00f6nelik sosyal yard\u0131mdan kar\u015f\u0131lam\u0131\u015f. Bir akrabas\u0131n\u0131n niteliklerini tarif eder \u015fekilde T\u00fcrkiye \u0130\u015f Kurumu\u2019ndan eleman istemi\u015f ve bu \u015fekilde akrabas\u0131n\u0131 belediyeye sokan ba\u015fkan, ayn\u0131 y\u00f6ntemle ablas\u0131n\u0131n torununu istisnai kadro olan \u201c\u00f6zel kalem m\u00fcd\u00fcrl\u00fc\u011f\u00fcne\u201d getirerek KPSS\u2019den muafla\u015ft\u0131rm\u0131\u015f. \u015eansl\u0131 akraba bu yolla binlerce ki\u015finin s\u0131rada bekledi\u011fi \u00f6\u011fretmenli\u011fe kolayca ge\u00e7i\u015f yapm\u0131\u015f. Ba\u015fkan\u0131n belediyede resmi g\u00f6revli olmayan bir ki\u015fiyi temin yoluyla yap\u0131lan al\u0131mlarda g\u00f6revlendirdi\u011fi ki\u015fi, al\u0131mlar i\u00e7in kendi \u015firketi ad\u0131na da teklif vermi\u015f.<\/p>\n<p style=\"text-align: justify;\">Ba\u015fbakanl\u0131k Kamu G\u00f6revlileri Etik Kurulu, etik d\u0131\u015f\u0131l\u0131kla ilgili kararlar\u0131n\u0131 2010 y\u0131l\u0131na kadar Resmi Gazete\u2019de yay\u0131ml\u0131yordu. Kurul bu yolla, AKP\u2019li Erzurum Belediye Ba\u015fkan\u0131 Ahmet K\u00fc\u00e7\u00fckler, eski Adana B\u00fcy\u00fck\u015fehir Belediye Ba\u015fkan\u0131 Ayta\u00e7 Durak ve eski Bursa Mustafakemalpa\u015fa Kaymakam\u0131 Adem Sa\u00e7an ile \u00e7ok say\u0131da b\u00fcrokratla ilgili etik ihlali kararlar\u0131n\u0131 kamuoyuna bu yolla de\u015fifre etmi\u015fti. Ancak Anayasa Mahkemesi, 2010 y\u0131l\u0131nda kararlar\u0131n Resmi Gazete\u2019de yay\u0131mlanmas\u0131na \u201chay\u0131r\u201d demi\u015fti. Bunun \u00fczerine yeni bir form\u00fcl geli\u015ftiren Kurul, raporlar\u0131n\u0131 \u201c\u015fifreleyerek\u201d haz\u0131rlamaya ba\u015flad\u0131. Bunun ilk \u00f6rne\u011fini de bir belediye ba\u015fkan\u0131 ile ilgili karar olu\u015fturdu. AKP\u2019li bir il belediye ba\u015fkan\u0131na ait oldu\u011fu \u00f6\u011frenilen \u015fikayetler \u00fczerine harekete ge\u00e7en Kurul, belediye ba\u015fkan\u0131n\u0131n savunmas\u0131n\u0131 da alarak haz\u0131rlad\u0131\u011f\u0131 karar metninde \u00e7arp\u0131c\u0131 saptamalara yer verdi. Belediye ba\u015fkan\u0131n\u0131n \u201cA\u201d, Ba\u015fkan\u0131n akrabalar\u0131n\u0131n \u201cC\u201d, \u201cE\u201d ve \u201cF\u201d, belediye \u015firketinin \u201cXX A.\u015e\u201d olarak tan\u0131mland\u0131\u011f\u0131 metinde yer alan \u201cskandal\u201d saptamalardan baz\u0131lar\u0131 \u015f\u00f6yle:<\/p>\n<p style=\"text-align: justify;\"><strong>Ki\u015fiyi tarif eden eleman ilan\u0131<\/strong><\/p>\n<p style=\"text-align: justify;\">T\u00fcrkiye \u0130\u015f Kurumu (\u2026) \u015eubesi\u2019nden \u201cC\u201dnin niteliklerini tarif eder bi\u00e7imde ge\u00e7ici i\u015f\u00e7i olarak istemesi ve buna ba\u011fl\u0131 olarak Belediye\u2019de g\u00f6revlendirmesinin, ayn\u0131 \u015fahs\u0131 mevzuata ayk\u0131r\u0131 olarak Belediye Ba\u015fkan dan\u0131\u015fman\u0131 olarak g\u00f6revlendirmesinin ve Belediye ile ilgili do\u011frudan temin usul\u00fc ile ilgili al\u0131mlardaki bir belgenin ihale yetkilisi k\u0131sm\u0131na Ba\u015fkan Dan\u0131\u015fman\u0131 s\u0131fat\u0131 ile imza atmas\u0131na g\u00f6z yummas\u0131n\u0131n, Kamu G\u00f6revlileri Etik Davran\u0131\u015f \u0130lkeleri ile Ba\u015fvuru Usul ve Esaslar\u0131 Hakk\u0131nda Y\u00f6netmelik\u2019in 9. maddesinde \u00f6ng\u00f6r\u00fclen \u201cKamu g\u00f6revlileri; t\u00fcm eylem ve i\u015flemlerinde yasall\u0131k, adalet, e\u015fitlik ve d\u00fcr\u00fcstl\u00fck ilkeleri do\u011frultusunda hareket ederler\u2026Kamu g\u00f6revlileri, takdir yetkilerini, kamu yarar\u0131 ve hizmet gerekleri do\u011frultusunda, her t\u00fcrl\u00fc keyfilikten uzak, tarafs\u0131zl\u0131k ve e\u015fitlik ilkelerine uygun olarak kullan\u0131rlar\u201d ve 20. maddesindeki \u201cY\u00f6netici kamu g\u00f6revlileri, kurumlar\u0131n\u0131n ama\u00e7 ve politikalar\u0131na uygun olmayan i\u015flem veya eylemleri engellemek i\u00e7in g\u00f6rev ve yetkilerinin gerektirdi\u011fi \u00f6nlemleri zaman\u0131nda al\u0131rlar\u201d ilkelerine ayk\u0131r\u0131 oldu\u011funa karar verilmi\u015ftir.<\/p>\n<p style=\"text-align: justify;\"><strong>\u00d6nce \u00f6zel kaleme oradan s\u0131navs\u0131z \u00f6\u011fretmenli\u011fe<\/strong><\/p>\n<p style=\"text-align: justify;\">T\u00fcrkiye \u0130\u015f Kurumu (\u2026) \u015eubesi\u2019nden akrabas\u0131 \u201cE\u201dnin niteliklerini tarif eder bi\u00e7imde ge\u00e7ici i\u015f\u00e7i olarak istemesinin ve buna ba\u011fl\u0131 olarak istihdam etmesinin ard\u0131ndan k\u0131sa bir s\u00fcre sonra ilgili \u015fahs\u0131 \u00d6zel Kalem M\u00fcd\u00fcr\u00fc olarak atamas\u0131n\u0131n, Y\u00f6netmelik\u2019in 9. maddesindeki ilkeye ayk\u0131r\u0131 oldu\u011funa karar verilmi\u015ftir. (S\u00f6z konusu ki\u015fi istisnai kadro olan \u00f6zel kalem m\u00fcd\u00fcrl\u00fc\u011f\u00fcnden k\u0131sa s\u00fcre sonra \u00f6\u011fretmen olarak atand\u0131.)<\/p>\n<p style=\"text-align: justify;\"><strong>\u0130halenin ba\u015f\u0131ndaki ki\u015fi kendi \u015firketinden teklif alm\u0131\u015f<\/strong><\/p>\n<p style=\"text-align: justify;\">Belediye\u2019de resmi bir g\u00f6revi olmayan \u201c\u0130\u201dyi, do\u011frudan temin y\u00f6ntemiyle yap\u0131lan al\u0131mlarda g\u00f6revlendirmesinin, Y\u00f6netmelik\u2019in 9. maddesinde \u00f6ng\u00f6r\u00fclen ilkeye ayk\u0131r\u0131 oldu\u011funa karar verilmi\u015ftir. Do\u011frudan temin y\u00f6ntemiyle yap\u0131lacak al\u0131mlar i\u00e7in g\u00f6revlendirilen \u0130\u2019nin ayn\u0131 zamanda \u015firketi \u201cX\u201d ad\u0131na teklif vermesi ve bu teklifin de\u011ferlendirilmeye al\u0131nmas\u0131n\u0131n; ayr\u0131ca \u201cJ\u201dnin karde\u015fi \u201cK\u201dye ait firmadan teklif al\u0131narak i\u015fin s\u00f6z konusu bu firmaya verilmesinin etik davran\u0131\u015f ilkelerine uygun olmamakla beraber, bu konuda Ba\u015fkan\u2019\u0131n do\u011frudan sorumlu tutulmas\u0131na ili\u015fkin belge ve bilgi bulunmad\u0131\u011f\u0131ndan, etik davran\u0131\u015f ilkeleri bak\u0131m\u0131ndan i\u015flem yap\u0131lmas\u0131na yer olmad\u0131\u011f\u0131na karar verilmi\u015ftir.<\/p>\n<p style=\"text-align: justify;\"><strong>Hizmet\u00e7isinin 1 maa\u015f\u0131 yoksul fonundan<\/strong><\/p>\n<p style=\"text-align: justify;\">\u00a0\u201cB\u201d adl\u0131 \u015fah\u0131s belediye ba\u015fkan\u0131n\u0131n evinde bir seneye yak\u0131n \u00e7al\u0131\u015fm\u0131\u015f ve \u00e7al\u0131\u015fman\u0131n ilk ay\u0131nda kendisine belediyenin fakirlere y\u00f6nelik sosyal yard\u0131m\u0131ndan bir defaya mahsus olmak \u00fczere bu hizmet kar\u015f\u0131l\u0131\u011f\u0131 oldu\u011fu anla\u015f\u0131lan bir \u00f6deme yap\u0131lm\u0131\u015f, bundan haberdar olan belediye ba\u015fkan\u0131 hizmet kar\u015f\u0131l\u0131\u011f\u0131 olan paran\u0131n kendisi taraf\u0131ndan \u00f6denece\u011fini ifade etmi\u015f ve takip eden \u00f6demeler kendisi taraf\u0131ndan yap\u0131lm\u0131\u015f olmakla birlikte belediye sosyal yard\u0131m\u0131ndan kar\u015f\u0131lanan paran\u0131n iade edildi\u011fine ili\u015fkin herhangi bir belge ve bilginin ibrat edilmemesinin, ilgili y\u00f6netmeli\u011fin 10. maddesinde d\u00fczenlenen \u201csayg\u0131nl\u0131k ve g\u00fcven\u201d ve 16. maddesindeki \u201ckamu kaynaklar\u0131 ve kullan\u0131m\u0131\u201d ilkelerine ayk\u0131r\u0131 oldu\u011funa karar verilmi\u015ftir.<\/p>\n<p style=\"text-align: justify;\"><strong>Mevzuata ayk\u0131r\u0131 dan\u0131\u015fman alm\u0131\u015f<\/strong><\/p>\n<p style=\"text-align: justify;\">\u00a0Belediye\u2019nin \u015firketi XX A.\u015e.\u2019de Genel M\u00fcd\u00fcr olarak g\u00f6rev yapan \u201cH\u201dyi, mevzuata ayk\u0131r\u0131 bi\u00e7imde Belediye Ba\u015fkan\u0131 dan\u0131\u015fman\u0131 olarak g\u00f6revlendirmesinin, bu stat\u00fcde i\u015fyeri a\u00e7ma ve \u00e7al\u0131\u015fma ruhsatlar\u0131na imza atmas\u0131na g\u00f6z yummas\u0131n\u0131n ve \u015firketten ayr\u0131ld\u0131ktan k\u0131sa bir s\u00fcre sonra s\u00f6z konusu \u015fahsa, Zab\u0131ta M\u00fcd\u00fcrl\u00fc\u011f\u00fc personeline e\u011fitim semineri i\u015finin do\u011frudan temin y\u00f6ntemiyle verilmesinin, Y\u00f6netmelik\u2019in 9., 10. ve 21. maddesinde \u00f6ng\u00f6r\u00fclen ilkelere ayk\u0131r\u0131 oldu\u011funa karar verilmi\u015ftir.<\/p>\n<p style=\"text-align: justify;\"><a href=\"http:\/\/www.cumhuriyet.com.tr\/?hn=267446&amp;kw=%DEifreli+ba%FEkan+kim%3F\" target=\"_blank\">Kaynak : F\u0131rat Kozok &#8211; Cumhuriyet Haber Portal\u0131<\/a><\/p>\n","protected":false},"excerpt":{"rendered":"<p style=\"text-align: center;\">\n<p style=\"text-align: justify;\">Ba\u015fbakanl\u0131k&#8217;\u0131n haz\u0131rlad\u0131\u011f\u0131 raporda ismi gizlenen AKP&#8217;li belediye ba\u015fkan\u0131n\u0131n yolsuzluklar\u0131 s\u0131raland\u0131.<\/p>\n<p style=\"text-align: justify;\">Cumhuriyet- Ankara- Cumhuriyet Ankara B\u00fcro &#8211; Ba\u015fbakanl\u0131k taraf\u0131ndan haz\u0131rlanan \u201c\u015fifreli raporda\u201d ismi ve belediyesi gizlenen bir belediye ba\u015fkan\u0131n\u0131n \u201cBu kadar\u0131na pes\u201d dedirtecek yolsuzluklara imza att\u0131\u011f\u0131 saptand\u0131.<\/p>\n","protected":false},"author":1,"featured_media":0,"comment_status":"open","ping_status":"open","sticky":false,"template":"","format":"standard","meta":{"footnotes":""},"categories":[105],"tags":[],"class_list":["post-37988","post","type-post","status-publish","format-standard","hentry","category-gundem","odd"],"_links":{"self":[{"href":"http:\/\/www.korhanyilmaz.com\/index.php?rest_route=\/wp\/v2\/posts\/37988","targetHints":{"allow":["GET"]}}],"collection":[{"href":"http:\/\/www.korhanyilmaz.com\/index.php?rest_route=\/wp\/v2\/posts"}],"about":[{"href":"http:\/\/www.korhanyilmaz.com\/index.php?rest_route=\/wp\/v2\/types\/post"}],"author":[{"embeddable":true,"href":"http:\/\/www.korhanyilmaz.com\/index.php?rest_route=\/wp\/v2\/users\/1"}],"replies":[{"embeddable":true,"href":"http:\/\/www.korhanyilmaz.com\/index.php?rest_route=%2Fwp%2Fv2%2Fcomments&post=37988"}],"version-history":[{"count":0,"href":"http:\/\/www.korhanyilmaz.com\/index.php?rest_route=\/wp\/v2\/posts\/37988\/revisions"}],"wp:attachment":[{"href":"http:\/\/www.korhanyilmaz.com\/index.php?rest_route=%2Fwp%2Fv2%2Fmedia&parent=37988"}],"wp:term":[{"taxonomy":"category","embeddable":true,"href":"http:\/\/www.korhanyilmaz.com\/index.php?rest_route=%2Fwp%2Fv2%2Fcategories&post=37988"},{"taxonomy":"post_tag","embeddable":true,"href":"http:\/\/www.korhanyilmaz.com\/index.php?rest_route=%2Fwp%2Fv2%2Ftags&post=37988"}],"curies":[{"name":"wp","href":"https:\/\/api.w.org\/{rel}","templated":true}]}}