{"id":37984,"date":"2011-08-08T10:02:38","date_gmt":"2011-08-08T07:02:38","guid":{"rendered":"http:\/\/www.korhanyilmaz.com\/?p=37984"},"modified":"2011-08-08T10:52:51","modified_gmt":"2011-08-08T07:52:51","slug":"10-ay-20-gun-bekleyen-hukuk","status":"publish","type":"post","link":"http:\/\/www.korhanyilmaz.com\/?p=37984","title":{"rendered":"10 ay 20 g\u00fcn bekleyen hukuk"},"content":{"rendered":"<div id=\"attachment_37985\" style=\"width: 139px\" class=\"wp-caption alignright\"><img loading=\"lazy\" decoding=\"async\" aria-describedby=\"caption-attachment-37985\" class=\"size-full wp-image-37985\" title=\"Yild\u0131r\u0131m T\u00fcrker\" src=\"http:\/\/www.korhanyilmaz.com\/wp-content\/uploads\/2011\/08\/5020.jpg\" alt=\"\" width=\"129\" height=\"117\" \/><p id=\"caption-attachment-37985\" class=\"wp-caption-text\">Yild\u0131r\u0131m T\u00fcrker<\/p><\/div>\n<p style=\"text-align: justify;\">Siyasi bir partinin genel ba\u015fkan\u0131 tam 10 ayd\u0131r yarg\u0131lanmadan tutuklu yat\u0131yor. Demokrasimizin bir de buradan okunmas\u0131nda yarar var.<\/p>\n<p style=\"text-align: justify;\">Pek\u00e2l\u00e2 \u015f\u00f6yle ba\u015flayabiliriz: Siyasi bir partinin genel ba\u015fkan\u0131 tam 10 ayd\u0131r yarg\u0131lanmadan tutuklu olarak yatmaktad\u0131r. Yaln\u0131z o da de\u011fil. SDP\u2019nin ba\u015fkan yard\u0131mc\u0131lar\u0131 ve y\u00f6neticileri Devrimci Kararg\u00e2h davas\u0131ndan bir tek di\u015fe gelir delile dayanmadan 10 ayd\u0131r ailelerinden, hayatlar\u0131ndan kopar\u0131lm\u0131\u015f durumda.<\/p>\n<p style=\"text-align: justify;\">Usta i\u015fi demokrasimizin bir de buradan okunmas\u0131nda derin yarar g\u00f6r\u00fcyorum.<!--more--><\/p>\n<p style=\"text-align: justify;\">SDP\u2019li ve T\u00d6P\u2019l\u00fc tutuklular 11-12 A\u011fustos\u2019ta Be\u015fikta\u015f\u2019ta 9. \u00d6zel Yetkili A\u011f\u0131r Ceza Mahkemesi\u2019nde ilk defa h\u00e2kim kar\u015f\u0131na \u00e7\u0131k\u0131p s\u00f6z alabilecekler. Tutuklanmalar\u0131ndan 10 ay 20 g\u00fcn sonra.<\/p>\n<p style=\"text-align: justify;\">13 Nisan\u2019daki duru\u015fmay\u0131 saym\u0131yoruz elbet. O duru\u015fmada san\u0131klar\u0131n sorgular\u0131 dahi yap\u0131lmadan, iddianameye kar\u015f\u0131 ne diyecekleri kayda ge\u00e7meden 12. A\u011f\u0131r Ceza Mahkemesi davalar\u0131n\u0131; 9. A\u011f\u0131r Ceza Mahkemesi\u2019nde daha \u00f6nce a\u00e7\u0131l\u0131p derdest olmu\u015f, birle\u015ftirilmi\u015f iki ayr\u0131 dosyadan olu\u015fan Devrimci Kararg\u00e2h davas\u0131yla birle\u015ftirme y\u00f6n\u00fcnde karar verdi.<\/p>\n<p style=\"text-align: justify;\">\u015eimdi, bu sosyalistlerin delilsiz ve tan\u0131ks\u0131z bir yarg\u0131lamayla, ne zaman bitece\u011fi belli olmayan bir tutukluluk haliyle fiilen cezaland\u0131r\u0131lmalar\u0131 kar\u015f\u0131s\u0131nda yap\u0131labilecek bir \u015fey yok mu?<\/p>\n<p style=\"text-align: justify;\">10 ay savunma hakk\u0131na ula\u015famadan hapis yatanlar\u0131n bu arada yitirdiklerinin hesab\u0131n\u0131 sorabilecek miyiz, y\u00fcce T\u00fcrk yarg\u0131s\u0131ndan?<\/p>\n<p style=\"text-align: justify;\"><strong>G\u00f6z ard\u0131 edilen haklar<\/strong><\/p>\n<p style=\"text-align: justify;\">Korunmaya de\u011fmeyen, savunulmay\u0131 hak etmeyen hayatlar m\u0131d\u0131r onlar\u0131nki?<\/p>\n<p style=\"text-align: justify;\">\u00d6zel Yetkili A\u011f\u0131r Ceza mahkemelerinin DGM\u2019lerden fark\u0131 nedir?<\/p>\n<p style=\"text-align: justify;\">KCK davas\u0131nda da Devrimci Kararg\u00e2h davas\u0131nda da yarg\u0131lananlar\u0131n asal haklar\u0131 f\u00fctursuzca g\u00f6z ard\u0131 edilmektedir.<\/p>\n<p style=\"text-align: justify;\">Bu mahkemeler seferberlik hukukuyla d\u00fc\u015fman g\u00f6rd\u00fcklerinin san\u0131k haklar\u0131n\u0131 hi\u00e7e saymakta, devletin bekas\u0131 ad\u0131na onlar\u0131n savunmalar\u0131n\u0131 bile almaya tenezz\u00fcl buyurmamaktad\u0131r. Dolay\u0131s\u0131yla hukukumuz da bir devletin tekinsiz g\u00f6rd\u00fckleri i\u00e7in, bir de s\u0131radan vatanda\u015f i\u00e7in olmak \u00fczere par\u00e7alanm\u0131\u015ft\u0131r.<\/p>\n<p style=\"text-align: justify;\">S\u00f6zgelimi tekinsizler i\u00e7in Newroz kutlamas\u0131na kat\u0131lmak, 1 May\u0131s\u2019a kat\u0131lmak, IMF-DB kar\u015f\u0131t\u0131 me\u015fru protesto etkinlikleri; bunun d\u0131\u015f\u0131nda Orhan Y\u0131lmazkaya\u2019ya yap\u0131lan yarg\u0131s\u0131z infaz\u0131n protesto edildi\u011fi a\u00e7\u0131klamalar, SDP\u2019nin muhtelif yay\u0131n organlar\u0131nda sosyalist \u00f6\u011freti ile ilgili tart\u0131\u015fma yaz\u0131lar\u0131 ve partinin bu \u00e7er\u00e7evedeki bildiri ya da a\u00e7\u0131klamalar\u0131 ile T\u00d6P\u2019\u00fcn zaman zaman yapt\u0131\u011f\u0131 a\u00e7\u0131klamalar su\u00e7 say\u0131l\u0131yor. Ba\u015fka bir ipucuna gerek yok onlar\u0131n su\u00e7lulu\u011funu kan\u0131tlayabilmek i\u00e7in.<\/p>\n<p style=\"text-align: justify;\">Masumiyet karinesinin \u00e7ok g\u00f6r\u00fcld\u00fc\u011f\u00fc vatanda\u015f\u0131 i\u00e7in k\u0131l\u0131n\u0131 bile k\u0131p\u0131rdatmayan demokrat h\u00fck\u00fcmet kimi inand\u0131r\u0131r?<\/p>\n<p style=\"text-align: justify;\"><strong>Araya kar\u0131\u015f\u0131k&#8230;<\/strong><\/p>\n<p style=\"text-align: justify;\">Bu arada iki hafta \u00f6nce \u201cDevrimci Cephe\u201d dergisi yaz\u0131i\u015fleri m\u00fcd\u00fcr\u00fc, avukat \u00d6zcan K\u0131l\u0131\u00e7, kafe \u00e7al\u0131\u015fan\u0131 bir kad\u0131n ve eski bir SDP \u00fcyesi g\u00f6zalt\u0131na al\u0131nd\u0131. Yaz\u0131i\u015fleri m\u00fcd\u00fcr\u00fc ve eski SDP \u00fcyesi tutukland\u0131. T\u00fcm bunlar\u0131n yukar\u0131da s\u00f6z\u00fcn\u00fc etti\u011fim davayla bir ba\u011flant\u0131s\u0131 yok. Ama gayet iyi biliyoruz ki, 11 A\u011fustos\u2019taki duru\u015fmada \u201cYeni geli\u015fmelerin \u0131\u015f\u0131\u011f\u0131nda durumun ara\u015ft\u0131r\u0131lmas\u0131na\u201d ve \u201ctutuklulu\u011fun devam\u0131na\u201d karar verilebilir.<\/p>\n<p style=\"text-align: justify;\">Aslolan, d\u00fc\u015fman\u0131 bin bir bahaneyle i\u00e7eride tutmak.<\/p>\n<p style=\"text-align: justify;\">Sosyalist muhalefete de a\u011f\u0131r bir g\u00f6zda\u011f\u0131 vermek.<\/p>\n<p style=\"text-align: justify;\"><strong>Y\u0131lmaz\u2019\u0131n mektubu<\/strong><\/p>\n<p style=\"text-align: justify;\">Ayn\u0131 dalgada tutuklanan Toplumsal \u00d6zg\u00fcrl\u00fck Platformu s\u00f6zc\u00fcs\u00fc Tuncay Y\u0131lmaz, Tekirda\u011f 1 No\u2019lu F Tipi Cezaevi\u2019nden mektup g\u00f6ndermi\u015f. Bir b\u00f6l\u00fcm\u00fcn\u00fc aktar\u0131yorum:<\/p>\n<p style=\"text-align: justify;\">\u201c21 Eyl\u00fcl \u00f6ncesi Toplumsal \u00d6zg\u00fcrl\u00fck Platformu\u2019nun s\u00f6zc\u00fcs\u00fcyken, d\u00fczenlenen komplo sonucu bir anda kamuoyuna silahl\u0131 bir illegal \u00f6rg\u00fct\u00fcn \u00fcyesi olarak lanse edildim\/edildik. Hakk\u0131m\u0131zda bu yay\u0131nlar\u0131 yapanlar bir kez olsun ne bizden, ne avukatlar\u0131m\u0131zdan su\u00e7lamalara ilgili g\u00f6r\u00fc\u015f almad\u0131lar. Bu b\u00fcy\u00fck medya sim\u00fclasyonunun i\u00e7erisinde bizlere kulak veren birka\u00e7 gazeteci ve televizyoncunun sesi duyulmad\u0131 bile.<\/p>\n<p style=\"text-align: justify;\">\u0130ki y\u0131la yak\u0131n s\u00fcre yap\u0131lan teknik takip (cep telefonu dinleme, mail vs), fiziki takip ve izleme-g\u00f6zleme faaliyetinden elde edilen verilere dayanarak olu\u015fturulan 10.000 sayfay\u0131 bulan dava dosyas\u0131nda ve 140 sayfal\u0131k savc\u0131l\u0131k iddianamesinde Devrimci Kararg\u00e2h\u2019la ba\u011flant\u0131ma ili\u015fkin sunulan tek somut delil Orhan Y\u0131lmazkaya ile ilgili bir bas\u0131n a\u00e7\u0131klamas\u0131na kat\u0131lmam ve orada konu\u015fma yapmam.<\/p>\n<p style=\"text-align: justify;\">\u2026Bu zay\u0131fl\u0131\u011f\u0131 polis de fark ediyor ki, itiraf\u00e7\u0131lardan, gizli tan\u0131klardan ald\u0131\u011f\u0131 uydurma ifadelerle fezlekesini g\u00fc\u00e7lendirmeye \u00e7al\u0131\u015f\u0131yor. \u00d6rne\u011fin benim hakk\u0131mda Deniz Harp Okulu\u2019nda birlikte okudu\u011fum, sonraki d\u00f6nemde PKK\u2019ya kat\u0131lan ve 12 y\u0131l orada kald\u0131ktan sonra 2009 y\u0131l\u0131nda itiraf\u00e7\u0131 olarak devlete teslim olan bir \u015fahsa benim \u2018\u00c7at\u0131 Partisi\u2019nin koordinat\u00f6r\u00fc, DOLAYISIYLA Devrimci Kararg\u00e2h\u2019\u0131n y\u00f6neticisi\u2019 oldu\u011fum y\u00f6n\u00fcnde ifade verdirmi\u015fler.<\/p>\n<p style=\"text-align: justify;\">12 Haziran se\u00e7imlerine Emek, Demokrasi ve \u00d6zg\u00fcrl\u00fck Bloku olarak kat\u0131l\u0131p, 36 milletvekili se\u00e7tiren \u00e7al\u0131\u015fman\u0131n \u00f6nceli say\u0131labilecek \u2018\u00c7at\u0131 Partisi Giri\u015fimi\u2019 bir itiraf\u00e7\u0131n\u0131n yorumuyla bir anda Devrimci Kararg\u00e2h\u2019\u0131n \u00e7at\u0131 \u00f6rg\u00fct\u00fc olabiliyormu\u015f demek.<\/p>\n<p style=\"text-align: justify;\">O halde 40 klas\u00f6r dava dosyas\u0131 neyle doldurulmu\u015f derseniz, davan\u0131n esas\u0131yla ili\u015fkisi olmayan, hatta polisin bile ili\u015fki kurmaya \u00e7abalamad\u0131\u011f\u0131, bir\u00e7ok demokratik eyleme kat\u0131l\u0131m\u0131m\u0131zla ilgili \u2018bilgi bombard\u0131man\u0131\u2019, izleme-g\u00f6zleme-dinleme tutanaklar\u0131, 1 May\u0131s\u2019tan n\u00fckleer santrala, HES\u2019lere kar\u015f\u0131 yap\u0131lan mitinglere, 12 ya\u015f\u0131nda bir havan mermisiyle parampar\u00e7a olan Ceylan \u00d6nkol\u2019a, 12 Eyl\u00fcl askeri darbesinde idam edilen Necdet Adal\u0131\u2019ya ili\u015fkin anmalara kat\u0131lmam\u0131za dair \u2018kanaat olu\u015fturucu\u2019 dok\u00fcmanlar\u2026<\/p>\n<p style=\"text-align: justify;\">Daha fazlas\u0131n\u0131 bizler 11-12 A\u011fustos\u2019ta g\u00f6r\u00fclecek davam\u0131zda kendimiz de anlataca\u011f\u0131z. Ben sadece dosyada belirtilen bu eylem ve etkinliklere de\u011fil, gen\u00e7lerin \u2018paras\u0131z, bilimsel, anadilde e\u011fitim\u2019 i\u00e7in yapt\u0131klar\u0131 a\u00e7\u0131klamalara, homofobiye kar\u015f\u0131 y\u00fcr\u00fcyen e\u015fcinsellerle \u2018Onur Haftas\u0131\u2019 y\u00fcr\u00fcy\u00fc\u015flerine, Davutpa\u015fa\u2019da, Tuzla\u2019da ya\u015fanan i\u015f cinayetlerine kar\u015f\u0131 yap\u0131lan mitinglere, Mad\u0131mak Oteli\u2019nin Utan\u00e7 M\u00fczesi olmas\u0131 i\u00e7in d\u00fczenlenen 2 Temmuz etkinliklerine, K\u00fcrt sorununun demokratik \u00e7\u00f6z\u00fcm\u00fc i\u00e7in yap\u0131lan g\u00f6sterilere kat\u0131ld\u0131m, feministlerin kad\u0131n kurtulu\u015fu i\u00e7in d\u00fczenledikleri faaliyetleri de destekledim.<\/p>\n<p style=\"text-align: justify;\">Bizleri bunlardan dolay\u0131 yarg\u0131lasalar g\u00f6n\u00fcl rahatl\u0131\u011f\u0131yla ve kolayl\u0131kla kendimizi savunabiliriz. Ancak ili\u015fkimiz olmayan bir \u00f6rg\u00fct\u00fcn \u00fcyesi olmad\u0131\u011f\u0131m\u0131z\u0131 nas\u0131l ispatlayabiliriz ki!<\/p>\n<p style=\"text-align: justify;\">\u2026\u0130stiklal Mahkemeleri, S\u0131k\u0131y\u00f6netim Mahkemeleri ve DGM\u2019lerin devam\u0131 say\u0131labilecek bu hukuk anlay\u0131\u015f\u0131n\u0131n ortaya \u00e7\u0131kard\u0131\u011f\u0131 sonu\u00e7lar\u0131 KCK davas\u0131ndan, Ahmet \u015e\u0131k, Nedim \u015eener gibi demokrat gazetecilerin de dahil edildi\u011fi Ergenekon davas\u0131ndan ve bizlerin yarg\u0131land\u0131\u011f\u0131 Devrimci Kararg\u00e2h davas\u0131ndan izleyebilirsiniz.\u201d<\/p>\n<p style=\"text-align: justify;\">Bu rezil oyuna itiraz\u0131 olanlar\u0131, 11-12 A\u011fustos\u2019taki duru\u015fmaya, dayan\u0131\u015fmaya \u00e7a\u011f\u0131r\u0131yorum.<\/p>\n<p style=\"text-align: justify;\"><a href=\"http:\/\/www.radikal.com.tr\/Default.aspx?aType=RadikalYazar&amp;ArticleID=1059209&amp;Yazar=YILDIRIM&amp;Date=08.08.2011&amp;CategoryID=98\" target=\"_blank\">Kaynak : Y\u0131ld\u0131r\u0131m T\u00fcrker &#8211; Radikal.com.tr<\/a><\/p>\n","protected":false},"excerpt":{"rendered":"<p id=\"caption-attachment-37985\" class=\"wp-caption-text\">Yild\u0131r\u0131m T\u00fcrker<\/p>\n<p style=\"text-align: justify;\">Siyasi bir partinin genel ba\u015fkan\u0131 tam 10 ayd\u0131r yarg\u0131lanmadan tutuklu yat\u0131yor. Demokrasimizin bir de buradan okunmas\u0131nda yarar var.<\/p>\n<p style=\"text-align: justify;\">Pek\u00e2l\u00e2 \u015f\u00f6yle ba\u015flayabiliriz: Siyasi bir partinin genel ba\u015fkan\u0131 tam 10 ayd\u0131r yarg\u0131lanmadan tutuklu olarak yatmaktad\u0131r. Yaln\u0131z o da de\u011fil. SDP\u2019nin ba\u015fkan yard\u0131mc\u0131lar\u0131 ve y\u00f6neticileri Devrimci Kararg\u00e2h davas\u0131ndan bir tek <\/p>\n","protected":false},"author":1,"featured_media":0,"comment_status":"open","ping_status":"open","sticky":false,"template":"","format":"standard","meta":{"footnotes":""},"categories":[105,16],"tags":[],"class_list":["post-37984","post","type-post","status-publish","format-standard","hentry","category-gundem","category-kose-yazilari","odd"],"_links":{"self":[{"href":"http:\/\/www.korhanyilmaz.com\/index.php?rest_route=\/wp\/v2\/posts\/37984","targetHints":{"allow":["GET"]}}],"collection":[{"href":"http:\/\/www.korhanyilmaz.com\/index.php?rest_route=\/wp\/v2\/posts"}],"about":[{"href":"http:\/\/www.korhanyilmaz.com\/index.php?rest_route=\/wp\/v2\/types\/post"}],"author":[{"embeddable":true,"href":"http:\/\/www.korhanyilmaz.com\/index.php?rest_route=\/wp\/v2\/users\/1"}],"replies":[{"embeddable":true,"href":"http:\/\/www.korhanyilmaz.com\/index.php?rest_route=%2Fwp%2Fv2%2Fcomments&post=37984"}],"version-history":[{"count":0,"href":"http:\/\/www.korhanyilmaz.com\/index.php?rest_route=\/wp\/v2\/posts\/37984\/revisions"}],"wp:attachment":[{"href":"http:\/\/www.korhanyilmaz.com\/index.php?rest_route=%2Fwp%2Fv2%2Fmedia&parent=37984"}],"wp:term":[{"taxonomy":"category","embeddable":true,"href":"http:\/\/www.korhanyilmaz.com\/index.php?rest_route=%2Fwp%2Fv2%2Fcategories&post=37984"},{"taxonomy":"post_tag","embeddable":true,"href":"http:\/\/www.korhanyilmaz.com\/index.php?rest_route=%2Fwp%2Fv2%2Ftags&post=37984"}],"curies":[{"name":"wp","href":"https:\/\/api.w.org\/{rel}","templated":true}]}}