{"id":37967,"date":"2011-08-04T16:05:07","date_gmt":"2011-08-04T13:05:07","guid":{"rendered":"http:\/\/www.korhanyilmaz.com\/?p=37967"},"modified":"2011-08-08T03:09:49","modified_gmt":"2011-08-08T00:09:49","slug":"gulene-karsiysan-devrimci-karargahcisin","status":"publish","type":"post","link":"http:\/\/www.korhanyilmaz.com\/?p=37967","title":{"rendered":"G\u00fclen&#8217;e kar\u015f\u0131ysan Devrimci Karargah\u00e7\u0131s\u0131n!"},"content":{"rendered":"<p style=\"text-align: center;\"><a href=\"http:\/\/www.korhanyilmaz.com\/wp-content\/uploads\/2011\/08\/5016.jpg\"  class=\"lightview\"><img loading=\"lazy\" decoding=\"async\" class=\"aligncenter size-full wp-image-37968\" src=\"http:\/\/www.korhanyilmaz.com\/wp-content\/uploads\/2011\/08\/5016.jpg\" alt=\"\" width=\"384\" height=\"288\" \/><\/a><\/p>\n<p style=\"text-align: justify;\">Devrimci Karargah operasyonu ad\u0131 alt\u0131nda yap\u0131lan son polis bask\u0131nlar\u0131n\u0131n hedeflerinden biri olan Kad\u0131k\u00f6y K\u00fclt\u00fcr Kafe\u2019de g\u00f6zalt\u0131na al\u0131nan kafe \u00e7al\u0131\u015fan\u0131 ve \u00fcniversite \u00f6\u011frencisi Ye\u015fim Kantekin, Fethullah G\u00fclen cemaatine alternatif e\u011fitim ve dayan\u0131\u015fma projesi y\u00fcr\u00fctt\u00fckleri i\u00e7in hedef olduklar\u0131n\u0131 s\u00f6yl\u00fcyor. <!--more--><\/p>\n<p style=\"text-align: justify;\">30 Temmuz 2011 tarihinde saat 16.00 s\u0131ralar\u0131nda \u0130stanbul Emniyet\u2019e ba\u011fl\u0131 Ter\u00f6r ile M\u00fccadele\u2019den gelen 10 sivil polis Kad\u0131k\u00f6y K\u00fclt\u00fcr Kafe\u2019ye girerek e\u015fyalar\u0131 i\u00e7eriyi darmada\u011f\u0131n etti. Bilgisayarlara, hard disklere, CD\u2019lere, sol i\u00e7erikli kitaplara el koyan polisler, hi\u00e7bir gerek\u00e7e g\u00f6stermeden K\u00fclt\u00fcr Kafe \u00e7al\u0131\u015fan\u0131 ve \u00fcniversite \u00f6\u011frencisi Ye\u015fim Kantekin\u2019i de apar topar g\u00f6zalt\u0131na ald\u0131. D\u00f6rt g\u00fcn g\u00f6zalt\u0131nda tutulan ve serbest b\u0131rak\u0131lan Kantekin, ANF\u2019ye konu\u015ftu. Odak \u00e7evresi olarak uzunca bir s\u00fcredir G\u00fclen cemaatine kar\u015f\u0131 alternatif e\u011fitim ve dayan\u0131\u015fma projesi y\u00fcr\u00fctt\u00fcklerini anlatan Kantekin, bu nedenle hedef se\u00e7ildiklerini belirtti.<\/p>\n<p style=\"text-align: justify;\"><strong>POL\u0130S BASKINI<\/strong><\/p>\n<p style=\"text-align: justify;\">Bask\u0131n s\u0131ras\u0131nda ya\u015fananlar\u0131 anlatan Kantekin, \u015f\u00f6yle dedi: \u201cDirekt bize kameray\u0131 do\u011frultarak arama yapacaklar\u0131n\u0131 s\u00f6ylediler. Ellerindeki arama izin ka\u011f\u0131d\u0131n\u0131 g\u00f6sterdiler. O ka\u011f\u0131tta benim, Do\u011fan Can Baran\u2019\u0131n ve de ba\u015fka bir arkada\u015f\u0131n ad\u0131 yaz\u0131l\u0131yd\u0131. Kafe\u2019nin alt kat\u0131n\u0131, \u00fcst kat\u0131n\u0131 aramaya ba\u015flad\u0131lar. Odak dergilerine, ba\u015fka kurumlardan gelen dergilere, bizim yeni \u00e7\u0131km\u0131\u015f olan \u2018E\u011fitim ve Dayan\u0131\u015fma Hareketi, Se\u00e7meler 1\u2019 kitaplar\u0131na el koydular. Bilgisayarlara, CD ve hard disklere el koydular. Arama bittikten sonra yazd\u0131klar\u0131 tutana\u011f\u0131 okuttular bana. Metinde \u2018Devrimci Karargah\u2019 \u00f6rg\u00fct\u00fc ile ili\u015fkisi oldu\u011fu \u015f\u00fcphesiyle Ye\u015fim Kantekin\u2019in g\u00f6zalt\u0131na al\u0131nmas\u0131 yaz\u0131l\u0131yd\u0131. O anda g\u00f6zalt\u0131na al\u0131naca\u011f\u0131m\u0131 anlad\u0131m. Benim iddia edilen \u00f6rg\u00fctle bir ili\u015fkim olmad\u0131\u011f\u0131 i\u00e7in tutana\u011f\u0131 imzalamad\u0131m. Beni aramaya bindirip \u00f6nce Yenibosna\u2019daki Adli T\u0131p Kurumuna g\u00f6t\u00fcrd\u00fcler, ard\u0131ndan \u0130stanbul Emniyet M\u00fcd\u00fcrl\u00fc\u011f\u00fc Ter\u00f6r ile M\u00fccadele \u015eubesine g\u00f6t\u00fcrd\u00fcler.\u201d<\/p>\n<p style=\"text-align: justify;\">Kantekin \u015f\u00f6yle devam etti: \u201cAyn\u0131 zamanda yakla\u015f\u0131k 30 polis de evime bask\u0131n yapm\u0131\u015flar. Karde\u015fim \u00e7al\u0131\u015ft\u0131\u011f\u0131 i\u00e7in evde kimse yoktu. Kap\u0131y\u0131 \u00e7ilingirle a\u00e7m\u0131\u015flar. Evdeki bilgisayarlar\u0131, karde\u015fimin diz\u00fcst\u00fc bilgisayar\u0131n\u0131, b\u00fct\u00fcn hard diskleri al\u0131p gitmi\u015fler. Bunu haber bile vermeden yapt\u0131lar. Evi darmada\u011f\u0131n etmi\u015fler. Daha neleri ald\u0131klar\u0131n\u0131 tam olarak bilmiyorum ancak bu \u015fekilde insanlar\u0131n evine girip istediklerine el koymalar\u0131 da kabul edilemez.\u201d<\/p>\n<p style=\"text-align: justify;\"><strong>G\u00d6ZALTINDA BASKI<\/strong><\/p>\n<p style=\"text-align: justify;\">G\u00f6zalt\u0131nda bask\u0131ya maruz kald\u0131\u011f\u0131n\u0131 s\u00f6yleyen Kantekin, \u015funlar\u0131 s\u00f6yledi: \u201c Saatlerce nezarethanede tutulduktan sonra sorgu odas\u0131na al\u0131nd\u0131m. Bana ilk etapta siyah beyaz bir foto\u011fraf g\u00f6sterdiler. \u015eahs\u0131 tan\u0131y\u0131p tan\u0131mad\u0131\u011f\u0131m\u0131 sordular. Tan\u0131mad\u0131\u011f\u0131m i\u00e7in hay\u0131r cevab\u0131n\u0131 verdim. Daha sonra tekrar nezarethaneye soktular. Birka\u00e7 saat sonra tekrar geldiler, bu kez de \u00fcniversiteden arkada\u015f\u0131m\u0131n foto\u011fraf\u0131n\u0131 g\u00f6sterdiler tan\u0131y\u0131p tan\u0131mad\u0131\u011f\u0131m\u0131 sordular. Ben de tan\u0131d\u0131\u011f\u0131m\u0131 s\u00f6yledim. Birden \u2018Bunu tan\u0131yorsun da di\u011fer g\u00f6sterdi\u011fimizi nas\u0131l tan\u0131m\u0131yorsun?\u2019 diyerek \u00fczerimde bask\u0131 kurmaya \u00e7al\u0131\u015ft\u0131lar. Foto\u011fraf\u0131n\u0131 g\u00f6sterdikleri \u00fcniversite \u00f6\u011frencisi arkada\u015f\u0131m hakk\u0131nda bir s\u00fcr\u00fc soru y\u00f6neltmeye ba\u015flad\u0131lar. En son kafeye ne zaman u\u011frad\u0131\u011f\u0131n\u0131, nerelere gitti\u011fini, neler yapt\u0131\u011f\u0131n\u0131 vs\u2026 Sonra tekrar bana d\u00f6n\u00fcp hangi yay\u0131nlar\u0131 okudu\u011fumu, nas\u0131l ge\u00e7indi\u011fimi sordular. Daha sonra Be\u015fikta\u015f A\u011f\u0131r Ceza\u2019ya \u00e7\u0131kart\u0131ld\u0131m, serbest b\u0131rak\u0131lmama ra\u011fmen cep telefonumu hala geri vermi\u015f de\u011filler.\u201d<\/p>\n<p style=\"text-align: justify;\"><strong>POL\u0130S\u0130N G\u00dcLEN HASSAS\u0130YET\u0130<\/strong><\/p>\n<p style=\"text-align: justify;\">Odak \u00e7evresi olarak Fethullah Cemaat\u00e7ilili\u011fine kar\u015f\u0131 toplumda alternatif bir e\u011fitim ve dayan\u0131\u015fma geli\u015ftirmek amac\u0131yla \u00e7al\u0131\u015fmalar y\u00fcr\u00fctt\u00fcklerine ve son olarak bu \u00e7er\u00e7evede \u2018E\u011fitim ve Dayan\u0131\u015fma Hareketi\u2019 adl\u0131 kitab\u0131 \u00e7\u0131kartt\u0131klar\u0131na dikkat \u00e7eken Kantekin, bu \u00e7al\u0131\u015fmalar\u0131n polis te\u015fkilat\u0131n\u0131 rahats\u0131z etmi\u015f olabilece\u011fini vurgulad\u0131.<\/p>\n<p style=\"text-align: justify;\"><strong>AMA\u00c7 KEND\u0130 S\u0130STEMLER\u0130NE ALTERNAT\u0130F HER D\u00dc\u015e\u00dcNCEY\u0130 YOK ETMEK<\/strong><\/p>\n<p style=\"text-align: justify;\">Alternatif bir e\u011fitim yaratma \u00e7al\u0131\u015fmas\u0131 kapsam\u0131nda kitap \u00e7\u0131kt\u0131ktan sonra d\u00fc\u015f\u00fcncelerini aktarmak i\u00e7in bir\u00e7ok gazeteci, sanat\u00e7\u0131 ve ayd\u0131n ile bir araya geldiklerini anlatan Kantekin, \u201c\u00c7ok b\u00fcy\u00fck bir destek ald\u0131k. Kad\u0131k\u00f6y K\u00fclt\u00fcr Kafe\u2019si de bu alternatif e\u011fitime katk\u0131da bulunan bir mekan sonu\u00e7 itibariyle. Odak\u2019\u0131n hedef al\u0131nmas\u0131n\u0131n en \u00f6nemli nedeninin bu alternatif e\u011fitim \u00e7al\u0131\u015fmas\u0131 oldu\u011funu d\u00fc\u015f\u00fcn\u00fcyorum\u201d dedi.<\/p>\n<p style=\"text-align: justify;\">Bug\u00fcn ilericileri ve devrimcileri hapse atman\u0131n \u00e7ok daha kolayla\u015ft\u0131\u011f\u0131n\u0131, bir kitab\u0131n, bir telefon konu\u015fmas\u0131n\u0131n yeterli say\u0131ld\u0131\u011f\u0131n\u0131 hat\u0131rlatan Kantekin, \u201cSudan sebeplerle K\u00fcrt devrimcilerini KCK ad\u0131 alt\u0131nda tutuklarken, sosyalistleri de Devrimci Karargah ad\u0131 alt\u0131nda tutukluyorlar. Burada ama\u00e7 muhalif kesimi sindirip susturmakt\u0131r. Alan\u0131 bo\u015falt\u0131p rahat\u00e7a kendi sistemlerini halka dayatmakt\u0131r. G\u00f6zalt\u0131lar da bu sindirmenin ve korkutma politikas\u0131n\u0131n bir par\u00e7as\u0131\u201d diye konu\u015ftu.<\/p>\n<p style=\"text-align: justify;\">Daha \u00f6nce de alternatif e\u011fitim ve dayan\u0131\u015fma amac\u0131yla \u00e7al\u0131\u015fmalar y\u00fcr\u00fcten ve Fethullah G\u00fclen Cemaati hakk\u0131nda \u00e7ok say\u0131da \u00e7al\u0131\u015fma yapan Eski\u015fehir \u00fcniversitesindeki arkada\u015flar\u0131n\u0131n hi\u00e7 sebepsiz tutukland\u0131\u011f\u0131n\u0131 ifade eden Kantekin, \u201cKendi yerle\u015ftirdikleri sisteme alternatif olacak her d\u00fc\u015f\u00fcnceyi, her giri\u015fimi yok etmeye \u00e7al\u0131\u015f\u0131yorlar. Buna art\u0131k dur demek laz\u0131m \u201d diye belirtti.<\/p>\n<p style=\"text-align: justify;\"><a href=\"http:\/\/www.birgun.net\/actuels_index.php?news_code=1312461019&amp;year=2011&amp;month=08&amp;day=04\" target=\"_blank\">Kaynak : Zeynep Kuray &#8211; BirG\u00fcn<\/a><\/p>\n","protected":false},"excerpt":{"rendered":"<p style=\"text-align: center;\">\n<p style=\"text-align: justify;\">Devrimci Karargah operasyonu ad\u0131 alt\u0131nda yap\u0131lan son polis bask\u0131nlar\u0131n\u0131n hedeflerinden biri olan Kad\u0131k\u00f6y K\u00fclt\u00fcr Kafe\u2019de g\u00f6zalt\u0131na al\u0131nan kafe \u00e7al\u0131\u015fan\u0131 ve \u00fcniversite \u00f6\u011frencisi Ye\u015fim Kantekin, Fethullah G\u00fclen cemaatine alternatif e\u011fitim ve dayan\u0131\u015fma projesi y\u00fcr\u00fctt\u00fckleri i\u00e7in hedef olduklar\u0131n\u0131 s\u00f6yl\u00fcyor. <\/p>\n","protected":false},"author":1,"featured_media":0,"comment_status":"open","ping_status":"open","sticky":false,"template":"","format":"standard","meta":{"footnotes":""},"categories":[105],"tags":[],"class_list":["post-37967","post","type-post","status-publish","format-standard","hentry","category-gundem","odd"],"_links":{"self":[{"href":"http:\/\/www.korhanyilmaz.com\/index.php?rest_route=\/wp\/v2\/posts\/37967","targetHints":{"allow":["GET"]}}],"collection":[{"href":"http:\/\/www.korhanyilmaz.com\/index.php?rest_route=\/wp\/v2\/posts"}],"about":[{"href":"http:\/\/www.korhanyilmaz.com\/index.php?rest_route=\/wp\/v2\/types\/post"}],"author":[{"embeddable":true,"href":"http:\/\/www.korhanyilmaz.com\/index.php?rest_route=\/wp\/v2\/users\/1"}],"replies":[{"embeddable":true,"href":"http:\/\/www.korhanyilmaz.com\/index.php?rest_route=%2Fwp%2Fv2%2Fcomments&post=37967"}],"version-history":[{"count":0,"href":"http:\/\/www.korhanyilmaz.com\/index.php?rest_route=\/wp\/v2\/posts\/37967\/revisions"}],"wp:attachment":[{"href":"http:\/\/www.korhanyilmaz.com\/index.php?rest_route=%2Fwp%2Fv2%2Fmedia&parent=37967"}],"wp:term":[{"taxonomy":"category","embeddable":true,"href":"http:\/\/www.korhanyilmaz.com\/index.php?rest_route=%2Fwp%2Fv2%2Fcategories&post=37967"},{"taxonomy":"post_tag","embeddable":true,"href":"http:\/\/www.korhanyilmaz.com\/index.php?rest_route=%2Fwp%2Fv2%2Ftags&post=37967"}],"curies":[{"name":"wp","href":"https:\/\/api.w.org\/{rel}","templated":true}]}}