{"id":37962,"date":"2011-07-13T16:19:11","date_gmt":"2011-07-13T13:19:11","guid":{"rendered":"http:\/\/www.korhanyilmaz.com\/?p=37962"},"modified":"2011-08-08T02:45:38","modified_gmt":"2011-08-07T23:45:38","slug":"ntv-uzerine","status":"publish","type":"post","link":"http:\/\/www.korhanyilmaz.com\/?p=37962","title":{"rendered":"NTV \u00dczerine&#8230;."},"content":{"rendered":"<p style=\"text-align: center;\"><a href=\"http:\/\/www.korhanyilmaz.com\/wp-content\/uploads\/2011\/08\/5015.jpg\"  class=\"lightview\"><img loading=\"lazy\" decoding=\"async\" class=\"aligncenter size-full wp-image-37963\" src=\"http:\/\/www.korhanyilmaz.com\/wp-content\/uploads\/2011\/08\/5015.jpg\" alt=\"\" width=\"324\" height=\"243\" \/><\/a><\/p>\n<p style=\"text-align: justify;\">NTV 1996 y\u0131l\u0131nda T\u00fcrkiye&#8217;nin ilk haber kanal\u0131 olarak yay\u0131na ba\u015flad\u0131\u011f\u0131nda bu konuda da bir mecran\u0131n \u00f6nc\u00fcs\u00fc olmu\u015ftu. Sahibi Nergis Holding&#8217;in de sahibi Cavit \u00c7a\u011flar&#8217;d\u0131. Fakat s\u00f6z konusu T\u00fcrkiye&#8217;de ilk defa bir haber kanal\u0131 kurmak oldu\u011funda eli kalem tutanlardan yani b\u00fcy\u00fck oranda solculardan bir kadro kurmak ka\u00e7\u0131n\u0131lmazd\u0131. Tabii ki bu NTV&#8217;nin sosyalist bir yay\u0131n politikas\u0131 oldu\u011fu anlam\u0131na gelmiyordu ama anaak\u0131m medya ile kar\u015f\u0131la\u015ft\u0131r\u0131ld\u0131\u011f\u0131nda daha nitelikli oldu\u011fu a\u00e7\u0131kt\u0131. Hatta o zamanlar Cavit \u00c7a\u011flar&#8217;\u0131n; &#8220;Ben bu solculara her ay \u00e7uvalla para \u00f6d\u00fcyorum&#8221;, dedi\u011fi s\u00f6ylenir. NTV uzun s\u00fcre yay\u0131n politikas\u0131 do\u011frultusunda televizyoncu\/reklamc\u0131 diliyle AB kitlesinin yani e\u011fitimli grubun ilgi oda\u011f\u0131 oldu.<!--more--><\/p>\n<p style=\"text-align: justify;\">1999&#8217;dan itibaren kanal el de\u011fi\u015ftirerek Ferit \u015eahenk&#8217;in sahibi oldu\u011fu Do\u011fu\u015f Grubu&#8217;na ge\u00e7ti. Kanal\u0131n yay\u0131n politikas\u0131nda g\u00f6zle g\u00f6r\u00fcl\u00fcr bir de\u011fi\u015fiklik olmad\u0131. NTV, yine &#8220;tarafs\u0131z&#8221; ve steril bir haber kanal\u0131 olarak devam etti. &#8220;Tarafs\u0131zl\u0131\u011f\u0131, ulusal \u00f6\u011felere ve evrensel etik de\u011ferlere sayg\u0131l\u0131, ilkeli yay\u0131n anlay\u0131\u015f\u0131, izleyicisi ile kurudu\u011fu ileti\u015fim, dinamik kadrosu ve teknik donan\u0131m\u0131 ile NTV, sadece bir haber kanal\u0131 de\u011fil, ayn\u0131 zamanda kamuoyu nezdinde de itibarl\u0131 ve \u2018g\u00fcvenilir haber\u2019 ile e\u015fanlaml\u0131 bir marka&#8221;, bu da Do\u011fu\u015f Grubu&#8217;nun internet sitesinden NTV&#8217;nin tan\u0131m\u0131. Cnbce, e2, Ntvspor gibi kanallar ile a\u011f\u0131n\u0131 geni\u015fletti. NTV Yay\u0131nlar\u0131 kuruldu. Tarih ve bilim dergileri yay\u0131nlanmaya ba\u015flad\u0131. Bug\u00fcn NTV i\u00e7in haber kanal\u0131yla, internet sitesiyle, dergileriyle ve kitaplar\u0131yla burjuva k\u00fclt\u00fcrel bir odak diyebiliriz.<\/p>\n<p style=\"text-align: justify;\">Bug\u00fcnlere geldi\u011fimizde ise g\u00fcn\u00fcm\u00fcz\u00fcn h\u00e2kim \u00fcretim ili\u015fkisi ve k\u00fclt\u00fcr\u00fcn\u00fcn ka\u00e7\u0131n\u0131lmaz trajedisine NTV&#8217;nin de dahil oldu\u011funu g\u00f6r\u00fcyoruz. Bug\u00fcn Murat Belge, \u015eerif Mardin gibi organik entelekt\u00fcellerin program yapt\u0131\u011f\u0131, Vedat Mil\u00f6r&#8217;\u00fcn Barcelona&#8217;da \u015farap tatt\u0131\u011f\u0131, bilim tarihiyle ilgili belgesellerin yay\u0131nland\u0131\u011f\u0131 NTV&#8217;nin ana haber b\u00fclteninde iktidar partisinin mitinglerine b\u00fcy\u00fck s\u00fcrelerin ayr\u0131ld\u0131\u011f\u0131n\u0131 fark ediyoruz. Vedat Mil\u00f6r \u015farap tadarken yay\u0131n kesilip mitinge ba\u011flan\u0131l\u0131yor ve alkol i\u00e7mek isteyenler \u00fcz\u00fcm yesin, diyen Ba\u015fbakan\u2019\u0131 dinliyoruz. Ya da bak\u0131n 22 Ekim 2010&#8217;da Fransa&#8217;daki sosyal g\u00fcvenlik eylemleri ile ilgili Burak Cop&#8217;un ntvmsnbc&#8217;deki yaz\u0131s\u0131nda; &#8220;Karl Marx\u2019\u0131n \u2018Fransa\u2019da S\u0131n\u0131f Sava\u015flar\u0131\u2019 eserini yay\u0131nlanmas\u0131n\u0131n 150. y\u0131ld\u00f6n\u00fcm\u00fcnde; militan s\u0131n\u0131f m\u00fccadelesinin, kitlesel g\u00f6sterilerin, grevlerin, hatta devrimlerin bir bak\u0131ma \u201canavatan\u0131\u201d Fransa\u2019da, tarihsel miras\u0131n kitlelerce titizlikle yeniden-\u00fcretildi\u011fini g\u00f6r\u00fcyoruz.&#8221; gibi ifadeleri i\u00e7eren bir yaz\u0131y\u0131 yay\u0131nlayan ntvmsnbc, 31 May\u0131s&#8217;ta AKP&#8217;nin Hopa Mitingi&#8217;nde \u00f6ld\u00fcr\u00fclen Metin Lokumcu&#8217;yu tan\u0131mazl\u0131ktan gelebiliyor. Ya da NTV&#8217;nin hedef kitlesine dahil olan ek\u015fis\u00f6zl\u00fck\u2019te \u00fccret \u00f6denerek NTV&#8217;nin haber videolar\u0131 yay\u0131nlat\u0131l\u0131rken, ek\u015fis\u00f6zl\u00fck\u2019\u00fcn ba\u015f\u0131n\u0131 \u00e7ekti\u011fi \u2018Sans\u00fcre Hay\u0131r Y\u00fcr\u00fcy\u00fc\u015f\u00fc\u2019 NTV i\u00e7in haber de\u011feri ta\u015f\u0131m\u0131yor. Tabii ki; NTV veya ntvmsnbc s\u00f6z konusu haberleri 1-2 g\u00fcn sonra g\u00fcncelliyor ve olmas\u0131 gerekene yak\u0131n bir forma sokuyor. Fakat \u00f6nemli olan ya\u015fananlar ile ilgili bilgilerin topluma g\u00fcndemde oldu\u011fu an verilmesi ise bu konuda se\u00e7ici davran\u0131yor. Yani sosyal medya takip\u00e7ileri\/kullan\u0131c\u0131lar\u0131 1-2 g\u00fcn sonra ayn\u0131 haberi farkl\u0131 bir formda g\u00f6rebiliyorlar. B\u00f6ylece metnin diline ve haberlerin zamanlamas\u0131na dikkat etmeyen AB kitlesi veya e\u011fitimliler i\u00e7in NTV nitelikli yay\u0131n politikas\u0131n\u0131 ve markas\u0131n\u0131 korumu\u015f oluyor.<\/p>\n<p style=\"text-align: justify;\"><strong>Ama \u00d6ld\u00fc Efend\u0130m<\/strong><\/p>\n<p style=\"text-align: justify;\">12 Haziran se\u00e7imlerinden \u00f6nceki son g\u00fcnlerde Recep Tayyip Erdo\u011fan, NTV gazetecilerinin \u00f6n\u00fcne \u00e7\u0131k\u0131yor. Bunlardan biri de Ru\u015fen \u00c7ak\u0131r, hikayenin di\u011fer ilgin\u00e7 taraf\u0131 ise Hopa&#8217;da \u00f6ld\u00fcr\u00fclen \u00f6\u011fretmen Metin Lokumcu&#8217;nun Ru\u015fen \u00c7ak\u0131r&#8217;\u0131n akrabas\u0131 olmas\u0131. Ru\u015fen \u00c7ak\u0131r polisin orant\u0131s\u0131z \u015fiddetini sormaya yelteniyor ve Ba\u015fbakan\u2019dan yaralanan polis memuruna yeterli ilgiyi g\u00f6stermedi\u011fi i\u00e7in adeta f\u0131r\u00e7a yiyor. Ru\u015fen \u00c7ak\u0131r&#8217;\u0131n sesi titriyor, Metin Lokumcu&#8217;yu kastederek; ama \u00f6ld\u00fc efendim diyor. Ba\u015fbakan buz gibi bir ifade ile cevap veriyor; ben bilmem.<\/p>\n<p style=\"text-align: justify;\">Ba\u015fbakan, Nuray Mert i\u00e7in namert diyor. Bunu Nuray Mert&#8217;e sormak isteyen Can D\u00fcndar o g\u00fcnden beri uzun bir tatilde. Nuray Mert ve Banu G\u00fcven ile ilgili de kazan kayn\u0131yor.(Yaz\u0131n\u0131n yay\u0131nlanmaya karar verildi\u011fi an itibar\u0131 ile Banu G\u00fcven kanaldan ayr\u0131ld\u0131, Mirg\u00fcn Cabas&#8217;\u0131n da ayr\u0131laca\u011f\u0131 konu\u015fuluyor.) Bu isimlerin yerine Mehmet Barlas&#8217;\u0131n en iyi arkada\u015f\u0131 O\u011fuz Haksever kanal\u0131n b\u00fct\u00fcn y\u00fck\u00fcn\u00fc s\u0131rtlam\u0131\u015f g\u00f6r\u00fcn\u00fcyor. O\u011fuz Haksever, B\u00fclent Ar\u0131n\u00e7 ile program yap\u0131yor. O\u011fuz Haksever Yeni \u015eafak, Star Gazetesi ve CHP i\u00e7indeki muhalif isimler ile se\u00e7im sonras\u0131n\u0131 de\u011ferlendiriyor.<\/p>\n<p style=\"text-align: justify;\">Bu durum g\u00fcn\u00fcm\u00fcz\u00fcn agresif ve otoriter iktidar\u0131n\u0131n bask\u0131s\u0131yla ili\u015fkilendirilebilir. Bunun d\u0131\u015f\u0131nda \u00f6rne\u011fin NTV&#8217;nin Metin Lokumcu ve Hopa g\u00f6zalt\u0131lar\u0131 ile ilgili sinik tutumu HES projeleri dahilinde yap\u0131lmas\u0131 planlanan barajlar i\u00e7in kredi vermeye talip olan Garanti Bankas\u0131 (Do\u011fu\u015f Grubu) ile de ili\u015fkilendirilebilir. Konunun ekonomi politi\u011fi Mustafa S\u00f6nmez, Korkut Boratav, Express Dergisi (bkz.Kanal \u0130stanbul&#8217;un ekonomi politi\u011fi) gibi uzmanlarca daha ayr\u0131nt\u0131l\u0131 de\u011ferlendirilebilir diye d\u00fc\u015f\u00fcn\u00fcyorum. Benim dikkatimi \u00e7eken di\u011fer nokta ise; NTV&#8217;nin temsil etti\u011fi k\u00fclt\u00fcr ve hedef kitlesi ile iktidar\u0131n temsil etti\u011fi k\u00fclt\u00fcr aras\u0131ndaki fark ve bu fark\u0131n ortaya \u00e7\u0131kard\u0131\u011f\u0131 trajedi&#8230; Yani NTV&#8217;de veya CNBCE&#8217;de bir m\u00fczik tarihi belgeseli izleyenlerin ya da Avrupa\u2019yla e\u015fzamanl\u0131 yay\u0131nlanan dizileri takip edenlerin bir anda sosyal medyay\u0131 pornoculuk ya da sapk\u0131nl\u0131kla e\u015fitleyen B\u00fclent Ar\u0131n\u00e7 ya da ayr\u0131mc\u0131l\u0131k yapmad\u0131\u011f\u0131n\u0131 twitter&#8217;da anlat\u0131rken \u2018Alevilerin bile\u2019 d\u00fc\u011f\u00fcnlerine gitti\u011fini s\u00f6yleyen Melih G\u00f6k\u00e7ek ya da polis taraf\u0131ndan bel kemi\u011fi k\u0131r\u0131lan gen\u00e7 bir kad\u0131n\u0131n, k\u0131z m\u0131 kad\u0131n m\u0131 oldu\u011funu d\u00fc\u015f\u00fcnen Recep Tayyip Erdo\u011fan&#8217;\u0131n kafa yap\u0131s\u0131yla kar\u015f\u0131 kar\u015f\u0131ya kalma trajedisi&#8230; Konuyu \u00f6zetlemek i\u00e7in bir miktar vulgarize bir analoji yapacak olursak; piyano e\u011fitimiyle b\u00fcy\u00fcyen burjuvazinin i\u015fleri bozulmas\u0131n diye tak\u0131m elbiseli talibanlara g\u00fcl\u00fcmsemek zorunda kalmalar\u0131 diyebiliriz.<\/p>\n<p style=\"text-align: justify;\"><a href=\"http:\/\/www.birgun.net\/wall_index.php?news_code=1310563107&amp;year=2011&amp;month=07&amp;day=13\" target=\"_blank\">Kaynak : Emrah \u00c7etin &#8211; BirG\u00fcn<\/a><\/p>\n","protected":false},"excerpt":{"rendered":"<p style=\"text-align: center;\">\n<p style=\"text-align: justify;\">NTV 1996 y\u0131l\u0131nda T\u00fcrkiye&#8217;nin ilk haber kanal\u0131 olarak yay\u0131na ba\u015flad\u0131\u011f\u0131nda bu konuda da bir mecran\u0131n \u00f6nc\u00fcs\u00fc olmu\u015ftu. Sahibi Nergis Holding&#8217;in de sahibi Cavit \u00c7a\u011flar&#8217;d\u0131. Fakat s\u00f6z konusu T\u00fcrkiye&#8217;de ilk defa bir haber kanal\u0131 kurmak oldu\u011funda eli kalem tutanlardan yani b\u00fcy\u00fck oranda solculardan bir kadro kurmak ka\u00e7\u0131n\u0131lmazd\u0131. Tabii ki bu NTV&#8217;nin <\/p>\n","protected":false},"author":1,"featured_media":0,"comment_status":"open","ping_status":"open","sticky":false,"template":"","format":"standard","meta":{"footnotes":""},"categories":[105],"tags":[],"class_list":["post-37962","post","type-post","status-publish","format-standard","hentry","category-gundem","odd"],"_links":{"self":[{"href":"http:\/\/www.korhanyilmaz.com\/index.php?rest_route=\/wp\/v2\/posts\/37962","targetHints":{"allow":["GET"]}}],"collection":[{"href":"http:\/\/www.korhanyilmaz.com\/index.php?rest_route=\/wp\/v2\/posts"}],"about":[{"href":"http:\/\/www.korhanyilmaz.com\/index.php?rest_route=\/wp\/v2\/types\/post"}],"author":[{"embeddable":true,"href":"http:\/\/www.korhanyilmaz.com\/index.php?rest_route=\/wp\/v2\/users\/1"}],"replies":[{"embeddable":true,"href":"http:\/\/www.korhanyilmaz.com\/index.php?rest_route=%2Fwp%2Fv2%2Fcomments&post=37962"}],"version-history":[{"count":0,"href":"http:\/\/www.korhanyilmaz.com\/index.php?rest_route=\/wp\/v2\/posts\/37962\/revisions"}],"wp:attachment":[{"href":"http:\/\/www.korhanyilmaz.com\/index.php?rest_route=%2Fwp%2Fv2%2Fmedia&parent=37962"}],"wp:term":[{"taxonomy":"category","embeddable":true,"href":"http:\/\/www.korhanyilmaz.com\/index.php?rest_route=%2Fwp%2Fv2%2Fcategories&post=37962"},{"taxonomy":"post_tag","embeddable":true,"href":"http:\/\/www.korhanyilmaz.com\/index.php?rest_route=%2Fwp%2Fv2%2Ftags&post=37962"}],"curies":[{"name":"wp","href":"https:\/\/api.w.org\/{rel}","templated":true}]}}