{"id":37958,"date":"2011-08-07T22:12:37","date_gmt":"2011-08-07T19:12:37","guid":{"rendered":"http:\/\/www.korhanyilmaz.com\/?p=37958"},"modified":"2011-08-08T02:30:34","modified_gmt":"2011-08-07T23:30:34","slug":"melih-gokcek-ve-dinleme-cihazi-ihtimali","status":"publish","type":"post","link":"http:\/\/www.korhanyilmaz.com\/?p=37958","title":{"rendered":"Melih G\u00f6k\u00e7ek ve dinleme cihaz\u0131 ihtimali"},"content":{"rendered":"<p style=\"text-align: center;\"><a href=\"http:\/\/www.korhanyilmaz.com\/wp-content\/uploads\/2011\/08\/5014.jpg\"  class=\"lightview\"><img loading=\"lazy\" decoding=\"async\" class=\"aligncenter size-full wp-image-37959\" src=\"http:\/\/www.korhanyilmaz.com\/wp-content\/uploads\/2011\/08\/5014.jpg\" alt=\"\" width=\"360\" height=\"270\" \/><\/a><\/p>\n<p style=\"text-align: justify;\">Ge\u00e7en hafta Ankaraspor\u2019un Bank Asya Ligi\u2019ne kabul edili\u015findeki tuhafl\u0131\u011f\u0131 yazm\u0131\u015ft\u0131m. Sa\u011folsun, Erkan Golo\u011flu abimizden ge\u00e7er not alm\u0131\u015f\u0131m. Radikal\u2019de Per\u015fembe g\u00fcn\u00fc \u00e7\u0131kan yaz\u0131s\u0131ndaki \u00f6vg\u00fc dolu c\u00fcmleleri okuyunca y\u00fcz\u00fcm k\u0131zar\u0131verdi.<\/p>\n<p style=\"text-align: justify;\">Bilen bilir, Erkan Golo\u011flu\u2019nun notu k\u0131tt\u0131r. Tam not verdiyse orada durup bir d\u00fc\u015f\u00fcnmek laz\u0131m. Ben de \u00f6yle yapt\u0131m ve bu Melih G\u00f6k\u00e7ek meselesini biraz daha s\u00fcrd\u00fcrmek gerekti\u011fine karar verdim. <!--more--><\/p>\n<p style=\"text-align: justify;\">Bu defa hafta aras\u0131 gazetelerde yay\u0131nlanan bir konu\u015fma kayd\u0131ndan devam edelim. \u015eekip Mosturo\u011flu ile Aziz Y\u0131ld\u0131r\u0131m konu\u015fuyorlar. Mosturo\u011flu\u2019nun s\u00f6zlerini aynen aktar\u0131yorum:<\/p>\n<p style=\"text-align: justify;\">\u00a8O \u015fey de Melih bey de bir ara\u00e7 varm\u0131\u015f ortam dinlemesi yapabiliyormu\u015f mobil bi ara\u00e7. Onunla dola\u015f\u0131yorlarm\u0131\u015f kamp tesisinin oraya koymu\u015flar ortam dinlemesi yap\u0131yorlarm\u0131\u015f. \u0130stanbul&#8217;a getirmi\u015fler otelin yan\u0131na koymu\u015flar. Tam manyak bunlar ya sap\u0131k&#8230;\u00a8<\/p>\n<p style=\"text-align: justify;\">Meselenin Aziz Y\u0131ld\u0131r\u0131m ve Fenerbah\u00e7e boyutu ayr\u0131. Hi\u00e7bir Fenerbah\u00e7eli kendisini kand\u0131rmas\u0131n. Hafta i\u00e7inde Taraf\u2019ta yay\u0131nlanan baz\u0131 ba\u015fka konu\u015fmalar\u0131 da d\u00fc\u015f\u00fcn\u00fcnce Y\u0131ld\u0131r\u0131m\u2019\u0131n birtak\u0131m illegal i\u015flerin i\u00e7inde oldu\u011fu net bir \u015fekilde anla\u015f\u0131l\u0131yor. Yoksa kimse telefonda \u015fifreli laflarla \u00a8Hani bilmem kim var ya, onu bir ara sen\u00a8 filan gibisinden konu\u015fma gere\u011fi hissetmez.<\/p>\n<p style=\"text-align: justify;\">Lakin meselenin Melih G\u00f6k\u00e7ek\u2019le ilgili k\u0131sm\u0131 da bir o kadar tuhaf de\u011fil mi? Bir belediye ba\u015fkan\u0131n\u0131n dinleme cihaz\u0131na sahip olmas\u0131 ihtimali kimseye acayip gelmiyor mu? B\u00f6yle soruyorum \u00e7\u00fcnk\u00fc ben bu bilgi \u00fczerine ortal\u0131\u011f\u0131n birbirine girmesini beklerken kimseden \u00e7\u0131t \u00e7\u0131kmad\u0131.<\/p>\n<p style=\"text-align: justify;\">D\u00fc\u015f\u00fcnsenize, Melih Bey\u2019in bir dinleme cihaz\u0131 oldu\u011fu ve cihaz\u0131 \u015fehir \u015fehir dola\u015ft\u0131r\u0131p Ankarag\u00fcc\u00fc\u2019n\u00fcn rakiplerinin konu\u015fmalar\u0131n\u0131 dinledi\u011fi iddia ediliyor. Bu iddia do\u011fru mudur, de\u011fil midir ara\u015ft\u0131r\u0131lmayacak m\u0131 \u015fimdi? Bu dinleme cihaz\u0131 herhalde \u00f6yle Ulus\u2019taki \u0130tfaiye Meydan\u0131\u2019nda ikinci el pazar\u0131ndan \u00f6\u011frenci usul\u00fc s\u0131k\u0131 bir pazarl\u0131kla al\u0131nm\u0131yor. Bunun bir kayd\u0131, faturas\u0131, g\u00fcmr\u00fck giri\u015f belgesi filan vard\u0131r diye d\u00fc\u015f\u00fcn\u00fcyorum. E\u011fer \u00fclkeye ka\u00e7ak yollardan sokulmad\u0131ysa tabii.<\/p>\n<p style=\"text-align: justify;\">Hay\u0131r, bu iddia tamamen mesnetsizse Melih Bey\u2019e de kendisini aklama \u015fans\u0131 verilmeli hem. Nihayetinde hi\u00e7 kimse ba\u015fkalar\u0131n\u0131n \u00f6zel konu\u015fmalar\u0131n\u0131, ma\u00e7 taktiklerini gizlice dinlemek gibi i\u011fren\u00e7 bir su\u00e7un muhatab\u0131 olmak istemez. De\u011fil mi? Zira futbol ma\u00e7\u0131 i\u00e7in dinleme cihaz\u0131 sat\u0131n almak \u015eekip Mosturo\u011flu\u2019nun telefonda Aziz Y\u0131ld\u0131r\u0131m\u2019a s\u00f6yledi\u011fi gibi bir t\u00fcr manyakl\u0131k, sap\u0131kl\u0131k olsa gerek. \u0130yice ara\u015ft\u0131r\u0131ls\u0131n bu iddialar, Melih Bey de aklans\u0131n, biz de rahatlayal\u0131m.<\/p>\n<p style=\"text-align: justify;\">Bu arada bir an i\u00e7in iddian\u0131n ger\u00e7ek oldu\u011funu d\u00fc\u015f\u00fcnelim: Sadece futbol ma\u00e7\u0131 kazanmak i\u00e7in dinleme cihaz\u0131 sat\u0131n alan siyasi kariyerini korumak i\u00e7in neler yapabilir, hayal etmek bile istemiyorum.<\/p>\n<p style=\"text-align: justify;\">Bir de meselenin ikinci boyutu var tabii. Alaattin Metin boyutu. \u00a8Ara Alaattin\u2019i yazs\u0131n\u00a8 noktas\u0131nda durmak herkesi, her \u015feyi ge\u00e7tim bizzat kendisine a\u011f\u0131r gelmemekte midir? E\u011fer gelmiyorsa bu nas\u0131l bir i\u015ftir, nas\u0131l bir histir? Sorular\u0131m uzar gider. Bunlar da \u00e7ok \u00f6nemli sorular ama \u00a8yerim dar\u00a8 diyerek ka\u00e7ay\u0131m ben en iyisi. Yoksa vallahi k\u00f6t\u00fc olaca\u011f\u0131z Alaattin abiyle. Asl\u0131nda Alaattin abinin su\u00e7u yok. As\u0131l ben buradan T\u00fcrk spor medyas\u0131n\u0131n meslek eti\u011fine giri\u015f yapar\u0131m ki&#8230; Yok yok vallahi yer bitti.<\/p>\n<p style=\"text-align: justify;\"><a href=\"http:\/\/www.birgun.net\/actuels_index.php?news_code=1312721798&amp;year=2011&amp;month=08&amp;day=07\" target=\"_blank\">Kaynak : BirG\u00fcn<\/a><\/p>\n","protected":false},"excerpt":{"rendered":"<p style=\"text-align: center;\">\n<p style=\"text-align: justify;\">Ge\u00e7en hafta Ankaraspor\u2019un Bank Asya Ligi\u2019ne kabul edili\u015findeki tuhafl\u0131\u011f\u0131 yazm\u0131\u015ft\u0131m. Sa\u011folsun, Erkan Golo\u011flu abimizden ge\u00e7er not alm\u0131\u015f\u0131m. Radikal\u2019de Per\u015fembe g\u00fcn\u00fc \u00e7\u0131kan yaz\u0131s\u0131ndaki \u00f6vg\u00fc dolu c\u00fcmleleri okuyunca y\u00fcz\u00fcm k\u0131zar\u0131verdi.<\/p>\n<p style=\"text-align: justify;\">Bilen bilir, Erkan Golo\u011flu\u2019nun notu k\u0131tt\u0131r. Tam not verdiyse orada durup bir d\u00fc\u015f\u00fcnmek laz\u0131m. Ben de \u00f6yle yapt\u0131m ve bu <\/p>\n","protected":false},"author":1,"featured_media":0,"comment_status":"open","ping_status":"open","sticky":false,"template":"","format":"standard","meta":{"footnotes":""},"categories":[105],"tags":[295],"class_list":["post-37958","post","type-post","status-publish","format-standard","hentry","category-gundem","tag-melih-gokcek","odd"],"_links":{"self":[{"href":"http:\/\/www.korhanyilmaz.com\/index.php?rest_route=\/wp\/v2\/posts\/37958","targetHints":{"allow":["GET"]}}],"collection":[{"href":"http:\/\/www.korhanyilmaz.com\/index.php?rest_route=\/wp\/v2\/posts"}],"about":[{"href":"http:\/\/www.korhanyilmaz.com\/index.php?rest_route=\/wp\/v2\/types\/post"}],"author":[{"embeddable":true,"href":"http:\/\/www.korhanyilmaz.com\/index.php?rest_route=\/wp\/v2\/users\/1"}],"replies":[{"embeddable":true,"href":"http:\/\/www.korhanyilmaz.com\/index.php?rest_route=%2Fwp%2Fv2%2Fcomments&post=37958"}],"version-history":[{"count":0,"href":"http:\/\/www.korhanyilmaz.com\/index.php?rest_route=\/wp\/v2\/posts\/37958\/revisions"}],"wp:attachment":[{"href":"http:\/\/www.korhanyilmaz.com\/index.php?rest_route=%2Fwp%2Fv2%2Fmedia&parent=37958"}],"wp:term":[{"taxonomy":"category","embeddable":true,"href":"http:\/\/www.korhanyilmaz.com\/index.php?rest_route=%2Fwp%2Fv2%2Fcategories&post=37958"},{"taxonomy":"post_tag","embeddable":true,"href":"http:\/\/www.korhanyilmaz.com\/index.php?rest_route=%2Fwp%2Fv2%2Ftags&post=37958"}],"curies":[{"name":"wp","href":"https:\/\/api.w.org\/{rel}","templated":true}]}}