{"id":37918,"date":"2011-08-07T13:15:06","date_gmt":"2011-08-07T10:15:06","guid":{"rendered":"http:\/\/www.korhanyilmaz.com\/?p=37918"},"modified":"2011-08-08T01:19:54","modified_gmt":"2011-08-07T22:19:54","slug":"aslolan-devlettir","status":"publish","type":"post","link":"http:\/\/www.korhanyilmaz.com\/?p=37918","title":{"rendered":"&#8216;Aslolan devlettir&#8217;"},"content":{"rendered":"<p style=\"text-align: center;\"><a href=\"http:\/\/www.korhanyilmaz.com\/wp-content\/uploads\/2011\/08\/5007.jpg\"  class=\"lightview\"><img loading=\"lazy\" decoding=\"async\" class=\"aligncenter size-full wp-image-37919\" src=\"http:\/\/www.korhanyilmaz.com\/wp-content\/uploads\/2011\/08\/5007.jpg\" alt=\"\" width=\"420\" height=\"315\" \/><\/a><\/p>\n<p style=\"text-align: justify;\">\u201cBen polisim, ben polisim ulan\u201d diyerek vatanda\u015f\u0131 d\u00f6ve d\u00f6ve hastanelik eden bir polise dair haber, hepimize g\u00fcc\u00fcn kimde oldu\u011funu vatanda\u015fa hat\u0131rlatan resmi davran\u0131\u015f bi\u00e7imini hat\u0131rlat\u0131yor. Devleti yaratan ideoloji ayn\u0131 zamanda onun yarat\u0131c\u0131s\u0131d\u0131r da.<\/p>\n<p style=\"text-align: justify;\">Her \u015feyin ve herkesin \u00fcst\u00fcnde \u201cAslolan devlettir\u201d kavram\u0131, eti de benim kemi\u011fi de benim diyerek, bireyin hak ve \u00f6zg\u00fcrl\u00fcklerini istedi\u011fi gibi gasp etmeyi, cezaland\u0131rmay\u0131 kendisinin kendisine sundu\u011fu bir kutsiyet say\u0131yor.<!--more--><\/p>\n<p style=\"text-align: justify;\">Vatanda\u015f\u0131n devlet kar\u015f\u0131s\u0131nda terbiyeli olmas\u0131 gerekti\u011fini \u201ctekdir ile uslanmayan\u0131n hakk\u0131 k\u00f6tektir\u201d kavram\u0131yla \u00e7imentolayan bu anlay\u0131\u015f, yukar\u0131dan halk\u0131n \u00fcst\u00fcne bunu boca ederek y\u0131llar y\u0131l\u0131 \u015fiddetini uyguluyor ve onu kolluyor.<\/p>\n<p style=\"text-align: justify;\">\u201cBen polisim ulan\u201d s\u00f6z\u00fcn\u00fcn bir \u00fcst ba\u015fl\u0131\u011f\u0131n\u0131 bu yan\u0131yla \u201cben devletim\u201d olarak belirlemek daha do\u011frudur. G\u00fcc\u00fc g\u00fc\u00e7s\u00fcz olan\u0131n \u00fczerinde uygulamak ahlaks\u0131zl\u0131\u011f\u0131n\u0131 ho\u015f g\u00f6ren \u201cdevleti hissedecekler\u201d tepelemesi ile tavan yapan g\u00fcd\u00fcn\u00fcn en alta geri d\u00f6n\u00fc\u015f\u00fcm\u00fcn\u00fcn ruh hali bu.<\/p>\n<p style=\"text-align: justify;\">Demokrasiyi kulland\u0131rma hakk\u0131n\u0131 kendinde sakl\u0131 tutan, vatanda\u015fa ne kadar \u00f6zg\u00fcrl\u00fck verilip ne kadar\u0131n\u0131n geri al\u0131naca\u011f\u0131na yine kendisi karar veren, hak ve \u00f6zg\u00fcrl\u00fck talebi kar\u015f\u0131s\u0131nda d\u00fczenli ordu taktikleri belirleyen ucubeli\u011fi hala ya\u015f\u0131yoruz.<\/p>\n<p style=\"text-align: justify;\">Oysa demokrasi hak ve \u00f6zg\u00fcrl\u00fckler m\u00fccadelesinin yaratt\u0131\u011f\u0131 bir k\u00fclt\u00fcr birikimidir. Bunu anlayabilmek i\u00e7in o k\u00fclt\u00fcr\u00fcn ya i\u00e7inden gelmek, ya da o k\u00fclt\u00fcrden beslenmek gerekir. Bu k\u00fclt\u00fcrden yoksunluk demokrasiyi al\u0131n\u0131r sat\u0131l\u0131r bir mal olarak g\u00f6r\u00fcr ve asla onun de\u011ferini anlamaz ve m\u00fccadele denince ter\u00f6r, hak ve \u00f6zg\u00fcrl\u00fckler denilince b\u00f6l\u00fcc\u00fcl\u00fck akl\u0131na gelir.<\/p>\n<p style=\"text-align: justify;\">\u201cBu Ermeniler de \u00e7ok oluyor\u201d diye ba\u015flayan c\u00fcmlelerle, az\u0131nl\u0131klar\u0131n, devletin sindirim sistemini olu\u015fturan tehditler, kovu\u015fturmalar, i\u015fkenceler, provokasyonlar ve cinayetlerle nas\u0131l \u201cs\u00f6zde\u201d haline getirili\u015fine tan\u0131kl\u0131k ettik.<\/p>\n<p style=\"text-align: justify;\">Hrant Dink bu \u201cs\u00f6zde\u201dle\u015ftirmenin en son kurban\u0131 oldu. Cinayetin arkas\u0131nda bulunanlar asla ortaya \u00e7\u0131kar\u0131lmad\u0131. \u0130stihbarat\u0131, emniyeti, jandarmas\u0131 k\u0131rk takla at\u0131p i\u015fin i\u00e7inde olan parmaklar\u0131n\u0131 insanlar\u0131n g\u00f6zlerine soka soka devlet pi\u015fkinli\u011finde s\u0131r\u0131tt\u0131lar.<\/p>\n<p style=\"text-align: justify;\">Devletin yapt\u0131\u011f\u0131na dair genel kabul i\u00e7erisinde vicdanlar eritildi yeniden. \u201cDevlet yapm\u0131\u015ft\u0131r\u201d genel kabul\u00fc ne tuhaft\u0131r ki arkas\u0131na bakmayan, sorgulamayan, takip etmeyen, sorumlular\u0131 irdelemeyen bir rehavete d\u00f6n\u00fc\u015f\u00fcyor. En can ac\u0131t\u0131c\u0131 durum da bu oluyor.<\/p>\n<p style=\"text-align: justify;\">Ayn\u0131 devlet K\u00fcrtlere sesleniyor bu sefer. Daha y\u00fcksek bir perdeden konu\u015fuyor. Lin\u00e7 kampanyalar\u0131 polis e\u015fli\u011finde kontroll\u00fc bir nefret panay\u0131r\u0131na d\u00f6n\u00fc\u015f\u00fcyor. Ma\u011fdur olanlar tutuklan\u0131yor, ma\u011fdur edenler arka kap\u0131dan sal\u0131veriliyor. Sokaklarda ba\u015flayan K\u00fcrt av\u0131 sanki \u00e7ok normalmi\u015f gibi yans\u0131yor bas\u0131n\u0131m\u0131za. \u201cBu K\u00fcrtler de \u00e7ok oldu\u201d vurgusu devletin en \u00fcst makam\u0131ndan, k\u00f6\u015fedeki yazar\u0131na kadar dillendiriliyor. \u201cHassas\u201d d\u00f6nem \u00e7\u0131\u011f\u0131rtkanl\u0131\u011f\u0131 ile K\u00fcrtlere kendi dillerinde konu\u015fmamalar\u0131, \u015fark\u0131 s\u00f6ylememeleri hatta m\u00fcmk\u00fcnse a\u011f\u0131zlar\u0131n\u0131 a\u00e7mamalar\u0131 sal\u0131k veriliyor. Yeni d\u00f6nem sava\u015f konseptinin u\u011fultusu yay\u0131l\u0131yor ortaya.<\/p>\n<p style=\"text-align: justify;\">Bu u\u011fultu medya i\u00e7erisinde de \u00f6rg\u00fctleniyor haliyle.<\/p>\n<p style=\"text-align: justify;\">Saks\u0131da yeti\u015fmi\u015f yeni gazeteci tipleri, bu durumu dile getirenleri PKK\u2019li ilan ediyor mesela. Yaz\u0131lar d\u00f6\u015feniyorlar iri c\u00fcmlelerle. Ortal\u0131kta kalan birka\u00e7 muhalif gazeteciye g\u00f6zlerine dikerek kolektif k\u00f6t\u00fcl\u00fc\u011f\u00fc \u00f6rg\u00fctl\u00fcyorlar. Nedim ve Ahmet \u015e\u0131k i\u00e7in \u201cBiliyorum teyit ettirdim g\u00fcvenilir kaynaklardan. Ergenekoncu faaliyetlerin i\u00e7erisindelermi\u015f\u201d derken polise ve istihbarat birimlerine g\u00f6n\u00fcll\u00fc ajanl\u0131k yapman\u0131n ve onlar\u0131n mutfa\u011f\u0131nda pi\u015firilenleri kamuoyuna sunarak siyasi lince ortak olman\u0131n hazz\u0131n\u0131 ya\u015fayanlar, bunu bir gazetecilik ba\u015far\u0131s\u0131 olarak ki\u015fisel tarihlerine not d\u00fc\u015fmeyi de ihmal etmiyorlar.<\/p>\n<p style=\"text-align: justify;\">Bir zamanlar ele\u015ftirdikleri ile nas\u0131l h\u0131zla benze\u015ftiklerine ve asl\u0131nda mayalar\u0131n\u0131n da ayn\u0131 oldu\u011funa tan\u0131kl\u0131k ediyoruz. Yeni medya d\u00fczeni son halini almak \u00fczere. Yeni d\u00f6nemin biblolar\u0131 eskileriyle yer de\u011fi\u015ftirerek h\u0131zla devir teslim yap\u0131yorlar. Kimin PKK\u2019li kimin halk d\u00fc\u015fman\u0131, kimin demokrat, kimin Ergenekoncu kimin diktat\u00f6r destek\u00e7isi olup olmad\u0131\u011f\u0131na art\u0131k onlar karar verecek, yarg\u0131layacak ve fi\u015fleyecekler. Kanal kanal gezdirilecek \u201cmaden\u201dler onlar. Onun i\u00e7in bulmak zor de\u011fil. Bir\u00e7o\u011fu zaten s\u0131raya girmi\u015f g\u00f6z\u00fck\u00fcyor.<\/p>\n<p style=\"text-align: justify;\">\u201cBen polisim ulan\u201d diyenin \u015fiddeti ile medyada onu bunu hedef g\u00f6sterenler aras\u0131nda \u00f6zde hi\u00e7bir fark yok. Yarat\u0131c\u0131lar\u0131 ayn\u0131 \u00e7\u00fcnk\u00fc. G\u00fcc\u00fcn\u00fc bir ba\u015fkas\u0131n\u0131n \u00fczerinden tescillemeye \u00e7al\u0131\u015fanlar\u0131n \u00fcretti\u011fi dil hepimizi tehdit etmeye devam edecek, bu \u00e7ok a\u00e7\u0131k.<\/p>\n<p style=\"text-align: justify;\">Herkesin iktidar\u0131n duru\u015f bi\u00e7imine g\u00f6re \u00e7eki d\u00fczen vermesi gerekti\u011fi duygusu zaten korkun\u00e7 \u015fekilde kimi zaman alttan alta, kimi zaman a\u00e7\u0131kca dile getiriliyor. Ordunun \u00fcst kademesinde ya\u015fanan de\u011fi\u015fimleri bile demokrasi m\u00fccadelesinin bir sonucu sanan ahmakl\u0131k bir ill\u00fczyon i\u00e7erisinde sunuluyor. Devletin yeniden yap\u0131land\u0131r\u0131l\u0131p daha mobilize hale getirilmesini pudralayanlar, \u015fiddetin de\u011fi\u015fmedi\u011fini, aksine daha da y\u00fckselerek ya\u015fam\u0131m\u0131z\u0131n her alan\u0131na n\u00fcfuz edece\u011fini g\u00f6rmemekte \u0131srar ediyorlar.<\/p>\n<p style=\"text-align: justify;\">K\u00fcrtlere kar\u015f\u0131 geli\u015ftirilen sava\u015f\u0131n \u00e7ap\u0131 sadece K\u00fcrtlerle kalmayacak. Hak ve \u00f6zg\u00fcrl\u00fckler m\u00fccadelesi y\u00fcr\u00fcten, bu i\u015fin kenar\u0131ndan ucundan tutan herkesi kapsayarak geni\u015fleyecek.<\/p>\n<p style=\"text-align: justify;\">Cezaevlerine TUFAN operasyonu ad\u0131 alt\u0131nda m\u00fcdahale ederek insanlar\u0131 diri diri yakan ve bu duruma tan\u0131kl\u0131k etmi\u015f askerlerin a\u00e7\u0131klamalar\u0131 g\u00f6steriyor ki devleti y\u00f6netenlerin kendi su\u00e7 makineleriyle bir sorunu yok.<\/p>\n<p style=\"text-align: justify;\">Ayhan \u00c7ark\u0131n\u2019\u0131n itiraflar\u0131n\u0131n hi\u00e7bir kar\u015f\u0131l\u0131\u011f\u0131n\u0131n olmad\u0131\u011f\u0131n\u0131, bir delinin z\u0131rvalar\u0131 \u015feklinde \u00fcst\u00fcn\u00fcn kapat\u0131lmas\u0131, ger\u00e7ek su\u00e7lular\u0131n nas\u0131l korundu\u011fu ve iktidar\u0131n hi\u00e7 de bunlarla ilgilenmedi\u011fini g\u00f6steriyor. \u0130lgilenemez \u00e7\u00fcnk\u00fc o cinayetlerin sorumlular\u0131n\u0131n bir k\u0131sm\u0131 ya kendi h\u00fck\u00fcmetlerinde bakanl\u0131k yapt\u0131 (Bak\u0131n\u0131z Abd\u00fclkadir Aksu&#8217;ya da halen bakanl\u0131k yap\u0131yor (bak\u0131n\u0131z Cemil \u00c7i\u00e7ek, Hayati Yaz\u0131c\u0131)<\/p>\n<p style=\"text-align: justify;\">\u00c7iller d\u00f6neminin dan\u0131\u015fman kadrosunda yer alan ve \u201cDevlet i\u00e7in kur\u015fun atan da, yiyen de \u015fereflidir\u201d s\u00f6z\u00fcn\u00fcn yarat\u0131c\u0131s\u0131 gazeteciler yanda\u015f kadrodan ak\u0131l vermeye ve demokrasi \u00fczerine ahk\u00e2m kesmeye devam ediyorlar. (Bak\u0131n\u0131z T\u00fcrk\u00f6ne)<\/p>\n<p style=\"text-align: justify;\">Gerillalar\u0131n \u00fczerinde kimyasal silah kullanan ve ad\u0131 kimyasal Necdet olarak an\u0131lan Jandarma Genel Komutan\u0131 Genelkurmay ba\u015fkan\u0131 oldu (bak\u0131n\u0131z Necdet \u00d6zel)<\/p>\n<p style=\"text-align: justify;\">\u0130\u015fte bu nedenle iktidardan demokrasi beklemek, ha geldi gelecek hayali ile k\u0131\u015f uykusuna yatmak zaten ba\u015fl\u0131 ba\u015f\u0131na sorunlu bir yakla\u015f\u0131md\u0131r. Sokakta hak ve \u00f6zg\u00fcrl\u00fck talebini dile getirenleri Ergenekoncu, bilmem neci diyerek yaftalayan, mahkemelerde s\u00fcr\u00fcnd\u00fcren, cezaevlerine dolduran, binlerce y\u0131la varan cezalarla ve polis senaryolar\u0131 ile yarg\u0131layan ve a\u00e7\u0131k\u00e7a tehdit eden anlay\u0131\u015f demokrasi \u00fcretemez aksine onu kendi siyasal taktikleri i\u00e7in bir ara\u00e7 olarak kullan\u0131r. T\u00fcm bu ya\u015fananlar\u0131n \u00fczerine geli\u015ftirilen dil demokrasiye ait de\u011fildir. Tarihin \u00e7\u00f6pl\u00fc\u011f\u00fcnde bu dilin \u00fcretti\u011fi \u00e7ok \u015feyi bulabilirsiniz.<\/p>\n<p style=\"text-align: justify;\"><a href=\"http:\/\/www.birgun.net\/actuels_index.php?news_code=1312708865&amp;year=2011&amp;month=08&amp;day=07\" target=\"_blank\">Kaynak : Ak\u0131n Olgun &#8211; BirG\u00fcn<\/a><\/p>\n","protected":false},"excerpt":{"rendered":"<p style=\"text-align: center;\">\n<p style=\"text-align: justify;\">\u201cBen polisim, ben polisim ulan\u201d diyerek vatanda\u015f\u0131 d\u00f6ve d\u00f6ve hastanelik eden bir polise dair haber, hepimize g\u00fcc\u00fcn kimde oldu\u011funu vatanda\u015fa hat\u0131rlatan resmi davran\u0131\u015f bi\u00e7imini hat\u0131rlat\u0131yor. Devleti yaratan ideoloji ayn\u0131 zamanda onun yarat\u0131c\u0131s\u0131d\u0131r da.<\/p>\n<p style=\"text-align: justify;\">Her \u015feyin ve herkesin \u00fcst\u00fcnde \u201cAslolan devlettir\u201d kavram\u0131, eti de benim kemi\u011fi de benim diyerek, <\/p>\n","protected":false},"author":1,"featured_media":0,"comment_status":"open","ping_status":"open","sticky":false,"template":"","format":"standard","meta":{"footnotes":""},"categories":[105],"tags":[],"class_list":["post-37918","post","type-post","status-publish","format-standard","hentry","category-gundem","odd"],"_links":{"self":[{"href":"http:\/\/www.korhanyilmaz.com\/index.php?rest_route=\/wp\/v2\/posts\/37918","targetHints":{"allow":["GET"]}}],"collection":[{"href":"http:\/\/www.korhanyilmaz.com\/index.php?rest_route=\/wp\/v2\/posts"}],"about":[{"href":"http:\/\/www.korhanyilmaz.com\/index.php?rest_route=\/wp\/v2\/types\/post"}],"author":[{"embeddable":true,"href":"http:\/\/www.korhanyilmaz.com\/index.php?rest_route=\/wp\/v2\/users\/1"}],"replies":[{"embeddable":true,"href":"http:\/\/www.korhanyilmaz.com\/index.php?rest_route=%2Fwp%2Fv2%2Fcomments&post=37918"}],"version-history":[{"count":0,"href":"http:\/\/www.korhanyilmaz.com\/index.php?rest_route=\/wp\/v2\/posts\/37918\/revisions"}],"wp:attachment":[{"href":"http:\/\/www.korhanyilmaz.com\/index.php?rest_route=%2Fwp%2Fv2%2Fmedia&parent=37918"}],"wp:term":[{"taxonomy":"category","embeddable":true,"href":"http:\/\/www.korhanyilmaz.com\/index.php?rest_route=%2Fwp%2Fv2%2Fcategories&post=37918"},{"taxonomy":"post_tag","embeddable":true,"href":"http:\/\/www.korhanyilmaz.com\/index.php?rest_route=%2Fwp%2Fv2%2Ftags&post=37918"}],"curies":[{"name":"wp","href":"https:\/\/api.w.org\/{rel}","templated":true}]}}