{"id":37910,"date":"2011-08-07T16:26:56","date_gmt":"2011-08-07T13:26:56","guid":{"rendered":"http:\/\/www.korhanyilmaz.com\/?p=37910"},"modified":"2011-08-08T01:06:52","modified_gmt":"2011-08-07T22:06:52","slug":"samdan-erdogana-sert-yanit","status":"publish","type":"post","link":"http:\/\/www.korhanyilmaz.com\/?p=37910","title":{"rendered":"\u015eam&#8217;dan Erdo\u011fan&#8217;a sert yan\u0131t"},"content":{"rendered":"<p style=\"text-align: justify;\"><a href=\"http:\/\/www.korhanyilmaz.com\/wp-content\/uploads\/2011\/08\/5005.jpg\"  class=\"lightview\"><img loading=\"lazy\" decoding=\"async\" class=\"aligncenter size-full wp-image-37911\" title=\"\" src=\"http:\/\/www.korhanyilmaz.com\/wp-content\/uploads\/2011\/08\/5005.jpg\" alt=\"\" width=\"292\" height=\"224\" \/><\/a><\/p>\n<p style=\"text-align: justify;\">Ba\u015fbakan Recep Tayyip Erdo\u011fan\u2019\u0131n Suriye\u2019ye y\u00f6nelik &#8220;Sabr\u0131n son anlar\u0131na geldik ve bunun i\u00e7in de sal\u0131 g\u00fcn\u00fc D\u0131\u015fi\u015fleri Bakan\u0131\u2019n\u0131 Suriye\u2019ye g\u00f6nderiyorum&#8221; y\u00f6n\u00fcndeki s\u00f6zlerine \u015eam\u2019dan sert yan\u0131t geldi.<\/p>\n<p style=\"text-align: justify;\">Suriye Devlet Ba\u015fkan\u0131 Be\u015far Esad\u2019\u0131n Siyaset ve Medya Dan\u0131\u015fman\u0131 Dr. Bouthina Shaaban, &#8220;E\u011fer T\u00fcrk D\u0131\u015fi\u015fleri Bakan\u0131 Ahmet Davuto\u011flu Suriye\u2019ye sert bir mesaj iletecek olursa T\u00fcrkiye\u2019nin tutumu konusunda daha kesin bir yan\u0131t al\u0131r&#8221; diye konu\u015ftu. <!--more--><\/p>\n<p style=\"text-align: justify;\">Suriye medyas\u0131na g\u00f6re, Dr. Bouthina Shaaban, sal\u0131 g\u00fcn\u00fc \u015eam\u2019a gitmesi beklenen D\u0131\u015fi\u015fleri Bakan\u0131 Ahmet Davuto\u011flu\u2019nun \u015eam\u2019a &#8220;sert bir mesaj&#8221; g\u00f6t\u00fcrmesi beklentileri \u00fczerine tepki g\u00f6sterdi.<\/p>\n<p style=\"text-align: justify;\">Shaaban, &#8220;E\u011fer T\u00fcrk D\u0131\u015fi\u015fleri Bakan\u0131 Ahmet Davuto\u011flu Suriye\u2019ye sert bir mesaj iletecek olursa sivillere, ordu ve polis \u00fcyelerine kar\u015f\u0131 silahl\u0131 ter\u00f6rist gruplar\u0131n ac\u0131mas\u0131z \u00f6ld\u00fcrmelerini ve cinayetlerini k\u0131namayan T\u00fcrkiye\u2019nin tutumu konusunda daha kesin bir yan\u0131t al\u0131r&#8221; ifadesini kulland\u0131.<\/p>\n<p style=\"text-align: justify;\">Dan\u0131\u015fman s\u00f6zlerine, &#8220;E\u011fer T\u00fcrkiye Suriye\u2019nin meselelerini tarihi ve k\u00fclt\u00fcrel ili\u015fkiler nedeniyle d\u0131\u015fi\u015fleri sorunu olarak d\u00fc\u015f\u00fcnmezse, Suriye dostlar aras\u0131nda dan\u0131\u015fmay\u0131 her zaman ho\u015f kar\u015f\u0131lar. Ancak, Suriye kesin olarak Suriye\u2019nin i\u00e7i\u015flerine t\u00fcm b\u00f6lgesel ve uluslararas\u0131 m\u00fcdahale giri\u015fimlerini reddetti&#8221; diye devam etti.<\/p>\n<p style=\"text-align: justify;\">Erdo\u011fan cumartesi d\u00fczenlenen bir iftar yeme\u011finde \u015fu a\u00e7\u0131klamalarda bulunmu\u015ftu:<\/p>\n<p style=\"text-align: justify;\">&#8220;Ama art\u0131k burada da sabr\u0131n son anlar\u0131na geldik ve bunun i\u00e7in de bu s\u00fcre\u00e7 i\u00e7inde sal\u0131 g\u00fcn\u00fc D\u0131\u015fi\u015fleri Bakan\u0131\u2019n\u0131 Suriye\u2019ye g\u00f6nderiyorum. Kendileriyle orada gerekli olan g\u00f6r\u00fc\u015fmeleri yapacaklar. Bu g\u00f6r\u00fc\u015fmelerde mesajlar\u0131m\u0131z art\u0131k kendilerine kararl\u0131 bir \u015fekilde iletilecektir. Bundan sonraki s\u00fcre\u00e7 verilecek cevaba ve uygulamaya g\u00f6re \u015fekillenecektir. \u00c7\u00fcnk\u00fc biz Suriye konusunu bir d\u0131\u015f mesele olarak, bir d\u0131\u015f sorun olarak g\u00f6rm\u00fcyoruz. Suriye meselesi bizim bir i\u00e7 meselemizdir. \u00c7\u00fcnk\u00fc bizim Suriye ile 850 kilometre s\u0131n\u0131r\u0131m\u0131z var, akrabal\u0131k, tarih, k\u00fclt\u00fcr ba\u011flar\u0131m\u0131z var.&#8221;<\/p>\n<p style=\"text-align: justify;\"><a href=\"http:\/\/www.cnnturk.com\/2011\/dunya\/08\/07\/samdan.erdogana.sert.yanit\/625339.0\/index.html\" target=\"_blank\">Kaynak : CNN T\u00dcRK<\/a><\/p>\n","protected":false},"excerpt":{"rendered":"<p style=\"text-align: justify;\">\n<p style=\"text-align: justify;\">Ba\u015fbakan Recep Tayyip Erdo\u011fan\u2019\u0131n Suriye\u2019ye y\u00f6nelik &#8220;Sabr\u0131n son anlar\u0131na geldik ve bunun i\u00e7in de sal\u0131 g\u00fcn\u00fc D\u0131\u015fi\u015fleri Bakan\u0131\u2019n\u0131 Suriye\u2019ye g\u00f6nderiyorum&#8221; y\u00f6n\u00fcndeki s\u00f6zlerine \u015eam\u2019dan sert yan\u0131t geldi.<\/p>\n<p style=\"text-align: justify;\">Suriye Devlet Ba\u015fkan\u0131 Be\u015far Esad\u2019\u0131n Siyaset ve Medya Dan\u0131\u015fman\u0131 Dr. Bouthina Shaaban, &#8220;E\u011fer T\u00fcrk D\u0131\u015fi\u015fleri Bakan\u0131 Ahmet Davuto\u011flu Suriye\u2019ye sert bir mesaj <\/p>\n","protected":false},"author":1,"featured_media":0,"comment_status":"open","ping_status":"open","sticky":false,"template":"","format":"standard","meta":{"footnotes":""},"categories":[105],"tags":[],"class_list":["post-37910","post","type-post","status-publish","format-standard","hentry","category-gundem","odd"],"_links":{"self":[{"href":"http:\/\/www.korhanyilmaz.com\/index.php?rest_route=\/wp\/v2\/posts\/37910","targetHints":{"allow":["GET"]}}],"collection":[{"href":"http:\/\/www.korhanyilmaz.com\/index.php?rest_route=\/wp\/v2\/posts"}],"about":[{"href":"http:\/\/www.korhanyilmaz.com\/index.php?rest_route=\/wp\/v2\/types\/post"}],"author":[{"embeddable":true,"href":"http:\/\/www.korhanyilmaz.com\/index.php?rest_route=\/wp\/v2\/users\/1"}],"replies":[{"embeddable":true,"href":"http:\/\/www.korhanyilmaz.com\/index.php?rest_route=%2Fwp%2Fv2%2Fcomments&post=37910"}],"version-history":[{"count":0,"href":"http:\/\/www.korhanyilmaz.com\/index.php?rest_route=\/wp\/v2\/posts\/37910\/revisions"}],"wp:attachment":[{"href":"http:\/\/www.korhanyilmaz.com\/index.php?rest_route=%2Fwp%2Fv2%2Fmedia&parent=37910"}],"wp:term":[{"taxonomy":"category","embeddable":true,"href":"http:\/\/www.korhanyilmaz.com\/index.php?rest_route=%2Fwp%2Fv2%2Fcategories&post=37910"},{"taxonomy":"post_tag","embeddable":true,"href":"http:\/\/www.korhanyilmaz.com\/index.php?rest_route=%2Fwp%2Fv2%2Ftags&post=37910"}],"curies":[{"name":"wp","href":"https:\/\/api.w.org\/{rel}","templated":true}]}}