{"id":37906,"date":"2011-08-07T15:51:51","date_gmt":"2011-08-07T12:51:51","guid":{"rendered":"http:\/\/www.korhanyilmaz.com\/?p=37906"},"modified":"2011-08-08T00:58:30","modified_gmt":"2011-08-07T21:58:30","slug":"bu-sozler-arinci-kizdiracak","status":"publish","type":"post","link":"http:\/\/www.korhanyilmaz.com\/?p=37906","title":{"rendered":"Bu s\u00f6zler Ar\u0131n\u00e7&#8217;\u0131 k\u0131zd\u0131racak&#8230;"},"content":{"rendered":"<p style=\"text-align: justify;\"><a href=\"http:\/\/www.korhanyilmaz.com\/wp-content\/uploads\/2011\/08\/5004.jpg\"  class=\"lightview\"><img loading=\"lazy\" decoding=\"async\" class=\"aligncenter size-full wp-image-37907\" title=\"\" src=\"http:\/\/www.korhanyilmaz.com\/wp-content\/uploads\/2011\/08\/5004.jpg\" alt=\"\" width=\"292\" height=\"235\" \/><\/a><\/p>\n<p style=\"text-align: justify;\">CHP Genel Sekreteri Bihlun Tamayl\u0131gil, Ba\u015fbakan Yard\u0131mc\u0131s\u0131 B\u00fclent Ar\u0131n\u00e7\u2019\u0131n CHP lideri Kemal K\u0131l\u0131\u00e7daro\u011flu\u2019nun YA\u015e toplant\u0131s\u0131 ile ilgili a\u00e7\u0131klamalar\u0131na y\u00f6nelik ele\u015ftirilerine yan\u0131t verdi.<\/p>\n<p style=\"text-align: justify;\">Tamayl\u0131gil, yapt\u0131\u011f\u0131 yaz\u0131l\u0131 a\u00e7\u0131klamada, &#8220;T\u00fcrkiye nerede a\u011flayaca\u011f\u0131n\u0131, nerede g\u00fclece\u011fini kestiremedi\u011fimiz bir denge bozuklu\u011fuyla malul h\u00fck\u00fcmet s\u00f6zc\u00fcs\u00fcn\u00fcn talihsiz beyanlar\u0131n\u0131 \u015fa\u015fk\u0131nl\u0131kla izlemektedir&#8221; dedi. <!--more--><\/p>\n<p style=\"text-align: justify;\">Tamayl\u0131gil, a\u00e7\u0131klamas\u0131nda \u015f\u00f6yle dedi:<\/p>\n<p style=\"text-align: justify;\">&#8220;Bu talihsiz beyan\u0131yla Say\u0131n Ar\u0131n\u00e7 kendi partilerinin Merkez Y\u00fcr\u00fctme Kurulu toplant\u0131lar\u0131yla Y\u00fcksek Askeri \u015eura toplant\u0131s\u0131n\u0131 e\u015fde\u011fer g\u00f6rmektedir. Y\u00fcksek Askeri \u015eura Toplant\u0131s\u0131 AKP\u2019nin mahremi de\u011fildir. Say\u0131n Ar\u0131n\u00e7 maalesef &#8216;tek parti devleti&#8217; heveslerini bar\u0131nd\u0131ran bir zihniyeti d\u0131\u015fa vurmu\u015ftur. Bu pervas\u0131z bir itiraft\u0131r.<\/p>\n<p style=\"text-align: justify;\">Bug\u00fcn devletin ve milletin kurumlar\u0131n\u0131 adeta parti uzant\u0131s\u0131 yap\u0131lar olarak g\u00f6ren bir \u2019Parti Devleti\u2019 anlay\u0131\u015f\u0131yla kar\u015f\u0131 kar\u015f\u0131yay\u0131z. Daha d\u00fcne kadar Y\u00fcksek Askeri \u015eura Kararlar\u0131n\u0131n yarg\u0131 denetimine tabi olmas\u0131n\u0131 savunanlar ve b\u00fct\u00fcn YA\u015e kararlar\u0131na muhalefet \u015ferhi koyanlar\u0131n geldi\u011fi bu nokta ibret vericidir.&#8221; Tamayl\u0131gil, b\u00f6ylece baz\u0131lar\u0131n\u0131n hukuk devleti ve \u015feffafl\u0131ktan ne anlad\u0131\u011f\u0131n\u0131n a\u00e7\u0131k\u00e7a g\u00f6r\u00fcld\u00fc\u011f\u00fcn\u00fc ifade ederek, &#8220;Umar\u0131z ki, H\u00fck\u00fcmet S\u00f6zc\u00fcs\u00fc Say\u0131n Ar\u0131n\u00e7 H\u00fck\u00fcmeti temsilen konu\u015fmuyordur&#8221; diye konu\u015ftu.<\/p>\n<p style=\"text-align: justify;\"><a href=\"http:\/\/www.cnnturk.com\/2011\/turkiye\/08\/07\/bu.sozler.arinci.kizdiracak\/625333.0\/index.html\" target=\"_blank\">Kaynak : CNN T\u00dcRK<\/a><\/p>\n","protected":false},"excerpt":{"rendered":"<p style=\"text-align: justify;\">\n<p style=\"text-align: justify;\">CHP Genel Sekreteri Bihlun Tamayl\u0131gil, Ba\u015fbakan Yard\u0131mc\u0131s\u0131 B\u00fclent Ar\u0131n\u00e7\u2019\u0131n CHP lideri Kemal K\u0131l\u0131\u00e7daro\u011flu\u2019nun YA\u015e toplant\u0131s\u0131 ile ilgili a\u00e7\u0131klamalar\u0131na y\u00f6nelik ele\u015ftirilerine yan\u0131t verdi.<\/p>\n<p style=\"text-align: justify;\">Tamayl\u0131gil, yapt\u0131\u011f\u0131 yaz\u0131l\u0131 a\u00e7\u0131klamada, &#8220;T\u00fcrkiye nerede a\u011flayaca\u011f\u0131n\u0131, nerede g\u00fclece\u011fini kestiremedi\u011fimiz bir denge bozuklu\u011fuyla malul h\u00fck\u00fcmet s\u00f6zc\u00fcs\u00fcn\u00fcn talihsiz beyanlar\u0131n\u0131 \u015fa\u015fk\u0131nl\u0131kla izlemektedir&#8221; dedi. <\/p>\n","protected":false},"author":1,"featured_media":0,"comment_status":"open","ping_status":"open","sticky":false,"template":"","format":"standard","meta":{"footnotes":""},"categories":[105],"tags":[],"class_list":["post-37906","post","type-post","status-publish","format-standard","hentry","category-gundem","odd"],"_links":{"self":[{"href":"http:\/\/www.korhanyilmaz.com\/index.php?rest_route=\/wp\/v2\/posts\/37906","targetHints":{"allow":["GET"]}}],"collection":[{"href":"http:\/\/www.korhanyilmaz.com\/index.php?rest_route=\/wp\/v2\/posts"}],"about":[{"href":"http:\/\/www.korhanyilmaz.com\/index.php?rest_route=\/wp\/v2\/types\/post"}],"author":[{"embeddable":true,"href":"http:\/\/www.korhanyilmaz.com\/index.php?rest_route=\/wp\/v2\/users\/1"}],"replies":[{"embeddable":true,"href":"http:\/\/www.korhanyilmaz.com\/index.php?rest_route=%2Fwp%2Fv2%2Fcomments&post=37906"}],"version-history":[{"count":0,"href":"http:\/\/www.korhanyilmaz.com\/index.php?rest_route=\/wp\/v2\/posts\/37906\/revisions"}],"wp:attachment":[{"href":"http:\/\/www.korhanyilmaz.com\/index.php?rest_route=%2Fwp%2Fv2%2Fmedia&parent=37906"}],"wp:term":[{"taxonomy":"category","embeddable":true,"href":"http:\/\/www.korhanyilmaz.com\/index.php?rest_route=%2Fwp%2Fv2%2Fcategories&post=37906"},{"taxonomy":"post_tag","embeddable":true,"href":"http:\/\/www.korhanyilmaz.com\/index.php?rest_route=%2Fwp%2Fv2%2Ftags&post=37906"}],"curies":[{"name":"wp","href":"https:\/\/api.w.org\/{rel}","templated":true}]}}