{"id":37895,"date":"2011-08-06T19:19:45","date_gmt":"2011-08-06T16:19:45","guid":{"rendered":"http:\/\/www.korhanyilmaz.com\/?p=37895"},"modified":"2011-08-07T04:19:12","modified_gmt":"2011-08-07T01:19:12","slug":"kilicdaroglu-genelkurmayi-savunmaya-baglayalim","status":"publish","type":"post","link":"http:\/\/www.korhanyilmaz.com\/?p=37895","title":{"rendered":"K\u0131l\u0131\u00e7daro\u011flu: Genelkurmay&#8217;\u0131 Savunma&#8217;ya ba\u011flayal\u0131m"},"content":{"rendered":"<p style=\"text-align: justify;\"><a href=\"http:\/\/www.korhanyilmaz.com\/wp-content\/uploads\/2011\/08\/5003.jpg\"  class=\"lightview\"><img loading=\"lazy\" decoding=\"async\" class=\"aligncenter size-full wp-image-37896\" title=\"\" src=\"http:\/\/www.korhanyilmaz.com\/wp-content\/uploads\/2011\/08\/5003.jpg\" alt=\"\" width=\"292\" height=\"205\" \/><\/a><\/p>\n<p style=\"text-align: justify;\">YA\u015e&#8217;taki oturma d\u00fczeninin ard\u0131ndan \u015fimdi de Genelkurmay Ba\u015fkan\u0131&#8217;n\u0131n Milli Savunma Bakanl\u0131\u011f\u0131&#8217;na ba\u011flanmas\u0131 tart\u0131\u015f\u0131l\u0131yor. Milliyet yazar\u0131 Derya Sazak&#8217;a konu\u015fan CHP lideri Kemal K\u0131l\u0131\u00e7daro\u011flu, h\u00fck\u00fcmete \u00e7a\u011fr\u0131da bulundu: &#8220;Verin teklifi destekleyelim. Genelkurmay&#8217;\u0131 Savunma&#8217;ya ba\u011flayal\u0131m&#8221;<\/p>\n<p style=\"text-align: justify;\"><span style=\"text-decoration: underline;\">Derya Sazak&#8217;\u0131n bug\u00fcnk\u00fc yaz\u0131s\u0131 \u015f\u00f6yle:<\/span><\/p>\n<p style=\"text-align: justify;\">&#8220;Askeri \u015e\u00fbra toplant\u0131s\u0131 ard\u0131ndan, &#8220;CHP demokratikle\u015fmenin, siville\u015fmenin neresinde?.. Genelkurmay&#8217;\u0131n Milli Savunma Bakanl\u0131\u011f\u0131&#8217;na ba\u011flanmas\u0131na, 35. maddenin kald\u0131r\u0131lmas\u0131na destek verecek mi?&#8221; diye sormu\u015ftuk. <!--more--><\/p>\n<p style=\"text-align: justify;\">CHP lideri Kemal K\u0131l\u0131\u00e7daro\u011flu erkenden arad\u0131, &#8220;Muhalefeti ele\u015ftirmek ulusal spor oldu&#8221; diyerek ba\u015flad\u0131 s\u00f6ze. Ele\u015ftirilerden al\u0131nm\u0131\u015ft\u0131. Se\u00e7imden bu yana g\u00f6r\u00fc\u015fmemi\u015ftik. YA\u015e&#8217;tan ba\u015flayarak telefonda uzun bir s\u00f6yle\u015fi yapt\u0131k.<\/p>\n<p style=\"text-align: justify;\">K\u0131l\u0131\u00e7daro\u011flu, darbelere me\u015fruiyet sa\u011flayan TSK \u0130\u00e7 Hizmet Yasas\u0131&#8217;n\u0131n 35. maddesiyle ilgili de\u011fi\u015fiklik teklifini se\u00e7imden \u00f6nce Meclis&#8217;e verdiklerini ve 1 Ekim&#8217;de yenileyeceklerini a\u00e7\u0131klad\u0131.<\/p>\n<p style=\"text-align: justify;\">Genelkurmay Ba\u015fkanl\u0131\u011f\u0131&#8217;n\u0131n Milli Savunma Bakanl\u0131\u011f\u0131&#8217;na ba\u011flanmas\u0131n\u0131 konusunda h\u00fck\u00fcmete \u00e7a\u011fr\u0131da bulunarak, &#8220;Verin teklifi destekleyelim. Genelkurmay&#8217;\u0131 Savunma&#8217;ya ba\u011flayal\u0131m&#8221; diye konu\u015ftu.<\/p>\n<p style=\"text-align: justify;\">CHP lideri, T\u00fcrkiye&#8217;nin demokratikle\u015fme, siville\u015fme konusunda ald\u0131\u011f\u0131 mesafeyi anlat\u0131rken, &#8220;Darbe mi, asla. Asker siyasete m\u00fcdahale ederse tank\u0131n \u00f6n\u00fcne \u00e7\u0131kar\u0131m. S\u00f6z\u00fcm\u00fcn arkas\u0131nday\u0131m&#8221; g\u00f6r\u00fc\u015f\u00fcn\u00fc a\u00e7\u0131klad\u0131. Genelkurmay Ba\u015fkan\u0131 I\u015f\u0131k Ko\u015faner ve 3 Kuvvet Komutan\u0131&#8217;n\u0131n istifalar\u0131 \u00fczerine Kemal Bey tatilini keserek Ankara&#8217;ya d\u00f6nm\u00fc\u015f, H\u00fcrriyet&#8217;ten \u015e\u00fckr\u00fc K\u00fc\u00e7\u00fck\u015fahin&#8217;e ordunun zirvesindeki emeklilikleri &#8220;demokratik tepki&#8221; olarak nitelendiren bir de\u011ferlendirme yapm\u0131\u015ft\u0131.<\/p>\n<p style=\"text-align: justify;\">1990 K\u00f6rfez krizinde Torumtay&#8217;\u0131n istifas\u0131ndan bu yana Genelkurmay&#8217;da toplu istifalar s\u0131rad\u0131\u015f\u0131 bir olayd\u0131.<\/p>\n<p style=\"text-align: justify;\">K\u0131l\u0131\u00e7daro\u011flu, sivil iradenin her \u015feyin \u00fcst\u00fcnde oldu\u011funu vurgularken, &#8220;As\u0131l \u00f6nemli olan istifalard\u0131r. Eyvallah, sayg\u0131 duyuyoruz, fakat hangi gerek\u00e7e ile oldu bilmek istiyoruz&#8221; demi\u015fti.<\/p>\n<p style=\"text-align: justify;\"><strong>Ya\u015fanan gelgitler<\/strong><\/p>\n<p style=\"text-align: justify;\">D\u00fcn Askeri \u015e\u00fbra sonras\u0131 bu g\u00f6r\u00fc\u015flerinin ne \u00f6l\u00e7\u00fcde de\u011fi\u015fti\u011fini Say\u0131n K\u0131l\u0131\u00e7daro\u011flu&#8217;na sordum.<\/p>\n<p style=\"text-align: justify;\">Ko\u015faner&#8217;in yerine Necdet \u00d6zel Genelkurmay Ba\u015fkan\u0131 olmu\u015f ancak, Balyoz san\u0131\u011f\u0131 tutuklu generallerin emeklili\u011finde \u0131srar eden h\u00fck\u00fcmet, Cumhurba\u015fkan\u0131 G\u00fcl&#8217;\u00fcn &#8220;bir defaya mahsus&#8221; diye alt\u0131n\u0131 \u00e7izdi\u011fi 1 y\u0131l uzatma form\u00fcl\u00fcnde uzla\u015fm\u0131\u015ft\u0131. CHP lideri Askeri \u015e\u00fbra&#8217;da ortaya \u00e7\u0131kan bu tabloyu \u015f\u00f6yle yorumlad\u0131:<\/p>\n<p style=\"text-align: justify;\">&#8220;Anla\u015f\u0131lan gelenek \u00e7ok fazla bozulmad\u0131. Ama bizim itiraz etti\u011fimiz noktada; kapal\u0131 kap\u0131lar ard\u0131nda ne oldu da, istifalardan sonra ne de\u011fi\u015fti de bu kararlar \u00e7\u0131kt\u0131? \u015e\u00fbra&#8217;da demokratik olgu, oylamalar sonucu terfi ve emeklilik i\u015flemlerinin ger\u00e7eklemesidir. Oysa Ba\u015fbakan, Say\u0131n Necdet \u00d6zel ile \u00f6zel g\u00f6r\u00fc\u015ft\u00fc ve bu mutabakat\u0131n sonucunu kamuoyu ile payla\u015fmad\u0131. Tutuklu komutanlarla ilgili gelgitler ya\u015fand\u0131. \u015e\u00fbra, \u015f\u00fbra olma \u00f6zelli\u011fini kaybetti. Komutanlar niye istifa etti bilmiyoruz.&#8221;<\/p>\n<p style=\"text-align: justify;\">K\u0131l\u0131\u00e7daro\u011flu, ana muhalefeti bilgilendirmeyen Ba\u015fbakan ve Cumhurba\u015fkan\u0131&#8217;n\u0131 ele\u015ftiriyor. A\u00e7\u0131klama bekliyor.<\/p>\n<p style=\"text-align: justify;\"><strong>&#8216;Ordu infaz edildi&#8217;<\/strong><\/p>\n<p style=\"text-align: justify;\">K\u0131l\u0131\u00e7daro\u011flu&#8217;na, &#8220;Ge\u00e7mi\u015fte muht\u0131ra veren, darbe yapan komutanlar\u0131n istekleri kabul edilmedi diye istifa noktas\u0131na gelmelerini demokratik tepki olarak yorumlad\u0131n\u0131z. Sonu\u00e7ta askerler siyasi otoriteye ba\u011fl\u0131 de\u011filler mi? Devam eden davalarla ilgili hukuki kayg\u0131lar\u0131n\u0131 topluca ifade eden silahl\u0131 bir g\u00fc\u00e7, yasalar kar\u015f\u0131s\u0131nda yarg\u0131y\u0131 ve iktidar\u0131 etkilemeye \u00e7al\u0131\u015fmad\u0131 m\u0131?&#8221; diye soruyoruz.<\/p>\n<p style=\"text-align: justify;\">CHP lideri yan\u0131tl\u0131yor:<\/p>\n<p style=\"text-align: justify;\">&#8220;Benim, istifay\u0131 da bir demokratik tepki olarak g\u00f6rmem T\u00fcrkiye&#8217;de askeri darbeler d\u00f6neminin kapand\u0131\u011f\u0131 vurgusudur. Ordu da eskisi gibi de\u011fil. Haklar\u0131n\u0131 hukuk yoluyla ar\u0131yor. Ancak 12 Eyl\u00fcl \u00f6ncesi DGM&#8217;lerin devam\u0131 niteli\u011findeki \u00f6zel yetkili mahkemelerle bu nas\u0131l olacak. Davalar uzad\u0131k\u00e7a uzuyor. Bu mahkemelerin savc\u0131 ve yarg\u0131\u00e7lar\u0131 siyasi otoritenin emrinde. Bunun neresi demokratik? Yar\u0131n kimin kap\u0131s\u0131n\u0131 \u00e7alacaklar\u0131, kimleri evden alacaklar\u0131 belli de\u011fil.<\/p>\n<p style=\"text-align: justify;\">Yanda\u015f medyan\u0131n yay\u0131nlar\u0131n\u0131 da unutmay\u0131n. &#8216;Ordu infaz edildi.&#8217; Askeri su\u00e7lu g\u00f6stermek i\u00e7in her yola ba\u015fvuruldu.&#8221;<\/p>\n<p style=\"text-align: justify;\"><strong>\u0130nternet and\u0131c\u0131 iddianamesi<\/strong><\/p>\n<p style=\"text-align: justify;\">K\u0131l\u0131\u00e7daro\u011flu&#8217;na &#8220;\u0130nternet And\u0131c\u0131&#8221; iddianamesini hat\u0131rlat\u0131yoruz. \u015e\u00fbra&#8217;da emeklili\u011fe sevk edilen Albay Dursun \u00c7i\u00e7ek de mahkemede, belgenin ger\u00e7ek oldu\u011funu a\u00e7\u0131klam\u0131\u015ft\u0131. \u015e\u00fbra \u00f6ncesi o dava kapsam\u0131nda hakk\u0131nda &#8220;yakalama karar\u0131&#8221; \u00e7\u0131kar\u0131lan Ege Ordu Komutan\u0131 Nusret Ta\u015fdeler de durumu tart\u0131\u015f\u0131lan komutanlar aras\u0131ndayd\u0131. EDOK Komutanl\u0131\u011f\u0131&#8217;na atand\u0131.<\/p>\n<p style=\"text-align: justify;\">Kemal Bey &#8220;\u0130nternet and\u0131c\u0131n\u0131n savunulacak taraf\u0131 yok, h\u00fck\u00fcmet aleyhinde faaliyet g\u00f6stermek nerede g\u00f6r\u00fclm\u00fc\u015f bunu Genelkurmay de\u011fil, ba\u015fka bir kurum da yapsa su\u00e7tur. Bak\u0131n CHP olarak biz somut delile, bilgi ve belgeye dayal\u0131 davalar\u0131 ay\u0131r\u0131yoruz. Ama 2003&#8217;teki darbeye te\u015febb\u00fcs davas\u0131yla ilgili dosyalar aras\u0131nda yak\u0131n tarihli dok\u00fcmanlar \u00e7\u0131k\u0131yorsa onlara da ku\u015fkuyla bak\u0131yoruz&#8221; diyor.<\/p>\n<p style=\"text-align: justify;\"><strong>Silvan soru\u015fturmas\u0131na ne diyor?<\/strong><\/p>\n<p style=\"text-align: justify;\">CHP liderine son olarak Silvan&#8217;da 13 askerin PKK bask\u0131n\u0131nda \u015fehit d\u00fc\u015fmesi \u00fczerine yapt\u0131\u011f\u0131 a\u00e7\u0131klamay\u0131 hat\u0131rlat\u0131yoruz. Kemal Bey, tutuklu generaller nedeniyle &#8220;ordunun de moralsiz&#8221; oldu\u011funu s\u00f6ylemi\u015fti. Askeri \u015e\u00fbra ba\u015flarken Genelkurmay Ba\u015fkan\u0131 ve Kuvvet Komutanlar\u0131n\u0131n iktidarla ters d\u00fc\u015ferek istifa etmeleri \u00fczerine, &#8220;Onca karakol bask\u0131n\u0131nda \u015fehitler verilirken generaller niye istifay\u0131 d\u00fc\u015f\u00fcnmediler de, \u015fimdi emekliliklerini istediler&#8221; ele\u015ftirisi yap\u0131lm\u0131\u015ft\u0131.<\/p>\n<p style=\"text-align: justify;\">Kemal Bey Silvan sald\u0131r\u0131s\u0131ndan sonra &#8220;orduda moral mi b\u0131rakt\u0131n\u0131z&#8221; s\u00f6zlerinin \u00e7arp\u0131t\u0131ld\u0131\u011f\u0131n\u0131, olay\u0131n soru\u015fturulmas\u0131 dahil kapsaml\u0131 bir de\u011ferlendirme yapt\u0131\u011f\u0131n\u0131 belirterek, &#8220;Hatal\u0131 olan o askerlerin komutanlar\u0131ysa elbette gereken yap\u0131l\u0131r. Gerekirse askerlikten de uzakla\u015ft\u0131r\u0131l\u0131rlar. Daha \u00f6nce niye istifa etmediler ele\u015ftirisini Askeri \u015e\u00fbra d\u0131\u015f\u0131nda de\u011ferlendiriyorum&#8221; dedi.<\/p>\n<p style=\"text-align: justify;\">CHP lideri, yeni Anayasa ba\u015fta Meclis&#8217;e \u00f6nemli haz\u0131rl\u0131klarla geleceklerini belirterek, &#8220;tutukluluk s\u00fcrelerinin k\u0131salt\u0131lmas\u0131n\u0131&#8221; da \u00f6ncelikle g\u00fcndeme getireceklerini s\u00f6yledi.<\/p>\n<p style=\"text-align: justify;\"><strong>Oturma d\u00fczeni<\/strong><\/p>\n<p style=\"text-align: justify;\">CHP lideri, istifalar\u0131n ard\u0131ndan Ba\u015fbakan&#8217;\u0131n \u015e\u00fbra&#8217;daki oturma d\u00fczenini yorumlarken de, &#8220;Kald\u0131r\u0131lan koltuk Genelkurmay Ba\u015fkan\u0131&#8217;na ait. Necdet \u00d6zel&#8217;in vekil olarak Ba\u015fbakan&#8217;\u0131n yan\u0131nda bulunmas\u0131 do\u011fru olmazd\u0131. Ben ilke olarak da Genelkurmay Ba\u015fkan\u0131 ve Ba\u015fbakan&#8217;\u0131n e\u015fba\u015fkanlar \u015feklinde \u015e\u00fbra&#8217;ya ba\u015fkanl\u0131k etmelerini sivil bulmuyorum. Bunlar da art\u0131k de\u011fi\u015fmeli. Ancak ordu \u00fczerinden sivil otorite kurmay\u0131 da do\u011fru bulmuyoruz&#8221; diye konu\u015ftu.<\/p>\n<p style=\"text-align: justify;\"><strong>Cumhuriyet&#8217;e bomba<\/strong><\/p>\n<p style=\"text-align: justify;\">Ergenekon davas\u0131nda ifade veren bir san\u0131\u011f\u0131n &#8220;Cumhuriyet&#8217;e at\u0131lan bombay\u0131 polisin verdi\u011fini&#8221; a\u00e7\u0131klamas\u0131 \u00fczerine K\u0131l\u0131\u00e7daro\u011flu &#8220;Bu haberi ihbar kabul edecek ve olay\u0131n \u00fczerine gidecek bir cumhuriyet savc\u0131s\u0131 ar\u0131yorum. E\u011fer yarg\u0131 hukuktan yana, ba\u011f\u0131ms\u0131z ve adilse bu a\u00e7\u0131klamalar\u0131n da \u00fczerine gidebilmelidir&#8221; diye tepki g\u00f6sterdi.<\/p>\n<p style=\"text-align: justify;\"><a href=\"http:\/\/www.cnnturk.com\/2011\/cnn.turk.tv\/08\/06\/kilicdaroglu.genelkurmayi.savunmaya.baglayalim\/625306.0\/index.html\" target=\"_blank\">Kaynak : CNN T\u00dcRK<\/a><\/p>\n","protected":false},"excerpt":{"rendered":"<p style=\"text-align: justify;\">\n<p style=\"text-align: justify;\">YA\u015e&#8217;taki oturma d\u00fczeninin ard\u0131ndan \u015fimdi de Genelkurmay Ba\u015fkan\u0131&#8217;n\u0131n Milli Savunma Bakanl\u0131\u011f\u0131&#8217;na ba\u011flanmas\u0131 tart\u0131\u015f\u0131l\u0131yor. Milliyet yazar\u0131 Derya Sazak&#8217;a konu\u015fan CHP lideri Kemal K\u0131l\u0131\u00e7daro\u011flu, h\u00fck\u00fcmete \u00e7a\u011fr\u0131da bulundu: &#8220;Verin teklifi destekleyelim. Genelkurmay&#8217;\u0131 Savunma&#8217;ya ba\u011flayal\u0131m&#8221;<\/p>\n<p style=\"text-align: justify;\">Derya Sazak&#8217;\u0131n bug\u00fcnk\u00fc yaz\u0131s\u0131 \u015f\u00f6yle:<\/p>\n<p style=\"text-align: justify;\">&#8220;Askeri \u015e\u00fbra toplant\u0131s\u0131 ard\u0131ndan, &#8220;CHP demokratikle\u015fmenin, siville\u015fmenin neresinde?.. Genelkurmay&#8217;\u0131n Milli <\/p>\n","protected":false},"author":1,"featured_media":0,"comment_status":"open","ping_status":"open","sticky":false,"template":"","format":"standard","meta":{"footnotes":""},"categories":[105],"tags":[],"class_list":["post-37895","post","type-post","status-publish","format-standard","hentry","category-gundem","odd"],"_links":{"self":[{"href":"http:\/\/www.korhanyilmaz.com\/index.php?rest_route=\/wp\/v2\/posts\/37895","targetHints":{"allow":["GET"]}}],"collection":[{"href":"http:\/\/www.korhanyilmaz.com\/index.php?rest_route=\/wp\/v2\/posts"}],"about":[{"href":"http:\/\/www.korhanyilmaz.com\/index.php?rest_route=\/wp\/v2\/types\/post"}],"author":[{"embeddable":true,"href":"http:\/\/www.korhanyilmaz.com\/index.php?rest_route=\/wp\/v2\/users\/1"}],"replies":[{"embeddable":true,"href":"http:\/\/www.korhanyilmaz.com\/index.php?rest_route=%2Fwp%2Fv2%2Fcomments&post=37895"}],"version-history":[{"count":0,"href":"http:\/\/www.korhanyilmaz.com\/index.php?rest_route=\/wp\/v2\/posts\/37895\/revisions"}],"wp:attachment":[{"href":"http:\/\/www.korhanyilmaz.com\/index.php?rest_route=%2Fwp%2Fv2%2Fmedia&parent=37895"}],"wp:term":[{"taxonomy":"category","embeddable":true,"href":"http:\/\/www.korhanyilmaz.com\/index.php?rest_route=%2Fwp%2Fv2%2Fcategories&post=37895"},{"taxonomy":"post_tag","embeddable":true,"href":"http:\/\/www.korhanyilmaz.com\/index.php?rest_route=%2Fwp%2Fv2%2Ftags&post=37895"}],"curies":[{"name":"wp","href":"https:\/\/api.w.org\/{rel}","templated":true}]}}