{"id":37883,"date":"2011-08-06T22:20:31","date_gmt":"2011-08-06T19:20:31","guid":{"rendered":"http:\/\/www.korhanyilmaz.com\/?p=37883"},"modified":"2011-08-07T03:59:02","modified_gmt":"2011-08-07T00:59:02","slug":"erdogan-davutoglunu-suriyeye-gonderiyor","status":"publish","type":"post","link":"http:\/\/www.korhanyilmaz.com\/?p=37883","title":{"rendered":"Erdo\u011fan Davuto\u011flu&#8217;nu Suriye&#8217;ye g\u00f6nderiyor"},"content":{"rendered":"<p><a href=\"http:\/\/www.korhanyilmaz.com\/wp-content\/uploads\/2011\/08\/3042.jpg\"  class=\"lightview\"><img loading=\"lazy\" decoding=\"async\" class=\"aligncenter size-full wp-image-37884\" title=\"\" src=\"http:\/\/www.korhanyilmaz.com\/wp-content\/uploads\/2011\/08\/3042.jpg\" alt=\"\" width=\"382\" height=\"233\" \/><\/a><\/p>\n<p style=\"text-align: justify;\">Ba\u015fbakan Erdo\u011fan, D\u0131\u015fi\u015fleri Bakan\u0131 Davuto\u011flu&#8217;nun 9 A\u011fustos Sal\u0131 g\u00fcn\u00fc Suriye&#8217;ye gidece\u011fini belirterek, &#8220;Gerekli olan g\u00f6r\u00fc\u015fmeleri yapacak. Mesajlar\u0131m\u0131z kararl\u0131 bir \u015fekilde iletilecek. Bundan sonraki s\u00fcre\u00e7, verilecek cevaba ve uygulamaya g\u00f6re \u015fekillenecektir&#8221; dedi.<\/p>\n<p style=\"text-align: justify;\">Ba\u015fbakan Erdo\u011fan, Birlik Vakf\u0131n\u0131n \u00c7emberlita\u015f&#8217;taki genel merkezinde d\u00fczenlenen geleneksel iftar yeme\u011finde yapt\u0131\u011f\u0131 konu\u015fmada, bug\u00fcne kadar bir\u00e7ok konuda &#8220;Acaba halledebilir miyiz?&#8221;, &#8220;Acaba s\u00f6ylenenler yerini bulur mu?&#8221; diye \u00e7ok sabrettiklerini s\u00f6yledi. <!--more--><\/p>\n<p style=\"text-align: justify;\">Erdo\u011fan, \u015f\u00f6yle devam etti:<\/p>\n<p style=\"text-align: justify;\">&#8220;Ama art\u0131k burada da sabr\u0131n son anlar\u0131na geldik ve bunun i\u00e7in de bu s\u00fcre\u00e7 i\u00e7inde sal\u0131 g\u00fcn\u00fc D\u0131\u015fi\u015fleri Bakan\u0131&#8217;n\u0131 Suriye&#8217;ye g\u00f6nderiyorum.<\/p>\n<p style=\"text-align: justify;\">Kendileriyle orada gerekli olan g\u00f6r\u00fc\u015fmeleri yapacaklar. Bu g\u00f6r\u00fc\u015fmelerde mesajlar\u0131m\u0131z art\u0131k kendilerine kararl\u0131 bir \u015fekilde iletilecektir. Bundan sonraki s\u00fcre\u00e7 verilecek cevaba ve uygulamaya g\u00f6re \u015fekillenecektir.<\/p>\n<p style=\"text-align: justify;\">\u00c7\u00fcnk\u00fc biz Suriye konusunu bir d\u0131\u015f mesele olarak, bir d\u0131\u015f sorun olarak g\u00f6rm\u00fcyoruz. Suriye meselesi bizim bir i\u00e7 meselemizdir. \u00c7\u00fcnk\u00fc bizim Suriye ile 850 kilometre s\u0131n\u0131r\u0131m\u0131z var, akrabal\u0131k, tarih, k\u00fclt\u00fcr ba\u011flar\u0131m\u0131z var.<\/p>\n<p style=\"text-align: justify;\">Dolay\u0131s\u0131yla burada olanlar, bitenler bizim asla seyirci kalmam\u0131za f\u0131rsat vermez. Tam aksine oradaki sesleri duymak zorunday\u0131z, duyuyoruz ve tabii ki gere\u011fini de yapmak durumunday\u0131z.&#8221;<\/p>\n","protected":false},"excerpt":{"rendered":"<\/p>\n<p style=\"text-align: justify;\">Ba\u015fbakan Erdo\u011fan, D\u0131\u015fi\u015fleri Bakan\u0131 Davuto\u011flu&#8217;nun 9 A\u011fustos Sal\u0131 g\u00fcn\u00fc Suriye&#8217;ye gidece\u011fini belirterek, &#8220;Gerekli olan g\u00f6r\u00fc\u015fmeleri yapacak. Mesajlar\u0131m\u0131z kararl\u0131 bir \u015fekilde iletilecek. Bundan sonraki s\u00fcre\u00e7, verilecek cevaba ve uygulamaya g\u00f6re \u015fekillenecektir&#8221; dedi.<\/p>\n<p style=\"text-align: justify;\">Ba\u015fbakan Erdo\u011fan, Birlik Vakf\u0131n\u0131n \u00c7emberlita\u015f&#8217;taki genel merkezinde d\u00fczenlenen geleneksel iftar yeme\u011finde yapt\u0131\u011f\u0131 konu\u015fmada, bug\u00fcne kadar bir\u00e7ok konuda &#8220;Acaba halledebilir <\/p>\n","protected":false},"author":1,"featured_media":0,"comment_status":"open","ping_status":"open","sticky":false,"template":"","format":"standard","meta":{"footnotes":""},"categories":[105],"tags":[],"class_list":["post-37883","post","type-post","status-publish","format-standard","hentry","category-gundem","odd"],"_links":{"self":[{"href":"http:\/\/www.korhanyilmaz.com\/index.php?rest_route=\/wp\/v2\/posts\/37883","targetHints":{"allow":["GET"]}}],"collection":[{"href":"http:\/\/www.korhanyilmaz.com\/index.php?rest_route=\/wp\/v2\/posts"}],"about":[{"href":"http:\/\/www.korhanyilmaz.com\/index.php?rest_route=\/wp\/v2\/types\/post"}],"author":[{"embeddable":true,"href":"http:\/\/www.korhanyilmaz.com\/index.php?rest_route=\/wp\/v2\/users\/1"}],"replies":[{"embeddable":true,"href":"http:\/\/www.korhanyilmaz.com\/index.php?rest_route=%2Fwp%2Fv2%2Fcomments&post=37883"}],"version-history":[{"count":0,"href":"http:\/\/www.korhanyilmaz.com\/index.php?rest_route=\/wp\/v2\/posts\/37883\/revisions"}],"wp:attachment":[{"href":"http:\/\/www.korhanyilmaz.com\/index.php?rest_route=%2Fwp%2Fv2%2Fmedia&parent=37883"}],"wp:term":[{"taxonomy":"category","embeddable":true,"href":"http:\/\/www.korhanyilmaz.com\/index.php?rest_route=%2Fwp%2Fv2%2Fcategories&post=37883"},{"taxonomy":"post_tag","embeddable":true,"href":"http:\/\/www.korhanyilmaz.com\/index.php?rest_route=%2Fwp%2Fv2%2Ftags&post=37883"}],"curies":[{"name":"wp","href":"https:\/\/api.w.org\/{rel}","templated":true}]}}