{"id":3788,"date":"2009-02-27T11:47:40","date_gmt":"2009-02-27T09:47:40","guid":{"rendered":"http:\/\/www.korhanyilmaz.com\/?p=3788"},"modified":"2009-02-27T11:47:40","modified_gmt":"2009-02-27T09:47:40","slug":"diyanetten-sozlesmeli-ogretmenlik-fetvasi","status":"publish","type":"post","link":"http:\/\/www.korhanyilmaz.com\/?p=3788","title":{"rendered":"Diyanet&#039;ten s\u00f6zle\u015fmeli \u00f6\u011fretmenlik fetvas\u0131"},"content":{"rendered":"<p><img loading=\"lazy\" decoding=\"async\" class=\"aligncenter size-full wp-image-3791\" title=\"Diyanet'ten s\u00f6zle\u015fmeli \u00f6\u011fretmenlik fetvas\u0131\" src=\"http:\/\/www.korhanyilmaz.com\/wp-content\/uploads\/2009\/02\/7ad5234b6f02d54baeca0e9er.jpg\" alt=\"Diyanet'ten s\u00f6zle\u015fmeli \u00f6\u011fretmenlik fetvas\u0131\" width=\"300\" height=\"210\" \/><\/p>\n<p style=\"text-align: justify;\">Diyanet \u0130\u015fleri Ba\u015fkanl\u0131\u011f\u0131, T\u00fcrk E\u011fitim-Sen taraf\u0131ndan s\u00f6zle\u015fmeli \u00f6\u011fretmenler konusunda gelen talebi yan\u0131tlayarak s\u00f6zle\u015fmeli \u00f6\u011fretmenli\u011fin &#8220;zul\u00fcm oldu\u011fu&#8221; a\u00e7\u0131klamas\u0131nda bulundu.<\/p>\n<p style=\"text-align: justify;\">Ba\u015fkanl\u0131k buna kar\u015f\u0131n, s\u00f6zle\u015fmeli \u00f6\u011fretmenli\u011fin &#8220;idari bir konu&#8221; oldu\u011funu belirterek, &#8220;Kurumlar\u0131n tesis ettikleri i\u015flemler hakk\u0131nda de\u011ferlendirmede bulunmak ve g\u00f6r\u00fc\u015f beyan etmek, Ba\u015fkanl\u0131\u011f\u0131m\u0131z\u0131n g\u00f6rev ve yetki alan\u0131 d\u0131\u015f\u0131ndad\u0131r&#8221; de\u011ferlendirmesini yapt\u0131.<\/p>\n<p style=\"text-align: justify;\">&#8220;Demokratik&#8221; yollarla yapt\u0131\u011f\u0131 ba\u015fvurulardan sonu\u00e7 alamayan T\u00fcrk E\u011fitim-Sen, son \u00e7are olarak Diyanet \u0130\u015fleri Ba\u015fkanl\u0131\u011f\u0131&#8217;na ba\u015fvurdu ve bir &#8220;fetva&#8221; olarak tan\u0131mlad\u0131\u011f\u0131 bir dini de\u011ferlendirmede bulunmas\u0131n\u0131 istedi. <!--more--><br \/>\nS\u00f6z konusu ba\u015fvuru Diyanet \u0130\u015fleri Ba\u015fkanl\u0131\u011f\u0131 taraf\u0131ndan yan\u0131tland\u0131. Ba\u015fkanl\u0131k, s\u00f6zle\u015fmeli \u00f6\u011fretmenli\u011fin zul\u00fcm oldu\u011funu ve \u0130slam&#8217;\u0131n bunu kabul edemeyece\u011fini ifade etti. Diyanet \u0130\u015fleri Ba\u015fkanl\u0131\u011f\u0131, &#8220;\u0130slam dini zulm\u00fc ve zulm\u00fc \u00e7a\u011fr\u0131\u015ft\u0131ran her t\u00fcrl\u00fc eylemi, uygulama ve davran\u0131\u015f\u0131 onaylamaz. Bu hususta asla teredd\u00fct yoktur. Ayr\u0131ca, y\u00fcce dinimiz insanlar\u0131n temel hak ve \u00f6zg\u00fcrl\u00fcklerinin de etkin \u015fekilde g\u00fcvence alt\u0131na al\u0131nmas\u0131n\u0131 ve korunmas\u0131n\u0131 emreder. Bu hususta da bir ku\u015fku bulunmamaktad\u0131r. Ancak dilek\u00e7enizde dile getirdi\u011finiz konu idari bir konudur. Kurumlar\u0131n tesis ettikleri i\u015flemler hakk\u0131nda de\u011ferlendirmede bulunmak ve g\u00f6r\u00fc\u015f beyan etmek, Ba\u015fkanl\u0131\u011f\u0131m\u0131z\u0131n g\u00f6rev ve yetki alan\u0131 d\u0131\u015f\u0131ndad\u0131r&#8221; a\u00e7\u0131klamas\u0131nda bulundu.\n<\/p>\n<p style=\"text-align: justify;\"><strong>&#8220;T\u00dcM DEMOKRAT\u0130K YOLLAR DENEND\u0130&#8221;<\/strong><\/p>\n<p style=\"text-align: justify;\">S\u00f6z konusu a\u00e7\u0131klamay\u0131 de\u011ferlendiren T\u00fcrk E\u011fitim-Sen Genel Ba\u015fkan\u0131 \u0130smail Koncuk yapt\u0131\u011f\u0131 a\u00e7\u0131klamada, Diyanet \u0130\u015fleri Ba\u015fkanl\u0131\u011f\u0131&#8217;na s\u00f6zle\u015fmeli \u00f6\u011fretmenlik uygulamas\u0131n\u0131n kul hakk\u0131 yemek olup olmad\u0131\u011f\u0131n\u0131 sorduklar\u0131n\u0131 an\u0131msatt\u0131. Koncuk a\u00e7\u0131klamas\u0131nda \u015funlar\u0131 s\u00f6yledi:<\/p>\n<p style=\"text-align: justify;\">&#8220;T\u00fcrkiye Cumhuriyeti devleti laik bir hukuk devletidir. Bu noktada T\u00fcrk E\u011fitim-Sen olarak, s\u00f6zle\u015fmeli \u00f6\u011fretmenlik uygulamas\u0131n\u0131n kald\u0131r\u0131lmas\u0131 i\u00e7in bug\u00fcne kadar her t\u00fcrl\u00fc hukuki m\u00fccadeleyi yapt\u0131k, yapmaya da devam ediyoruz. Hatta sendikam\u0131z bu konuda \u00f6nemli davalar da kazanm\u0131\u015ft\u0131r. Ayr\u0131ca Milli E\u011fitim Bakanl\u0131\u011f\u0131&#8217;n\u0131n s\u00f6zle\u015fmeli \u00f6\u011fretmenlerin \u00e7\u0131\u011fl\u0131\u011f\u0131na kulak vermesi i\u00e7in T\u00fcrkiye genelinde eylemler d\u00fczenledik, bakanl\u0131\u011f\u0131 protesto ettik. Kurum \u0130dari Kurulu toplant\u0131lar\u0131nda s\u00f6zle\u015fmeli \u00f6\u011fretmenlik konusunu t\u00fcm olumsuz y\u00f6nleriyle masaya da ta\u015f\u0131d\u0131k. B\u00fct\u00fcn bu gayretlerimize ra\u011fmen, g\u00fcvenceden yoksun, insan haklar\u0131na ayk\u0131r\u0131 olan ve k\u00f6lelik d\u00fczenini yerle\u015ftirmeye \u00e7al\u0131\u015fan bu uygulaman\u0131n sona erdirilmesi i\u00e7in Milli E\u011fitim Bakanl\u0131\u011f\u0131&#8217;n\u0131 harekete ge\u00e7iremedik. \u015eayet s\u00f6zle\u015fmeli \u00f6\u011fretmenlik uygulamas\u0131 Avrupa \u0130nsan Haklar\u0131 Mahkemesi&#8217;ne ta\u015f\u0131nabilseydi, bu noktada da giri\u015fimde bulunacakt\u0131k.&#8221;<\/p>\n<p style=\"text-align: justify;\"><strong>&#8220;D\u0130YANET NET CEVAP VERMEL\u0130YD\u0130&#8221;<\/strong><\/p>\n<p style=\"text-align: justify;\">Diyanet \u0130\u015fleri Ba\u015fkanl\u0131\u011f\u0131&#8217;n\u0131n hassasiyetini anlad\u0131\u011f\u0131n\u0131 s\u00f6yleyen Koncuk, bu t\u00fcr bir konuda, \u0130slam a\u00e7\u0131s\u0131nda bak\u0131\u015f a\u00e7\u0131s\u0131n\u0131 \u00e7ok net ifade etmenin y\u00f6neticiler bak\u0131m\u0131ndan risk te\u015fkil edebilece\u011fini s\u00f6yleyerek, &#8220;Ancak, her hal\u00fckarda, daha net cevap verilmesinin, Diyanet \u0130\u015fleri Ba\u015fkanl\u0131\u011f\u0131&#8217;na daha yak\u0131\u015fan bir davran\u0131\u015f olaca\u011f\u0131na inan\u0131yoruz. \u00c7\u00fcnk\u00fc biliyoruz ki, \u0130slam dininin, sordu\u011fumuz bu sorulara bir cevab\u0131 bulunmaktad\u0131r. \u0130slam&#8217;\u0131n her konudaki g\u00f6r\u00fc\u015flerini seslendirmek de Diyanet \u0130\u015fleri Ba\u015fkanl\u0131\u011f\u0131n\u0131n var olu\u015f sebebidir&#8221; dedi.<\/p>\n<p style=\"text-align: justify;\"><span style=\"color: #888888;\">Kaynak : Takvim Gazetesi<\/span><\/p>\n","protected":false},"excerpt":{"rendered":"<\/p>\n<p style=\"text-align: justify;\">Diyanet \u0130\u015fleri Ba\u015fkanl\u0131\u011f\u0131, T\u00fcrk E\u011fitim-Sen taraf\u0131ndan s\u00f6zle\u015fmeli \u00f6\u011fretmenler konusunda gelen talebi yan\u0131tlayarak s\u00f6zle\u015fmeli \u00f6\u011fretmenli\u011fin &#8220;zul\u00fcm oldu\u011fu&#8221; a\u00e7\u0131klamas\u0131nda bulundu.<\/p>\n<p style=\"text-align: justify;\">Ba\u015fkanl\u0131k buna kar\u015f\u0131n, s\u00f6zle\u015fmeli \u00f6\u011fretmenli\u011fin &#8220;idari bir konu&#8221; oldu\u011funu belirterek, &#8220;Kurumlar\u0131n tesis ettikleri i\u015flemler hakk\u0131nda de\u011ferlendirmede bulunmak ve g\u00f6r\u00fc\u015f beyan etmek, Ba\u015fkanl\u0131\u011f\u0131m\u0131z\u0131n g\u00f6rev ve yetki alan\u0131 d\u0131\u015f\u0131ndad\u0131r&#8221; de\u011ferlendirmesini yapt\u0131.<\/p>\n<p style=\"text-align: justify;\">&#8220;Demokratik&#8221; <\/p>\n","protected":false},"author":1,"featured_media":0,"comment_status":"open","ping_status":"closed","sticky":false,"template":"","format":"standard","meta":{"footnotes":""},"categories":[105],"tags":[],"class_list":["post-3788","post","type-post","status-publish","format-standard","hentry","category-gundem","odd"],"_links":{"self":[{"href":"http:\/\/www.korhanyilmaz.com\/index.php?rest_route=\/wp\/v2\/posts\/3788","targetHints":{"allow":["GET"]}}],"collection":[{"href":"http:\/\/www.korhanyilmaz.com\/index.php?rest_route=\/wp\/v2\/posts"}],"about":[{"href":"http:\/\/www.korhanyilmaz.com\/index.php?rest_route=\/wp\/v2\/types\/post"}],"author":[{"embeddable":true,"href":"http:\/\/www.korhanyilmaz.com\/index.php?rest_route=\/wp\/v2\/users\/1"}],"replies":[{"embeddable":true,"href":"http:\/\/www.korhanyilmaz.com\/index.php?rest_route=%2Fwp%2Fv2%2Fcomments&post=3788"}],"version-history":[{"count":0,"href":"http:\/\/www.korhanyilmaz.com\/index.php?rest_route=\/wp\/v2\/posts\/3788\/revisions"}],"wp:attachment":[{"href":"http:\/\/www.korhanyilmaz.com\/index.php?rest_route=%2Fwp%2Fv2%2Fmedia&parent=3788"}],"wp:term":[{"taxonomy":"category","embeddable":true,"href":"http:\/\/www.korhanyilmaz.com\/index.php?rest_route=%2Fwp%2Fv2%2Fcategories&post=3788"},{"taxonomy":"post_tag","embeddable":true,"href":"http:\/\/www.korhanyilmaz.com\/index.php?rest_route=%2Fwp%2Fv2%2Ftags&post=3788"}],"curies":[{"name":"wp","href":"https:\/\/api.w.org\/{rel}","templated":true}]}}