{"id":37874,"date":"2011-08-06T18:15:31","date_gmt":"2011-08-06T15:15:31","guid":{"rendered":"http:\/\/www.korhanyilmaz.com\/?p=37874"},"modified":"2011-08-06T21:24:07","modified_gmt":"2011-08-06T18:24:07","slug":"kamuya-onemli-atamalar","status":"publish","type":"post","link":"http:\/\/www.korhanyilmaz.com\/?p=37874","title":{"rendered":"Kamuya \u00f6nemli atamalar"},"content":{"rendered":"<p style=\"text-align: justify;\"><a href=\"http:\/\/www.korhanyilmaz.com\/wp-content\/uploads\/2011\/08\/5002.jpg\"  class=\"lightview\"><img loading=\"lazy\" decoding=\"async\" class=\"aligncenter size-full wp-image-37875\" title=\"\" src=\"http:\/\/www.korhanyilmaz.com\/wp-content\/uploads\/2011\/08\/5002.jpg\" alt=\"\" width=\"230\" height=\"230\" \/><\/a><\/p>\n<p style=\"text-align: justify;\">ANKARA &#8211; Adalet, Aile ve Sosyal Politikalar, Bilim, Sanayi ve Teknoloji, \u00c7evre ve \u015eehircilik, Enerji ve Tabii Kaynaklar, Maliye, Milli E\u011fitim, Orman ve Su \u0130\u015fleri ile Sa\u011fl\u0131k bakanl\u0131klar\u0131na ait atama kararlar\u0131, Resmi Gazete&#8217;de yay\u0131mland\u0131.<\/p>\n<p style=\"text-align: justify;\">Buna g\u00f6re, Adalet Bakanl\u0131\u011f\u0131&#8217;nda Adli T\u0131p Kurumu 3. Adli T\u0131p \u0130htisas Kurulu Ba\u015fkanl\u0131\u011f\u0131na, Adli T\u0131p Kurumu 1. Adli T\u0131p \u0130htisas Kurulu Ba\u015fkan\u0131 Uzman Dr. Ahmet Sadi \u00c7a\u011fd\u0131r, adalet m\u00fcfetti\u015fliklerine de Gaziantep Cumhuriyet Savc\u0131s\u0131 Alparslan Tufan, \u00c7orum Hakimi Mehmet \u00c7a\u011flar, Gebze Hakimi \u0130brahim Bozyel, Safranbolu hakimleri Mehmet Tetik ile Mehmet Zeki Ayd\u0131n atand\u0131.<!--more--><\/p>\n<p style=\"text-align: justify;\">Milli E\u011fitim Bakanl\u0131\u011f\u0131 M\u00fcste\u015farl\u0131\u011f\u0131na Muhammet Emin Zarars\u0131z getirildi.<\/p>\n<p style=\"text-align: justify;\">Aile ve Sosyal Politikalar Bakanl\u0131\u011f\u0131 Bakanl\u0131k M\u00fc\u015favirli\u011fine Selami G\u00fcder&#8217;in, \u00c7evre ve \u015eehircilik Bakanl\u0131\u011f\u0131 M\u00fc\u015favirli\u011fine Sezgin Demircio\u011flu&#8217;nun, Orman ve Su \u0130\u015fleri Bakanl\u0131\u011f\u0131 M\u00fc\u015favirli\u011fine de Devlet Meteoroloji \u0130\u015fleri Genel M\u00fcd\u00fcr\u00fc Mehmet\u2008\u00c7a\u011flar&#8217;\u0131n atanmas\u0131 uygun g\u00f6r\u00fcld\u00fc.<\/p>\n<p style=\"text-align: justify;\">Orman ve Su \u0130\u015fleri Bakanl\u0131\u011f\u0131nda; Devlet Su \u0130\u015fleri Genel M\u00fcd\u00fcrl\u00fc\u011f\u00fcne Genel M\u00fcd\u00fcr Yard\u0131mc\u0131s\u0131 Akif \u00d6zkald\u0131,\u00a0Devlet Meteoroloji \u0130\u015fleri Genel\u2008M\u00fcd\u00fcrl\u00fc\u011f\u00fcne Devlet\u2008Su \u0130\u015fleri Genel M\u00fcd\u00fcr Yard\u0131mc\u0131s\u0131 \u0130smail\u2008G\u00fcne\u015f getirildi.<\/p>\n<p style=\"text-align: justify;\">Orman Genel M\u00fcd\u00fcrl\u00fc\u011f\u00fc Genel M\u00fcd\u00fcr yard\u0131mc\u0131l\u0131klar\u0131na \u0130stanbul\u2008Orman B\u00f6lge M\u00fcd\u00fcr\u00fc \u0130smail \u00dczmez, Orman ve Su \u0130\u015fleri Bakanl\u0131\u011f\u0131 M\u00fc\u015faviri Yunus \u015eeker, Trabzon Orman\u2008B\u00f6lge M\u00fcd\u00fcr\u00fc Recep Ka\u015fan ve Nurettin Do\u011fan atand\u0131. Orman Genel M\u00fcd\u00fcr yard\u0131mc\u0131lar\u0131 Ahmet Ulukanl\u0131gil,\u00a0\u0130smail Belen, Mehmet\u2008Ali Y\u0131lmaz ve Zeki Y\u00fcksel ba\u015fka bir g\u00f6reve atanmak \u00fczere bu g\u00f6revlerinden al\u0131nd\u0131.<\/p>\n<p style=\"text-align: justify;\">Adapazar\u0131 Orman\u2008B\u00f6lge M\u00fcd\u00fcrl\u00fc\u011f\u00fcne Hasan T\u00fcrky\u0131lmaz, K\u00fctahya Orman\u2008B\u00f6lge M\u00fcd\u00fcrl\u00fc\u011f\u00fcne Mustafa Kenan Eryi\u011fit, Trabzon Orman\u2008B\u00f6lge M\u00fcd\u00fcrl\u00fc\u011f\u00fcne Ali G\u00f6k\u00e7\u00f6l, Mersin Orman\u2008B\u00f6lge M\u00fcd\u00fcrl\u00fc\u011f\u00fcne Abdurrahman Acer ve Isparta Orman\u2008B\u00f6lge M\u00fcd\u00fcrl\u00fc\u011f\u00fcne Mehmet Sait Yorulmaz getirildi.<\/p>\n<p style=\"text-align: justify;\">\u0130stanbul Orman B\u00f6lge M\u00fcd\u00fcrl\u00fc\u011f\u00fcne \u0130zmir Orman B\u00f6lge M\u00fcd\u00fcr\u00fc \u0130brahim \u00c7ift\u00e7i&#8217;nin, \u0130zmir Orman B\u00f6lge M\u00fcd\u00fcrl\u00fc\u011f\u00fcne \u0130brahim Ayd\u0131n&#8217;\u0131n, Erzurum Orman\u2008B\u00f6lge M\u00fcd\u00fcrl\u00fc\u011f\u00fcne Elaz\u0131\u011f Orman\u2008B\u00f6lge M\u00fcd\u00fcr\u00fc Cafer Orhan&#8217;\u0131n, Elaz\u0131\u011f Orman B\u00f6lge M\u00fcd\u00fcrl\u00fc\u011f\u00fcne Mehmet Zeki Temur&#8217;un, Zonguldak Orman B\u00f6lge M\u00fcd\u00fcrl\u00fc\u011f\u00fcne Bursa Orman\u2008B\u00f6lge M\u00fcd\u00fcr\u00fc Ali Girgin&#8217;in, Bursa Orman\u2008B\u00f6lge M\u00fcd\u00fcrl\u00fc\u011f\u00fcne de Ahmet K\u00f6ksal Co\u015fkun&#8217;un atanmalar\u0131 uygun g\u00f6r\u00fcld\u00fc.<\/p>\n<p style=\"text-align: justify;\">Sa\u011fl\u0131k Bakanl\u0131\u011f\u0131 S\u0131tma Sava\u015f\u0131 Dairesi Ba\u015fkan\u0131 Saffet Es de ba\u015fka bir g\u00f6reve atanmak \u00fczere g\u00f6revinden al\u0131nd\u0131.<\/p>\n<p style=\"text-align: justify;\">Bilim, Sanayi ve Teknoloji Bakanl\u0131\u011f\u0131 Bakan Yard\u0131mc\u0131l\u0131\u011f\u0131na Prof.Dr. Davut Kavrano\u011flu&#8217;nun atanmas\u0131na ili\u015fkin karar da Resmi Gazete&#8217;de yay\u0131mland\u0131. Bilim, Sanayi ve Teknoloji Bakanl\u0131\u011f\u0131 M\u00fcste\u015farl\u0131\u011f\u0131 ise Prof. Dr. Ersan Aslan atand\u0131.<\/p>\n<p style=\"text-align: justify;\">\u00c7evre ve \u015eehircilik Bakanl\u0131\u011f\u0131 Bakanl\u0131k M\u00fc\u015favirli\u011fine, Sezgin Demircio\u011flu&#8217;nun atanmas\u0131 uygun g\u00f6r\u00fcld\u00fc.<\/p>\n<p style=\"text-align: justify;\">Enerji ve Tabii Kaynaklar Bakanl\u0131\u011f\u0131 Elektrik \u00dcretim A.\u015e. Genel M\u00fcd\u00fcrl\u00fc\u011f\u00fc Y\u00f6netim Kurulu \u00dcyeli\u011fine Genel M\u00fcd\u00fcr Yard\u0131mc\u0131s\u0131 Nurettin Kulal\u0131,\u00a0Maliye Bakanl\u0131\u011f\u0131 vergi ba\u015fm\u00fcfetti\u015fliklerine Dr. H\u00fcseyin I\u015f\u0131k ile Mahmut Say\u0131n getirildi.<\/p>\n<p style=\"text-align: justify;\"><a href=\"http:\/\/www.aa.com.tr\/tr\/kamuya-onemli-atamalar.html\" target=\"_blank\">Kaynak : Anadolu Ajans\u0131<\/a><\/p>\n","protected":false},"excerpt":{"rendered":"<p style=\"text-align: justify;\">\n<p style=\"text-align: justify;\">ANKARA &#8211; Adalet, Aile ve Sosyal Politikalar, Bilim, Sanayi ve Teknoloji, \u00c7evre ve \u015eehircilik, Enerji ve Tabii Kaynaklar, Maliye, Milli E\u011fitim, Orman ve Su \u0130\u015fleri ile Sa\u011fl\u0131k bakanl\u0131klar\u0131na ait atama kararlar\u0131, Resmi Gazete&#8217;de yay\u0131mland\u0131.<\/p>\n<p style=\"text-align: justify;\">Buna g\u00f6re, Adalet Bakanl\u0131\u011f\u0131&#8217;nda Adli T\u0131p Kurumu 3. Adli T\u0131p \u0130htisas Kurulu Ba\u015fkanl\u0131\u011f\u0131na, Adli <\/p>\n","protected":false},"author":1,"featured_media":0,"comment_status":"open","ping_status":"open","sticky":false,"template":"","format":"standard","meta":{"footnotes":""},"categories":[105],"tags":[],"class_list":["post-37874","post","type-post","status-publish","format-standard","hentry","category-gundem","odd"],"_links":{"self":[{"href":"http:\/\/www.korhanyilmaz.com\/index.php?rest_route=\/wp\/v2\/posts\/37874","targetHints":{"allow":["GET"]}}],"collection":[{"href":"http:\/\/www.korhanyilmaz.com\/index.php?rest_route=\/wp\/v2\/posts"}],"about":[{"href":"http:\/\/www.korhanyilmaz.com\/index.php?rest_route=\/wp\/v2\/types\/post"}],"author":[{"embeddable":true,"href":"http:\/\/www.korhanyilmaz.com\/index.php?rest_route=\/wp\/v2\/users\/1"}],"replies":[{"embeddable":true,"href":"http:\/\/www.korhanyilmaz.com\/index.php?rest_route=%2Fwp%2Fv2%2Fcomments&post=37874"}],"version-history":[{"count":0,"href":"http:\/\/www.korhanyilmaz.com\/index.php?rest_route=\/wp\/v2\/posts\/37874\/revisions"}],"wp:attachment":[{"href":"http:\/\/www.korhanyilmaz.com\/index.php?rest_route=%2Fwp%2Fv2%2Fmedia&parent=37874"}],"wp:term":[{"taxonomy":"category","embeddable":true,"href":"http:\/\/www.korhanyilmaz.com\/index.php?rest_route=%2Fwp%2Fv2%2Fcategories&post=37874"},{"taxonomy":"post_tag","embeddable":true,"href":"http:\/\/www.korhanyilmaz.com\/index.php?rest_route=%2Fwp%2Fv2%2Ftags&post=37874"}],"curies":[{"name":"wp","href":"https:\/\/api.w.org\/{rel}","templated":true}]}}