{"id":37870,"date":"2011-08-06T16:03:00","date_gmt":"2011-08-06T13:03:00","guid":{"rendered":"http:\/\/www.korhanyilmaz.com\/?p=37870"},"modified":"2011-08-06T16:45:23","modified_gmt":"2011-08-06T13:45:23","slug":"akp-bunun-hesabini-versin","status":"publish","type":"post","link":"http:\/\/www.korhanyilmaz.com\/?p=37870","title":{"rendered":"&#8220;AKP bunun hesab\u0131n\u0131 versin&#8221;"},"content":{"rendered":"<p style=\"text-align: center;\"><a href=\"http:\/\/www.korhanyilmaz.com\/wp-content\/uploads\/2011\/08\/5001.jpg\"  class=\"lightview\"><img loading=\"lazy\" decoding=\"async\" class=\"aligncenter size-full wp-image-37871\" src=\"http:\/\/www.korhanyilmaz.com\/wp-content\/uploads\/2011\/08\/5001.jpg\" alt=\"\" width=\"462\" height=\"210\" \/><\/a><\/p>\n<p style=\"text-align: justify;\">ANKARA- CHP Genel Ba\u015fkan\u0131 Kemal K\u0131l\u0131\u00e7daro\u011flu, AKP\u2019nin ter\u00f6rle m\u00fccadelede umudunu Abdullah \u00d6calan\u2019a ba\u011flam\u0131\u015f durumda oldu\u011funu dile getirerek \u201cSe\u00e7imlerden \u00f6nce, \u00fc\u00e7 kez neyin kar\u015f\u0131l\u0131\u011f\u0131nda ate\u015fkes uzat\u0131ld\u0131, ertelendi? Bir protokol imzaland\u0131\u011f\u0131 yaz\u0131l\u0131yor, \u00e7iziliyor. Nedir bu protokol, ne vaatler, ne tavizler verildi? Neyin kar\u015f\u0131l\u0131\u011f\u0131nda?\u201d diye sordu. <!--more--><\/p>\n<p style=\"text-align: justify;\">K\u0131l\u0131\u00e7daro\u011flu, korhaber.com\u2019dan Duransel Do\u011fan ve Z\u00fclfikar Do\u011fan\u2019\u0131n sorular\u0131n\u0131 yan\u0131tlad\u0131. 12 Haziran se\u00e7imlerinde elde edilen sonucu ve partinin muhalif kesiminden gelen kurultay taleplerini de\u011ferlendiren K\u0131l\u0131\u00e7daro\u011flu, \u201cSe\u00e7imlerde elde etti\u011fimiz sonu\u00e7 do\u011fald\u0131r ki beklentilerimizi kar\u015f\u0131lamad\u0131. O nedenle \u00f6rg\u00fctlere bak\u0131yoruz. \u00dcye yap\u0131s\u0131ndan ba\u015flayarak, sa\u011fl\u0131kl\u0131 bir yap\u0131lanma gerekiyor. Bu nedenle bir t\u00fcz\u00fck \u00e7al\u0131\u015fmas\u0131 y\u00fcr\u00fct\u00fcyoruz. \u0130kinci taslak \u00e7al\u0131\u015fma ortaya \u00e7\u0131kt\u0131. Y\u00f6netimdeki baz\u0131 arkada\u015flar\u0131m\u0131z ve baz\u0131 il ba\u015fkanlar\u0131m\u0131zla de\u011ferlendiriyoruz. \u0130l ba\u015fkanlar\u0131m\u0131za sorduk. G\u00f6r\u00fc\u015f ve \u00f6nerileri al\u0131yoruz. Sa\u011fl\u0131kl\u0131 bir \u00e7al\u0131\u015fma y\u00fcr\u00fcyor\u201d diye konu\u015ftu.<\/p>\n<p style=\"text-align: justify;\"><strong>\u201cASLINDA YA\u015e KARARLARI \u00d6ZEL G\u00d6R\u00dc\u015eMELERDE ALINDI\u201d<\/strong><\/p>\n<p style=\"text-align: justify;\">K\u0131l\u0131\u00e7daro\u011flu, YA\u015e \u00f6ncesi ikili-\u00fc\u00e7l\u00fc \u00f6zel g\u00f6r\u00fc\u015fmeler yap\u0131ld\u0131\u011f\u0131na dikkat \u00e7ekerek \u201cYA\u015e topland\u0131, ikili toplant\u0131, \u00fc\u00e7l\u00fc toplant\u0131 ne i\u00e7in? O zaman YA\u015e\u2019a ihtiya\u00e7 var m\u0131? Asl\u0131nda YA\u015e dedi\u011fimiz, YA\u015e de\u011fil. Perde arkas\u0131nda neler konu\u015fuldu? Kararlar\u0131 bu ikili-\u00fc\u00e7l\u00fc \u00f6zel g\u00f6r\u00fc\u015fmelerde, 2-3 ki\u015fi al\u0131yor\u201d dedi. K\u0131l\u0131\u00e7daro\u011flu, YA\u015e \u00f6ncesi \u201c\u015fu kadar general emekli edilecek\u201d \u015feklinde medyaya servis yap\u0131ld\u0131\u011f\u0131n\u0131 da kaydederek \u201cNe oldu, hepsi asparagas \u00e7\u0131kt\u0131. O zaman \u2018bu medya toplumdan \u00f6z\u00fcr dileme erdemini g\u00f6sterecek mi?\u2019 diye sormak gerekmez mi?\u201d diye sordu.<\/p>\n<p style=\"text-align: justify;\"><strong>\u201cT\u00dcRK\u0130YE EGEMEN G\u00dc\u00c7LER\u0130N DI\u015e POL\u0130T\u0130KASININ TA\u015eERONU DURUMUNDA\u201d<\/strong><\/p>\n<p style=\"text-align: justify;\">K\u0131l\u0131\u00e7daro\u011flu, f\u00fcze kalkan\u0131 savunma sistemlerinin T\u00fcrkiye\u2019de konu\u015fland\u0131r\u0131lmas\u0131 konusunda sa\u011flanan mutabakata ili\u015fkin de\u011ferlendirmelerde de bulunurken f\u00fcze kalkan\u0131 projesinin T\u00fcrkiye\u2019nin d\u0131\u015f politikas\u0131nda b\u00fcy\u00fck gedikler a\u00e7aca\u011f\u0131n\u0131 s\u00f6yledi. H\u00fck\u00fcmet\u2019in d\u0131\u015f politikadaki \u201ckom\u015fularla s\u0131f\u0131r sorun\u201d slogan\u0131n\u0131 da ele\u015ftiren K\u0131l\u0131\u00e7daro\u011flu, \u201cBunu diye, diye sorunumuz olmayan kom\u015fular\u0131m\u0131zla bile sorunlar ya\u015famaya ba\u015flad\u0131k. Ba\u015fbakan ile Esad can ci\u011fer kuzu sarmas\u0131yd\u0131. El ele sokaklarda y\u00fcr\u00fcd\u00fcler. Kar\u015f\u0131l\u0131kl\u0131 s\u0131n\u0131r kap\u0131s\u0131 a\u00e7t\u0131lar, vizeleri kald\u0131rd\u0131lar. S\u0131n\u0131r\u0131 birlikte ge\u00e7tiler. Sonra ne oldu?\u201d diye konu\u015ftu.<\/p>\n<p style=\"text-align: justify;\">Bat\u0131l\u0131 egemen g\u00fc\u00e7lerin T\u00fcrkiye\u2019nin d\u0131\u015f politikas\u0131n\u0131 y\u00f6nlendirdi\u011fini dile getiren K\u0131l\u0131\u00e7daro\u011flu, \u201cT\u00fcrkiye egemen g\u00fc\u00e7lerin d\u0131\u015f politikas\u0131n\u0131n b\u00f6lgedeki ta\u015feronu konumunda.<\/p>\n<p style=\"text-align: justify;\">Ayn\u0131 \u015fey F\u00fcze Kalkan\u0131\u2019nda da oldu. Hani Ba\u015fbakan \u2018Kontrol bizde olacak, d\u00fc\u011fme bizde olacak\u2019 diyordu. Oysa f\u00fcze kalkan\u0131 NATO\u2019nun, ABD\u2019nin projesi, kontrol\u00fc, kumanday\u0131, d\u00fc\u011fmeyi sana verirler mi? Pek \u015fimdi ne oldu? \u0130ran\u2019la sorun, Rusya ile sorun&#8230; Oysa Rusya ile sorun yoktu. Azerbaycan ile sorun yoktu. Ermenistan a\u00e7\u0131l\u0131m\u0131 diye gittiler, \u0130svi\u00e7re\u2019de anla\u015fma imzalad\u0131lar. Azerbaycan\u2019la da sorun\u201d diye konu\u015ftu.<\/p>\n<p style=\"text-align: justify;\"><strong>\u201cBATILI B\u0130R POL\u0130T\u0130KACI PKK M\u0130T\u0130NG\u0130NDE KONU\u015eSA DAVUTO\u011eLU NE D\u0130YECEK?\u201d<\/strong><\/p>\n<p style=\"text-align: justify;\">K\u0131l\u0131\u00e7daro\u011flu, D\u0131\u015fi\u015fleri Bakan\u0131 Ahmet Davuto\u011flu\u2019nun Libyal\u0131 muhaliflerle miting d\u00fczenlemesini de ele\u015ftirerek \u201cAyn\u0131 \u015feyi PKK\u2019n\u0131n mitinginde Bat\u0131l\u0131 bir politikac\u0131, bakan gelip yapsa, miting meydan\u0131nda k\u00fcrs\u00fcye \u00e7\u0131k\u0131p konu\u015fsa ne olacak? Ba\u015fbakan, D\u0131\u015fi\u015fleri Bakan\u0131, T\u00fcrkiye ne diyecek? D\u0131\u015f Politika t\u00fcm\u00fcyle bat\u0131l\u0131 egemen g\u00fc\u00e7lere teslim edilmi\u015f durumda. Bat\u0131 tak diye s\u00f6yl\u00fcyor, Recep Bey \u015fak diye yap\u0131yor\u201d dedi.<\/p>\n<p style=\"text-align: justify;\"><strong>\u201cAKP TER\u00d6RLE M\u00dcCADELEDE UMUDUNU \u00d6CALAN\u2019A BA\u011eLAMI\u015e DURUMDA\u201d<\/strong><\/p>\n<p style=\"text-align: justify;\">Ter\u00f6rle m\u00fccadelede g\u00fcndemde olan polisin tekrar devreye sokulmas\u0131 konusuna da de\u011finen K\u0131l\u0131\u00e7daro\u011flu, \u015f\u00f6yle konu\u015ftu:<\/p>\n<p style=\"text-align: justify;\">\u201cTer\u00f6rle m\u00fccadelede maalesef siyaset bug\u00fcne kadar g\u00f6revini yapmad\u0131. Y\u0131llarca \u2018ter\u00f6rle m\u00fccadelede silah\u0131 kimin eline verelim\u2019 diye tart\u0131\u015ft\u0131k durduk. \u00d6nce asker, sonra polis, sonra yine asker, \u015fimdi yine polis. Ter\u00f6rle m\u00fccadelede bilgi birikimi, kararl\u0131l\u0131k, so\u011fukkanl\u0131l\u0131k, g\u00fcvenlik g\u00fc\u00e7lerinin morali bunlar \u00e7ok \u00f6nemli. AKP ter\u00f6rle m\u00fccadelede umudunu Abdullah \u00d6calan\u2019a ba\u011flam\u0131\u015f durumda. Daha \u00f6nce \u00d6calan\u2019la, PKK ile h\u00fck\u00fcmetin g\u00f6r\u00fc\u015ft\u00fc\u011f\u00fc s\u00f6ylenince Ba\u015fbakan \u2018Bunu s\u00f6yleyenler \u015ferefsizdir\u2019 demi\u015fti. \u015eimdi \u2018g\u00f6r\u00fc\u015f\u00fcl\u00fcr, g\u00f6r\u00fc\u015f\u00fcl\u00fcyor\u2019 diyor.<\/p>\n<p style=\"text-align: justify;\">Se\u00e7imlerden \u00f6nce, \u00fc\u00e7 kez neyin kar\u015f\u0131l\u0131\u011f\u0131nda ate\u015fkes uzat\u0131ld\u0131, ertelendi? Bir protokol imzaland\u0131\u011f\u0131 yaz\u0131l\u0131yor, \u00e7iziliyor. Nedir bu protokol, ne vaatler, ne tavizler verildi? Neyin kar\u015f\u0131l\u0131\u011f\u0131nda? Ter\u00f6rle m\u00fccadele tek ba\u015f\u0131na bir siyasi partinin \u00e7\u00f6zece\u011fi bir \u015fey de\u011fil. Toplumsal mutabakat, uzla\u015fma, g\u00f6r\u00fc\u015fme gerekli.\u201d<\/p>\n<p style=\"text-align: justify;\"><strong>\u201c\u00d6ZEL YETK\u0130L\u0130 MAHKEMELER\u0130N SADECE APOLETLER\u0130 YOK\u201d<\/strong><\/p>\n<p style=\"text-align: justify;\">Y\u00fcksek Askeri \u015eura \u00f6ncesi Genelkurmay Ba\u015fkan\u0131 ile \u00fc\u00e7 kuvvet komutan\u0131n\u0131n istifalar\u0131 ve ard\u0131ndan ya\u015fanan geli\u015fmeleri de de\u011ferlendiren K\u0131l\u0131\u00e7daro\u011flu, bug\u00fcne kadar YA\u015e\u2019ta, TSK\u2019daki terfilerin hep siyasetin d\u0131\u015f\u0131nda oldu\u011funa dikkat \u00e7ekti. Ordunun siyasetin d\u0131\u015f\u0131nda ve sivil siyasi otoritenin denetiminde olmas\u0131 gerekti\u011fini vurgulayan K\u0131l\u0131\u00e7daro\u011flu, \u201cGeli\u015fmeler ya\u015fananlar, bu seneki YA\u015e \u00f6ncesine dayan\u0131yor. Hat\u0131rlay\u0131n ge\u00e7en sene de benzer \u015fekilde her YA\u015e \u00f6ncesi, askere y\u00f6nelik operasyonlar, ciddi tutuklama, g\u00f6zalt\u0131 operasyonlar\u0131 ya\u015fand\u0131. Bu sene de. Biz ba\u011f\u0131ms\u0131z ve tarafs\u0131z yarg\u0131ya dikkat \u00e7ektik. Onun i\u00e7inde \u00d6zel Yetkili Mahkeme olmaz diyoruz. Hem 12 Eyl\u00fcl\u2019e kar\u015f\u0131 olacaks\u0131n, hem de 12 Eyl\u00fcl\u2019\u00fcn getirdi\u011fi \u00d6zel Yetkili Mahkemeleri silah gibi kullanacaks\u0131n. Bu mahkemelerin eskiden apoletleri vard\u0131, \u015fimdi sadece apoletleri yok\u201d dedi.<\/p>\n<p style=\"text-align: justify;\"><strong>\u201cKR\u0130Z TE\u011eET B\u0130LE GE\u00c7MEYECEKSE BU ALINAN KARARLAR NED\u0130R?\u201d<\/strong><\/p>\n<p style=\"text-align: justify;\">K\u0131l\u0131\u00e7daro\u011flu, ekonomide ya\u015fanan geli\u015fmeler ve kriz tehlikesini de de\u011ferlendirirken H\u00fck\u00fcmet\u2019in d\u0131\u015f politika gibi ekonomiyi de y\u00f6netemedi\u011fini s\u00f6yledi. Ekonominin d\u0131\u015far\u0131dan ekonomik egemenlerce y\u00f6netildi\u011fini dile getiren K\u0131l\u0131\u00e7daro\u011flu, \u015funlar\u0131 kaydetti:<\/p>\n<p style=\"text-align: justify;\">\u201cBir bakan \u00e7\u0131k\u0131yor, krize haz\u0131r olun diyor. \u00d6b\u00fcr bakan \u00e7\u0131k\u0131yor harcama yapmay\u0131n diyor. Merkez Bankas\u0131 Ba\u015fkan\u0131 \u00f6nce d\u00f6vizle bor\u00e7lanmay\u0131n, kriz yay\u0131labilir diyor, sonra Ba\u015fbakan \u2018Te\u011fet bile ge\u00e7meyecek\u2019 deyince, ertesi g\u00fcn Merkez Bankas\u0131 Ba\u015fkan\u0131 \u2018Ba\u015fbakan\u0131 k\u0131zd\u0131rd\u0131k m\u0131 acaba?\u2019 diye tam tersi a\u00e7\u0131klamalar yap\u0131yor. Bu a\u00e7\u0131klamalar\u0131n iki g\u00fcn sonras\u0131nda bu kez Merkez Bankas\u0131 \u2018U d\u00f6n\u00fc\u015f\u00fc\u2019 yap\u0131yor, pe\u015f pe\u015fe kararlar al\u0131yor. Merkez Bankalar\u0131 \u00fclkelerin sayg\u0131n kurumlar\u0131d\u0131r. Bu son ya\u015fananlarla Merkez Bankas\u0131\u2019n\u0131n i\u00e7eride ve d\u0131\u015far\u0131da sayg\u0131nl\u0131\u011f\u0131 ciddi yara ald\u0131. Peki kriz yoksa, te\u011fet bile ge\u00e7meyecekse nedir bu al\u0131nan kararlar? A\u00e7\u0131klamalar? Bir kez daha yineliyorum. T\u00fcrkiye Ekonomisi T\u00fcrkiye\u2019den de\u011fil, d\u0131\u015far\u0131dan y\u00f6netiliyor. Ekonominin y\u00f6netimini elinde tutanlar, s\u0131cak paraya sahip olanlar. Bunu da herkes biliyor.\u201d<\/p>\n<p style=\"text-align: justify;\"><strong>\u201cKURULTAYDA \u00c7AR\u015eAF L\u0130STE ESAS OLACAK\u201d<\/strong><\/p>\n<p style=\"text-align: justify;\">Partiyi daha demokratik, kat\u0131l\u0131mc\u0131, dinamik, etkin hale getirecek bir t\u00fcz\u00fck yapmay\u0131 hedeflediklerini bildiren K\u0131l\u0131\u00e7daro\u011flu, \u201c\u00d6rne\u011fin art\u0131k kurultaylarda \u00e7ar\u015faf liste \u2018esas\u2019, blok liste \u2018istisna\u2019 olacak. Genel Ba\u015fkan se\u00e7iminde Divan \u00f6n\u00fcne gidip imza vermek gerekiyordu, bunu kald\u0131r\u0131yoruz\u201d dedi.<\/p>\n<p style=\"text-align: justify;\">K\u0131l\u0131\u00e7daro\u011flu, 9 Eyl\u00fcl\u2019de Parti Okulu\u2019nu a\u00e7acaklar\u0131n\u0131, belirli bir s\u00fcre sonra bu okulu bitirmeyenlerin partide y\u00f6netim kademelerine gelemeyece\u011fini kaydederken gen\u00e7lere ve kad\u0131nlara y\u00f6netimde daha fazla g\u00f6rev ve etkinlik olana\u011f\u0131 getireceklerini anlatt\u0131.<\/p>\n<p style=\"text-align: justify;\">K\u0131l\u0131\u00e7daro\u011flu, t\u00fcm parti \u00fcyelerinin aidat\u0131n\u0131 \u00f6demeleri i\u00e7in yeni bir y\u00f6ntem geli\u015ftireceklerini belirterek \u201c\u00d6ncelikle \u2018CHP\u2019liyim\u2019 diyen aidat\u0131n\u0131 \u00f6deyecek. \u00d6demeyenin kayd\u0131n\u0131 tabii ki silmeyece\u011fiz ama o sempatizan olacak. Bunun i\u00e7in mobil bir sistem d\u00fc\u015f\u00fcn\u00fcyoruz. Ayl\u0131k 1 TL gibi bir sembolik \u00fcyelik aidat\u0131 cep telefonu faturas\u0131 \u00fczerinden \u00f6denecek. Ayda 1 TL aidat \u00f6demenin sorumlulu\u011fu, parti \u00fcyeli\u011fi sorumlulu\u011fu\u201d diye konu\u015ftu.<\/p>\n<p style=\"text-align: justify;\"><strong>\u201cPM \u00dcYE SAYISI 80\u2019DEN 43\u2019E D\u00dc\u015eECEK\u201d<\/strong><\/p>\n<p style=\"text-align: justify;\">K\u0131l\u0131\u00e7daro\u011flu, milletvekili ve delege \u00f6nse\u00e7iminde oy kullanmak i\u00e7in aidat \u00f6demeyi esas alacaklar\u0131n\u0131 bildirdi.<\/p>\n<p style=\"text-align: justify;\">K\u0131l\u0131\u00e7daro\u011flu, Gen\u00e7lik ve Kad\u0131n Kollar\u0131 Ba\u015fkanlar\u0131\u2019n\u0131n do\u011fal delege olacaklar\u0131n\u0131 ifade ederken Parti Meclisi\u2019nin (PM) \u00fcye say\u0131s\u0131n\u0131 80\u2019den 43\u2019e d\u00fc\u015f\u00fcreceklerini kaydetti. \u00d6rg\u00fct yap\u0131s\u0131n\u0131 etkin ve dinamik k\u0131lacak bir t\u00fcz\u00fck \u00e7al\u0131\u015fmas\u0131 yapt\u0131klar\u0131n\u0131 vurgulayan K\u0131l\u0131\u00e7daro\u011flu, \u201cBu tasla\u011f\u0131 daha sonra t\u00fcm il ba\u015fkanlar\u0131m\u0131zla tart\u0131\u015faca\u011f\u0131z, y\u00f6netimde tart\u0131\u015faca\u011f\u0131z ve ortaya yeni bir yap\u0131lanma \u00e7\u0131kacak. \u015eu anda buna yo\u011funla\u015fm\u0131\u015f durumday\u0131m\u201d dedi.<\/p>\n<p style=\"text-align: justify;\"><strong>\u201c\u0130KT\u0130DAR KONTROL\u00dcNDE B\u0130R MEDYA S\u00d6Z KONUSU\u201d<\/strong><\/p>\n<p style=\"text-align: justify;\">K\u0131l\u0131\u00e7daro\u011flu, se\u00e7im sonras\u0131 medyada ortaya \u00e7\u0131kan i\u015ften atmalar\u0131 da de\u011ferlendirirken d\u00f6rd\u00fcnc\u00fc g\u00fc\u00e7 olmas\u0131 gereken medyan\u0131n b\u00fcy\u00fck \u00f6l\u00e7\u00fcde iktidar\u0131n kontrol\u00fcne girdi\u011fini dile getirerek \u201c\u0130ktidar\u0131 k\u0131zd\u0131ranlar\u0131n ba\u015f\u0131na neler geldi, neler geliyor g\u00f6rd\u00fcler. Dolay\u0131s\u0131yla patronuyla, \u00e7al\u0131\u015fan\u0131yla, art\u0131k g\u00fc\u00e7 olmaktan \u00e7\u0131km\u0131\u015f, iktidar kontrol\u00fcnde, ya da g\u00f6lgesinden \u00e7ekinen bir medya yap\u0131lanmas\u0131 s\u00f6z konusu yeni d\u00f6nemde\u201d diye konu\u015ftu.<\/p>\n<p style=\"text-align: justify;\"><a href=\"http:\/\/www.gazeteport.com.tr\/haber\/45997\/quotakp_umudunu_ocalana_baslamis_durumdaquot\" target=\"_blank\">Kaynak : GAZETEPORT<\/a><\/p>\n","protected":false},"excerpt":{"rendered":"<p style=\"text-align: center;\">\n<p style=\"text-align: justify;\">ANKARA- CHP Genel Ba\u015fkan\u0131 Kemal K\u0131l\u0131\u00e7daro\u011flu, AKP\u2019nin ter\u00f6rle m\u00fccadelede umudunu Abdullah \u00d6calan\u2019a ba\u011flam\u0131\u015f durumda oldu\u011funu dile getirerek \u201cSe\u00e7imlerden \u00f6nce, \u00fc\u00e7 kez neyin kar\u015f\u0131l\u0131\u011f\u0131nda ate\u015fkes uzat\u0131ld\u0131, ertelendi? Bir protokol imzaland\u0131\u011f\u0131 yaz\u0131l\u0131yor, \u00e7iziliyor. Nedir bu protokol, ne vaatler, ne tavizler verildi? Neyin kar\u015f\u0131l\u0131\u011f\u0131nda?\u201d diye sordu. <\/p>\n","protected":false},"author":1,"featured_media":0,"comment_status":"open","ping_status":"open","sticky":false,"template":"","format":"standard","meta":{"footnotes":""},"categories":[105],"tags":[],"class_list":["post-37870","post","type-post","status-publish","format-standard","hentry","category-gundem","odd"],"_links":{"self":[{"href":"http:\/\/www.korhanyilmaz.com\/index.php?rest_route=\/wp\/v2\/posts\/37870","targetHints":{"allow":["GET"]}}],"collection":[{"href":"http:\/\/www.korhanyilmaz.com\/index.php?rest_route=\/wp\/v2\/posts"}],"about":[{"href":"http:\/\/www.korhanyilmaz.com\/index.php?rest_route=\/wp\/v2\/types\/post"}],"author":[{"embeddable":true,"href":"http:\/\/www.korhanyilmaz.com\/index.php?rest_route=\/wp\/v2\/users\/1"}],"replies":[{"embeddable":true,"href":"http:\/\/www.korhanyilmaz.com\/index.php?rest_route=%2Fwp%2Fv2%2Fcomments&post=37870"}],"version-history":[{"count":0,"href":"http:\/\/www.korhanyilmaz.com\/index.php?rest_route=\/wp\/v2\/posts\/37870\/revisions"}],"wp:attachment":[{"href":"http:\/\/www.korhanyilmaz.com\/index.php?rest_route=%2Fwp%2Fv2%2Fmedia&parent=37870"}],"wp:term":[{"taxonomy":"category","embeddable":true,"href":"http:\/\/www.korhanyilmaz.com\/index.php?rest_route=%2Fwp%2Fv2%2Fcategories&post=37870"},{"taxonomy":"post_tag","embeddable":true,"href":"http:\/\/www.korhanyilmaz.com\/index.php?rest_route=%2Fwp%2Fv2%2Ftags&post=37870"}],"curies":[{"name":"wp","href":"https:\/\/api.w.org\/{rel}","templated":true}]}}