{"id":37867,"date":"2011-08-06T10:33:06","date_gmt":"2011-08-06T07:33:06","guid":{"rendered":"http:\/\/www.korhanyilmaz.com\/?p=37867"},"modified":"2011-08-06T16:23:29","modified_gmt":"2011-08-06T13:23:29","slug":"tokatta-pkk-ile-sicak-temas","status":"publish","type":"post","link":"http:\/\/www.korhanyilmaz.com\/?p=37867","title":{"rendered":"Tokat&#8217;ta PKK ile s\u0131cak temas"},"content":{"rendered":"<p style=\"text-align: center;\"><a href=\"http:\/\/www.korhanyilmaz.com\/wp-content\/uploads\/2011\/08\/5000.jpg\"  class=\"lightview\"><img loading=\"lazy\" decoding=\"async\" class=\"aligncenter size-full wp-image-37868\" src=\"http:\/\/www.korhanyilmaz.com\/wp-content\/uploads\/2011\/08\/5000.jpg\" alt=\"\" width=\"346\" height=\"266\" \/><\/a><\/p>\n<p style=\"text-align: justify;\">Tokat&#8217;\u0131n Re\u015fadiye il\u00e7esinde g\u00fcvenlik g\u00fc\u00e7leriyle PKK&#8217;l\u0131 ter\u00f6ristler aras\u0131nda \u00e7at\u0131\u015fma \u00e7\u0131kt\u0131. \u00c7at\u0131\u015fmada yaral\u0131 ele ge\u00e7irilen ter\u00f6ristin, Kastamonu&#8217;da Ba\u015fbakan Erdo\u011fan&#8217;\u0131n konvoyuna sald\u0131r\u0131 yapan grubun eleba\u015f\u0131 oldu\u011fu iddia edildi.<\/p>\n<p style=\"text-align: justify;\">Ba\u015f\u00e7iftlik il\u00e7esine ba\u011fl\u0131 Hatipli Beldesi ile Re\u015fadiye il\u00e7esine ba\u011fl\u0131 Elmac\u0131k k\u00f6y\u00fc aras\u0131ndaki arazide g\u00fcvenlik g\u00fc\u00e7lerinin &#8220;teslim ol&#8221; \u00e7a\u011fr\u0131s\u0131na ate\u015fle kar\u015f\u0131l\u0131k verilmesi \u00fczerine \u00e7\u0131kan \u00e7at\u0131\u015fmada yaral\u0131 ele ge\u00e7irilen ter\u00f6rist, Tokat Devlet Hastanesine kald\u0131r\u0131ld\u0131. <!--more--><\/p>\n<p style=\"text-align: justify;\">Ambulansla getirilen ter\u00f6ristin g\u00f6r\u00fcnt\u00fclenmemesi i\u00e7in yo\u011fun g\u00fcvenlik \u00f6nlemleri al\u0131nd\u0131.<\/p>\n<p style=\"text-align: justify;\">Tedavi alt\u0131na al\u0131nan ter\u00f6ristin, &#8220;Salih Re\u015f&#8221; kod adl\u0131 M.K. oldu\u011fu belirtildi.<\/p>\n<p style=\"text-align: justify;\">Ter\u00f6ristin 4 May\u0131s&#8217;ta, Ilgaz Da\u011f\u0131&#8217;n\u0131n So\u011fuksu mevkisinde Ba\u015fbakanl\u0131k konvoyuna eskortluk yapan polis otosuna y\u00f6nelik d\u00fczenlenen silahl\u0131 sald\u0131r\u0131y\u0131 sald\u0131r\u0131y\u0131 ger\u00e7ekle\u015ftiren grubun sorumlusu oldu\u011fu iddia edildi.<\/p>\n<p style=\"text-align: justify;\">PKK&#8217;l\u0131 ter\u00f6ristin ayr\u0131ca Koyulhisar&#8217;da bir uzman \u00e7avu\u015fun \u015fehit edildi\u011fi, 3 askerin yaraland\u0131\u011f\u0131 sald\u0131r\u0131y\u0131 da ger\u00e7ekle\u015ftiren Karadeniz b\u00f6lgesindeki 6 ki\u015filik grupta oldu\u011fu \u00f6ne s\u00fcr\u00fcld\u00fc.<\/p>\n<p style=\"text-align: justify;\">G\u00fcvenlik g\u00fc\u00e7lerinin b\u00f6lgedeki operasyonlar\u0131n\u0131n yo\u011funla\u015ft\u0131r\u0131ld\u0131\u011f\u0131 belirtildi.<\/p>\n<p style=\"text-align: justify;\">Ilgaz Da\u011f\u0131&#8217;n\u0131n So\u011fuksu mevkisinde 4 May\u0131s&#8217;ta,Ba\u015fbakanl\u0131k konvoyuna eskortluk yapan polis otosuna y\u00f6nelik silahl\u0131 sald\u0131r\u0131da, evli ve 1 \u00e7ocuk babas\u0131 Recep \u015eahin (34) \u015fehit olmu\u015f, meslekta\u015f\u0131 Metin Ku\u015f yaralanm\u0131\u015ft\u0131.<\/p>\n<p style=\"text-align: justify;\"><a href=\"http:\/\/www.cnnturk.com\/2011\/turkiye\/08\/06\/tokatta.pkk.ile.sicak.temas\/625263.0\/index.html\" target=\"_blank\">Kaynak : CNN T\u00dcRK<\/a><\/p>\n","protected":false},"excerpt":{"rendered":"<p style=\"text-align: center;\">\n<p style=\"text-align: justify;\">Tokat&#8217;\u0131n Re\u015fadiye il\u00e7esinde g\u00fcvenlik g\u00fc\u00e7leriyle PKK&#8217;l\u0131 ter\u00f6ristler aras\u0131nda \u00e7at\u0131\u015fma \u00e7\u0131kt\u0131. \u00c7at\u0131\u015fmada yaral\u0131 ele ge\u00e7irilen ter\u00f6ristin, Kastamonu&#8217;da Ba\u015fbakan Erdo\u011fan&#8217;\u0131n konvoyuna sald\u0131r\u0131 yapan grubun eleba\u015f\u0131 oldu\u011fu iddia edildi.<\/p>\n<p style=\"text-align: justify;\">Ba\u015f\u00e7iftlik il\u00e7esine ba\u011fl\u0131 Hatipli Beldesi ile Re\u015fadiye il\u00e7esine ba\u011fl\u0131 Elmac\u0131k k\u00f6y\u00fc aras\u0131ndaki arazide g\u00fcvenlik g\u00fc\u00e7lerinin &#8220;teslim ol&#8221; \u00e7a\u011fr\u0131s\u0131na ate\u015fle kar\u015f\u0131l\u0131k verilmesi \u00fczerine <\/p>\n","protected":false},"author":1,"featured_media":0,"comment_status":"open","ping_status":"open","sticky":false,"template":"","format":"standard","meta":{"footnotes":""},"categories":[105],"tags":[],"class_list":["post-37867","post","type-post","status-publish","format-standard","hentry","category-gundem","odd"],"_links":{"self":[{"href":"http:\/\/www.korhanyilmaz.com\/index.php?rest_route=\/wp\/v2\/posts\/37867","targetHints":{"allow":["GET"]}}],"collection":[{"href":"http:\/\/www.korhanyilmaz.com\/index.php?rest_route=\/wp\/v2\/posts"}],"about":[{"href":"http:\/\/www.korhanyilmaz.com\/index.php?rest_route=\/wp\/v2\/types\/post"}],"author":[{"embeddable":true,"href":"http:\/\/www.korhanyilmaz.com\/index.php?rest_route=\/wp\/v2\/users\/1"}],"replies":[{"embeddable":true,"href":"http:\/\/www.korhanyilmaz.com\/index.php?rest_route=%2Fwp%2Fv2%2Fcomments&post=37867"}],"version-history":[{"count":0,"href":"http:\/\/www.korhanyilmaz.com\/index.php?rest_route=\/wp\/v2\/posts\/37867\/revisions"}],"wp:attachment":[{"href":"http:\/\/www.korhanyilmaz.com\/index.php?rest_route=%2Fwp%2Fv2%2Fmedia&parent=37867"}],"wp:term":[{"taxonomy":"category","embeddable":true,"href":"http:\/\/www.korhanyilmaz.com\/index.php?rest_route=%2Fwp%2Fv2%2Fcategories&post=37867"},{"taxonomy":"post_tag","embeddable":true,"href":"http:\/\/www.korhanyilmaz.com\/index.php?rest_route=%2Fwp%2Fv2%2Ftags&post=37867"}],"curies":[{"name":"wp","href":"https:\/\/api.w.org\/{rel}","templated":true}]}}