{"id":37863,"date":"2011-08-06T09:58:38","date_gmt":"2011-08-06T06:58:38","guid":{"rendered":"http:\/\/www.korhanyilmaz.com\/?p=37863"},"modified":"2011-08-06T16:19:15","modified_gmt":"2011-08-06T13:19:15","slug":"bbp-o-goruntuler-elimizde","status":"publish","type":"post","link":"http:\/\/www.korhanyilmaz.com\/?p=37863","title":{"rendered":"BBP: O g\u00f6r\u00fcnt\u00fcler elimizde"},"content":{"rendered":"<p style=\"text-align: center;\"><a href=\"http:\/\/www.korhanyilmaz.com\/wp-content\/uploads\/2011\/08\/2011-08-06_161611.jpg\"  class=\"lightview\"><img loading=\"lazy\" decoding=\"async\" class=\"aligncenter size-full wp-image-37864\" src=\"http:\/\/www.korhanyilmaz.com\/wp-content\/uploads\/2011\/08\/2011-08-06_161611.jpg\" alt=\"\" width=\"352\" height=\"208\" \/><\/a><\/p>\n<p style=\"text-align: justify;\">BBP Genel Ba\u015fkan\u0131 Destici, eski Genel Ba\u015fkan\u0131 Muhsin Yaz\u0131c\u0131o\u011flu&#8217;nun hayat\u0131n\u0131 kaybetti\u011fi helikopter kazas\u0131yla ilgili, kay\u0131p olan cihazlar\u0131 kimlerin ald\u0131\u011f\u0131yla ilgili g\u00f6r\u00fcnt\u00fclerin art\u0131k ellerinde oldu\u011funu ve konuyu \u00f6zel yetkili mahkemeye ta\u015f\u0131yacaklar\u0131n\u0131 s\u00f6yledi.<\/p>\n<p style=\"text-align: justify;\">S\u0130VAS- BBP Genel Ba\u015fkan\u0131 Mustafa Destici, eski BBP Genel Ba\u015fkan\u0131 Muhsin Yaz\u0131c\u0131o\u011flu&#8217;nun hayat\u0131n\u0131 kaybetti\u011fi helikopter kazas\u0131yla ilgili, &#8221;Devlet Denetleme Kurulunun b\u00f6yle bir raporu olmasayd\u0131, bizim hadiseyi Kahramanmara\u015f Cumhuriyet Ba\u015fsavc\u0131l\u0131\u011f\u0131ndan al\u0131p, \u00f6zel yetkili mahkemeye ta\u015f\u0131mam\u0131z kolay olmazd\u0131&#8221; dedi. <!--more--><\/p>\n<p style=\"text-align: justify;\">Destici, partisinin Sivas Merkez \u0130l\u00e7e Te\u015fkilat\u0131nca \u015eelale Restoranda d\u00fczenlenen iftar yeme\u011finde yapt\u0131\u011f\u0131 konu\u015fmada, Kahramanmara\u015f&#8217;taki helikopter kazas\u0131n\u0131n ard\u0131ndan Devlet Denetleme Kurulunun g\u00fczel bir \u00e7al\u0131\u015fma ortaya koydu\u011funu, yapt\u0131\u011f\u0131 \u00e7al\u0131\u015fmayla kamuoyunu tatmin etti\u011fini belirtti.<\/p>\n<p style=\"text-align: justify;\">Kurulun yapt\u0131\u011f\u0131 \u00e7al\u0131\u015fman\u0131n \u00f6nlerini a\u00e7t\u0131\u011f\u0131n\u0131, \u00f6zel yetkili mahkemeye g\u00f6t\u00fcren bir yol oldu\u011funu da ifade eden Destici, \u015funlar\u0131 kaydetti:<\/p>\n<p style=\"text-align: justify;\">&#8221;Devlet Denetleme Kurulunun b\u00f6yle bir raporu olmasayd\u0131, bizim hadiseyi Kahramanmara\u015f Cumhuriyet Ba\u015fsavc\u0131l\u0131\u011f\u0131dan al\u0131p, \u00f6zel yetkili mahkemeye ta\u015f\u0131mam\u0131z kolay olmazd\u0131. Cumhurba\u015fkan\u0131 kendisi bizzat s\u00f6yledi bunu. &#8221;E\u011fer Devlet Denetleme Kurulunu bizzat \u00e7al\u0131\u015ft\u0131rmasayd\u0131k, ayn\u0131 bu da di\u011fer hadiseler gibi bir meclis ara\u015ft\u0131rma komisyonuyla kapat\u0131l\u0131p, gidecekmi\u015f&#8217; dedi. Do\u011frudur, e\u011fer Devlet Denetleme Kurulu hukuk i\u00e7inde kal\u0131p, \u0131srarla bu i\u015f s\u00fcrd\u00fcr\u00fclmeseydi, takip edilmeseydi birilerinin istedi\u011fi gibi devletle millet sokakta kar\u015f\u0131 kar\u015f\u0131ya getirilseydi, bu i\u015f farkl\u0131 yollara \u00e7ekilseydi, tek bir meclis ara\u015ft\u0131rma komisyonuyla bu i\u015f kapan\u0131p giderdi.&#8221;<\/p>\n<p style=\"text-align: justify;\"><strong>&#8220;KAYIP C\u0130HAZLARI K\u0130MLER\u0130N ALDI\u011eI \u0130LE \u0130LG\u0130L\u0130 G\u00d6R\u00dcNT\u00dcLER EL\u0130M\u0130ZDE&#8221;<\/strong><\/p>\n<p style=\"text-align: justify;\">Destici, kazayla ilgili geli\u015fmeleri ailelerle payla\u015ft\u0131klar\u0131n\u0131 belirterek, &#8221;Ama her \u015feyi elbette ki kamuoyuyla payla\u015fam\u0131yoruz ve bunu kamuoyunda dillendirmemiz belli bir s\u00fcreci gerektiriyor&#8221; dedi.<\/p>\n<p style=\"text-align: justify;\">Baz\u0131 konular\u0131 kamuoyu olu\u015fturma ad\u0131na zaman zaman dillendirdiklerini ifade eden Destici, \u015funlar\u0131 kaydetti:<\/p>\n<p style=\"text-align: justify;\">&#8221;Ama \u015fu anda kamuoyunda bir bilgi kirlili\u011fi var. Kay\u0131p olan cihazlarla ilgili bug\u00fcn Cumhurba\u015fkan\u0131 ile yapt\u0131\u011f\u0131m\u0131z g\u00f6r\u00fc\u015fmede bunlar\u0131 net olarak ortaya koyduk. Kimlerin ald\u0131\u011f\u0131yla ilgili art\u0131k g\u00f6r\u00fcnt\u00fcler elimizde. Hem T\u0130B taraf\u0131ndan bildirilmesine hem de k\u00f6yl\u00fcler taraf\u0131ndan tarif edilmesine ra\u011fmen o b\u00f6lgenin aranmamas\u0131yla ilgili sorumlular da art\u0131k belli. Helikopterin d\u00fc\u015fme an\u0131, orada ya\u015fanan hava hareketlili\u011fi, sivil ve askeri radarlar\u0131n kararmas\u0131, hadiseyi g\u00f6rememesi yani b\u00fct\u00fcn bu kamuoyundaki konular zaten ilk g\u00fcn itibar\u0131yla neredeyse dosyan\u0131n i\u00e7erisinde var olan ve savc\u0131l\u0131k taraf\u0131ndan takip edilen konular.&#8221;<\/p>\n<p style=\"text-align: justify;\"><a href=\"http:\/\/www.gazeteport.com.tr\/haber\/45927\/bbp_o_goruntuler_elimizde\" target=\"_blank\">Kaynak : GAZETEPORT<\/a><\/p>\n","protected":false},"excerpt":{"rendered":"<p style=\"text-align: center;\">\n<p style=\"text-align: justify;\">BBP Genel Ba\u015fkan\u0131 Destici, eski Genel Ba\u015fkan\u0131 Muhsin Yaz\u0131c\u0131o\u011flu&#8217;nun hayat\u0131n\u0131 kaybetti\u011fi helikopter kazas\u0131yla ilgili, kay\u0131p olan cihazlar\u0131 kimlerin ald\u0131\u011f\u0131yla ilgili g\u00f6r\u00fcnt\u00fclerin art\u0131k ellerinde oldu\u011funu ve konuyu \u00f6zel yetkili mahkemeye ta\u015f\u0131yacaklar\u0131n\u0131 s\u00f6yledi.<\/p>\n<p style=\"text-align: justify;\">S\u0130VAS- BBP Genel Ba\u015fkan\u0131 Mustafa Destici, eski BBP Genel Ba\u015fkan\u0131 Muhsin Yaz\u0131c\u0131o\u011flu&#8217;nun hayat\u0131n\u0131 kaybetti\u011fi helikopter kazas\u0131yla ilgili, <\/p>\n","protected":false},"author":1,"featured_media":0,"comment_status":"open","ping_status":"open","sticky":false,"template":"","format":"standard","meta":{"footnotes":""},"categories":[105],"tags":[144,103,104],"class_list":["post-37863","post","type-post","status-publish","format-standard","hentry","category-gundem","tag-bbp","tag-helikopter-kazasi","tag-muhsin-yazicioglu","odd"],"_links":{"self":[{"href":"http:\/\/www.korhanyilmaz.com\/index.php?rest_route=\/wp\/v2\/posts\/37863","targetHints":{"allow":["GET"]}}],"collection":[{"href":"http:\/\/www.korhanyilmaz.com\/index.php?rest_route=\/wp\/v2\/posts"}],"about":[{"href":"http:\/\/www.korhanyilmaz.com\/index.php?rest_route=\/wp\/v2\/types\/post"}],"author":[{"embeddable":true,"href":"http:\/\/www.korhanyilmaz.com\/index.php?rest_route=\/wp\/v2\/users\/1"}],"replies":[{"embeddable":true,"href":"http:\/\/www.korhanyilmaz.com\/index.php?rest_route=%2Fwp%2Fv2%2Fcomments&post=37863"}],"version-history":[{"count":0,"href":"http:\/\/www.korhanyilmaz.com\/index.php?rest_route=\/wp\/v2\/posts\/37863\/revisions"}],"wp:attachment":[{"href":"http:\/\/www.korhanyilmaz.com\/index.php?rest_route=%2Fwp%2Fv2%2Fmedia&parent=37863"}],"wp:term":[{"taxonomy":"category","embeddable":true,"href":"http:\/\/www.korhanyilmaz.com\/index.php?rest_route=%2Fwp%2Fv2%2Fcategories&post=37863"},{"taxonomy":"post_tag","embeddable":true,"href":"http:\/\/www.korhanyilmaz.com\/index.php?rest_route=%2Fwp%2Fv2%2Ftags&post=37863"}],"curies":[{"name":"wp","href":"https:\/\/api.w.org\/{rel}","templated":true}]}}