{"id":3783,"date":"2009-02-27T11:47:38","date_gmt":"2009-02-27T09:47:38","guid":{"rendered":"http:\/\/www.korhanyilmaz.com\/?p=3783"},"modified":"2009-02-27T11:47:38","modified_gmt":"2009-02-27T09:47:38","slug":"ab-yuksek-temsilcisi-solana-gazzede","status":"publish","type":"post","link":"http:\/\/www.korhanyilmaz.com\/?p=3783","title":{"rendered":"AB Y\u00fcksek Temsilcisi Solana Gazze&#8217;de"},"content":{"rendered":"<p style=\"text-align: center;\"><img loading=\"lazy\" decoding=\"async\" class=\"aligncenter size-full wp-image-3784\" title=\"AB Ortak D\u0131\u015f Politika ve G\u00fcvenlik Y\u00fcksek Temsilcisi Javier Solana\" src=\"http:\/\/www.korhanyilmaz.com\/wp-content\/uploads\/2009\/02\/2865.jpg\" alt=\"AB Ortak D\u0131\u015f Politika ve G\u00fcvenlik Y\u00fcksek Temsilcisi Javier Solana\" width=\"304\" height=\"206\" \/><\/p>\n<p style=\"text-align: justify;\">AB Ortak D\u0131\u015f Politika ve G\u00fcvenlik Y\u00fcksek Temsilcisi Javier Solana, AB&#8217;nin Gazze ile M\u0131s\u0131r aras\u0131ndaki Refah s\u0131n\u0131r\u0131nda yeniden g\u00f6zlemcilik g\u00f6revine haz\u0131r oldu\u011funu s\u00f6yledi.<\/p>\n<p style=\"text-align: justify;\">Solana, \u0130srail&#8217;in 27 Aral\u0131kta ba\u015flayan ve 18 Ocakta sona eren 22 g\u00fcnl\u00fck sald\u0131r\u0131lar\u0131n\u0131n yol a\u00e7t\u0131\u011f\u0131 tahribat\u0131 yerinde g\u00f6rmek \u00fczere Gazze \u015eeridi&#8217;nde incelemelerde bulunuyor.<\/p>\n<p style=\"text-align: justify;\">Hamas&#8217;\u0131n Gazze \u015eeridi&#8217;nde y\u00f6netimi ele ge\u00e7irdi\u011fi 2007 Haziran\u0131ndan bu yana b\u00f6lgeye ilk ziyaretini yapan Solana, sivil toplum kurulu\u015flar\u0131yla g\u00f6r\u00fc\u015fecek. Solana&#8217;n\u0131n Hamas yetkilileriyle temas\u0131 \u00f6ng\u00f6r\u00fclm\u00fcyor.<!--more--><\/p>\n<p style=\"text-align: justify;\">Solana, Erez ge\u00e7i\u015f noktas\u0131nda bas\u0131n mensuplar\u0131na yapt\u0131\u011f\u0131 a\u00e7\u0131klamada, t\u00fcm taraflar\u0131n onay vermesi halinde AB&#8217;nin ge\u00e7i\u015f noktalar\u0131nda g\u00f6rev alabilece\u011fini belirtti.<\/p>\n<p style=\"text-align: justify;\">AB&#8217;nin Gazze ile M\u0131s\u0131r aras\u0131ndaki Refah s\u0131n\u0131r\u0131nda yeniden g\u00f6zlemcilik g\u00f6revine haz\u0131r oldu\u011funu bildiren Solana, AB&#8217;nin Filistinli gruplar aras\u0131nda Kahire&#8217;de devam eden birlik g\u00f6r\u00fc\u015fmelerini deste\u011fini dile getirdi. Solana, &#8220;Gazzelilerle dayan\u0131\u015fma i\u00e7inde oldu\u011fumuzu g\u00f6stermek ve \u0130srail&#8217;in son sava\u015f\u0131n\u0131n nelere neden oldu\u011funu g\u00f6rmek i\u00e7in Gazze&#8217;ye geldik&#8221; dedi.<\/p>\n<p style=\"text-align: justify;\">M\u0131s\u0131r, \u0130srail ve Filistin Y\u00f6netimi aras\u0131nda 2005 y\u0131l\u0131nda imzalanan anla\u015fma uyar\u0131nca, AB g\u00f6zlemcileri Refah ge\u00e7i\u015f noktas\u0131nda g\u00f6rev alm\u0131\u015ft\u0131. Hamas-El Fetih \u00e7at\u0131\u015fmalar\u0131 s\u0131ras\u0131nda bu ge\u00e7i\u015f noktas\u0131ndan ayr\u0131lan AB g\u00f6zlemcilerinin g\u00f6revinin, Hamas&#8217;\u0131n b\u00f6lgede y\u00f6netimi ele almas\u0131 ve \u0130srail&#8217;in ge\u00e7i\u015f noktalar\u0131n\u0131 kapatmas\u0131yla herhangi bir i\u015flevi kalmam\u0131\u015ft\u0131.<\/p>\n<p style=\"text-align: justify;\"><span style=\"color: #888888;\">Kaynak : Ajanslar<\/span><\/p>\n","protected":false},"excerpt":{"rendered":"<p style=\"text-align: center;\">\n<p style=\"text-align: justify;\">AB Ortak D\u0131\u015f Politika ve G\u00fcvenlik Y\u00fcksek Temsilcisi Javier Solana, AB&#8217;nin Gazze ile M\u0131s\u0131r aras\u0131ndaki Refah s\u0131n\u0131r\u0131nda yeniden g\u00f6zlemcilik g\u00f6revine haz\u0131r oldu\u011funu s\u00f6yledi.<\/p>\n<p style=\"text-align: justify;\">Solana, \u0130srail&#8217;in 27 Aral\u0131kta ba\u015flayan ve 18 Ocakta sona eren 22 g\u00fcnl\u00fck sald\u0131r\u0131lar\u0131n\u0131n yol a\u00e7t\u0131\u011f\u0131 tahribat\u0131 yerinde g\u00f6rmek \u00fczere Gazze \u015eeridi&#8217;nde incelemelerde bulunuyor.<\/p>\n<p style=\"text-align:  \n\n","protected":false},"author":1,"featured_media":0,"comment_status":"open","ping_status":"closed","sticky":false,"template":"","format":"standard","meta":{"footnotes":""},"categories":[3],"tags":[],"class_list":["post-3783","post","type-post","status-publish","format-standard","hentry","category-dunya","odd"],"_links":{"self":[{"href":"http:\/\/www.korhanyilmaz.com\/index.php?rest_route=\/wp\/v2\/posts\/3783","targetHints":{"allow":["GET"]}}],"collection":[{"href":"http:\/\/www.korhanyilmaz.com\/index.php?rest_route=\/wp\/v2\/posts"}],"about":[{"href":"http:\/\/www.korhanyilmaz.com\/index.php?rest_route=\/wp\/v2\/types\/post"}],"author":[{"embeddable":true,"href":"http:\/\/www.korhanyilmaz.com\/index.php?rest_route=\/wp\/v2\/users\/1"}],"replies":[{"embeddable":true,"href":"http:\/\/www.korhanyilmaz.com\/index.php?rest_route=%2Fwp%2Fv2%2Fcomments&post=3783"}],"version-history":[{"count":0,"href":"http:\/\/www.korhanyilmaz.com\/index.php?rest_route=\/wp\/v2\/posts\/3783\/revisions"}],"wp:attachment":[{"href":"http:\/\/www.korhanyilmaz.com\/index.php?rest_route=%2Fwp%2Fv2%2Fmedia&parent=3783"}],"wp:term":[{"taxonomy":"category","embeddable":true,"href":"http:\/\/www.korhanyilmaz.com\/index.php?rest_route=%2Fwp%2Fv2%2Fcategories&post=3783"},{"taxonomy":"post_tag","embeddable":true,"href":"http:\/\/www.korhanyilmaz.com\/index.php?rest_route=%2Fwp%2Fv2%2Ftags&post=3783"}],"curies":[{"name":"wp","href":"https:\/\/api.w.org\/{rel}","templated":true}]}}