{"id":37818,"date":"2011-08-05T17:47:58","date_gmt":"2011-08-05T14:47:58","guid":{"rendered":"http:\/\/www.korhanyilmaz.com\/?p=37818"},"modified":"2011-08-06T02:51:09","modified_gmt":"2011-08-05T23:51:09","slug":"vedat-aydini-jitem-oldurdu","status":"publish","type":"post","link":"http:\/\/www.korhanyilmaz.com\/?p=37818","title":{"rendered":"&#8216;Vedat Ayd\u0131n&#8217;\u0131 J\u0130TEM \u00f6ld\u00fcrd\u00fc&#8217;"},"content":{"rendered":"<p style=\"text-align: center;\"><a href=\"http:\/\/www.korhanyilmaz.com\/wp-content\/uploads\/2011\/08\/3039.jpg\"  class=\"lightview\"><img loading=\"lazy\" decoding=\"async\" class=\"aligncenter size-full wp-image-37819\" src=\"http:\/\/www.korhanyilmaz.com\/wp-content\/uploads\/2011\/08\/3039.jpg\" alt=\"\" width=\"384\" height=\"288\" \/><\/a><\/p>\n<p style=\"text-align: justify;\">\u015e\u0131rnak&#8217;ta 1993-95 y\u0131llar\u0131 aras\u0131nda i\u015flenen faili me\u00e7hul cinayetlerle ilgili tutuklanan ve aralar\u0131nda Kayseri eski \u0130l Jandarma Alay Komutan\u0131, Cizre eski Belediye Ba\u015fkan\u0131 ve itiraf\u00e7\u0131lar\u0131n da bulundu\u011fu san\u0131klar\u0131n yarg\u0131lanmas\u0131na devam edildi. Duru\u015fmada tan\u0131k olarak dinlenen Eski\u015fehir eski Emniyet M\u00fcd\u00fcr\u00fc Hanefi Avc\u0131, Jitem ve itiraf\u00e7\u0131lar konusunda ifade verdi. <!--more--><\/p>\n<p style=\"text-align: justify;\">\u015e\u0131rnak&#8217;ta i\u015flenen faili me\u00e7hul cinayetlere ili\u015fkin Kayseri eski \u0130l Jandarma Alay Komutan\u0131 Cemal Temiz\u00f6z, Cizre eski Belediye Ba\u015fkan\u0131 korucuba\u015f\u0131 Kamil Atak, korucular K\u00f6kel Atak, Tamer Atak ile itiraf\u00e7\u0131lar Abd\u00fclhakim G\u00fcven, H\u0131d\u0131r Altu\u011f ve Adem Yak\u0131n&#8217;\u0131n yarg\u0131lanmas\u0131na Diyarbak\u0131r 6. A\u011f\u0131r Ceza Mahkemesi&#8217;nde devam edildi. Duru\u015fmaya korucu K\u00f6kel Atak ile itiraf\u00e7\u0131 Abd\u00fclhakim G\u00fcven (F\u0131rat Alt\u0131n) kat\u0131lmad\u0131.<\/p>\n<p style=\"text-align: justify;\">Bug\u00fcn yap\u0131lan duru\u015fmaya kat\u0131lan ve Devrimci Karargah soru\u015fturmas\u0131nda tutuklu bulunan Eski\u015fehir eski Emniyet M\u00fcd\u00fcr\u00fc Hanefi Avc\u0131 tan\u0131k olarak ifade verdi. Jitem ve itiraf\u00e7\u0131lar\u0131n 1991 y\u0131l\u0131nda HEP Diyarbak\u0131r \u0130l Ba\u015fkan\u0131 Vedat Ayd\u0131n&#8217;\u0131 \u00f6ld\u00fcrd\u00fcklerini belirten Avc\u0131, itiraf\u00e7\u0131 H\u0131d\u0131r Altu\u011f ile bir araya gelmedi\u011fini s\u00f6yledi.<\/p>\n<p style=\"text-align: justify;\">1992 y\u0131l\u0131n\u0131n \u015eubat ay\u0131na kadar Diyarbak\u0131r Cezaevi&#8217;nde kalan itiraf\u00e7\u0131larla, b\u00f6lge valilili\u011finin verdi\u011fi g\u00f6rev kapsam\u0131nda g\u00f6r\u00fc\u015ft\u00fc\u011f\u00fcn\u00fc belirten Avc\u0131, &#8220;H\u0131d\u0131r Altu\u011f o tarihten \u00f6nce oradaysa tan\u0131yor olabilirim. Aksi halde tan\u0131m\u0131yorum&#8221; dedi.<\/p>\n<p style=\"text-align: justify;\"><strong>J\u0130TEM JANDARMA \u0130\u00c7\u0130NDE B\u0130R B\u0130R\u0130M OLARAK KURULDU<\/strong><\/p>\n<p style=\"text-align: justify;\">Jitem&#8217;in Diyarbak\u0131r \u0130l Jandarma Komutanl\u0131\u011f\u0131&#8217;n\u0131n i\u00e7inde bir birim olarak kuruldu\u011funu ve itiraf\u00e7\u0131lar\u0131n da ge\u00e7ici kadrolarla buraya atand\u0131\u011f\u0131n\u0131 belirten Avc\u0131, &#8220;\u0130tiraf\u00e7\u0131lar\u0131n o d\u00f6nemin \u015fartlar\u0131 i\u00e7inde g\u00f6rev d\u0131\u015f\u0131na \u00e7\u0131kma e\u011fitimleri vard\u0131 ve radikal davran\u0131yorlard\u0131. Biz kendi b\u00f6lgemizde bir \u015feyler yap\u0131yorduk. Vedat Ayd\u0131n&#8217;\u0131n \u00f6ld\u00fcr\u00fclmesinde bu yap\u0131y\u0131 g\u00f6rd\u00fck. J\u0130TEM&#8217;i ilk kez Susurluk&#8217;ta s\u00f6ylemi\u015ftim. Kabul etmemi\u015flerdi. Bug\u00fcn oldu\u011funu s\u00f6yl\u00fcyorlar&#8221; dedi.<\/p>\n<p style=\"text-align: justify;\">Diyarbak\u0131r&#8217;da Jitem&#8217;in Vedat Ayd\u0131n&#8217;\u0131n \u00f6ld\u00fcr\u00fclmesi, avukat Mustafa \u00d6zer&#8217;in arac\u0131na bomba konulmas\u0131 ve ba\u015fka bir bombalama olay\u0131na kar\u0131\u015ft\u0131\u011f\u0131n\u0131 tespit ettiklerini belirten Avc\u0131, &#8220;Devletin normal g\u00f6revi var. Zaman zaman bu g\u00f6revler kanuna ayk\u0131r\u0131 olabiliyordu. Bahsetti\u011fim \u00fc\u00e7 olay bu grup taraf\u0131ndan yap\u0131ld\u0131&#8221; diyerek Jitem&#8217;in adli ve istihbarat g\u00f6revi de yapt\u0131\u011f\u0131n\u0131 ve sorgulara kat\u0131ld\u0131\u011f\u0131n\u0131 s\u00f6yledi.<\/p>\n<p style=\"text-align: justify;\">Avc\u0131, itiraf\u00e7\u0131lar\u0131n gizli ya da a\u00e7\u0131k kimlikleriyle kamuya yerle\u015ftirildi\u011fini, cezaevinden de mahkeme karar\u0131 ile 15 g\u00fcnl\u00fck izinle operasyonlara g\u00f6t\u00fcr\u00fcld\u00fc\u011f\u00fcn\u00fc s\u00f6yledi.<\/p>\n<p style=\"text-align: justify;\"><a href=\"http:\/\/www.birgun.net\/actuels_index.php?news_code=1312540735&amp;day=05&amp;month=08&amp;year=2011\" target=\"_blank\">Kaynak : BirG\u00fcn<\/a><\/p>\n","protected":false},"excerpt":{"rendered":"<p style=\"text-align: center;\">\n<p style=\"text-align: justify;\">\u015e\u0131rnak&#8217;ta 1993-95 y\u0131llar\u0131 aras\u0131nda i\u015flenen faili me\u00e7hul cinayetlerle ilgili tutuklanan ve aralar\u0131nda Kayseri eski \u0130l Jandarma Alay Komutan\u0131, Cizre eski Belediye Ba\u015fkan\u0131 ve itiraf\u00e7\u0131lar\u0131n da bulundu\u011fu san\u0131klar\u0131n yarg\u0131lanmas\u0131na devam edildi. Duru\u015fmada tan\u0131k olarak dinlenen Eski\u015fehir eski Emniyet M\u00fcd\u00fcr\u00fc Hanefi Avc\u0131, Jitem ve itiraf\u00e7\u0131lar konusunda ifade verdi. <\/p>\n","protected":false},"author":1,"featured_media":0,"comment_status":"open","ping_status":"open","sticky":false,"template":"","format":"standard","meta":{"footnotes":""},"categories":[105],"tags":[],"class_list":["post-37818","post","type-post","status-publish","format-standard","hentry","category-gundem","odd"],"_links":{"self":[{"href":"http:\/\/www.korhanyilmaz.com\/index.php?rest_route=\/wp\/v2\/posts\/37818","targetHints":{"allow":["GET"]}}],"collection":[{"href":"http:\/\/www.korhanyilmaz.com\/index.php?rest_route=\/wp\/v2\/posts"}],"about":[{"href":"http:\/\/www.korhanyilmaz.com\/index.php?rest_route=\/wp\/v2\/types\/post"}],"author":[{"embeddable":true,"href":"http:\/\/www.korhanyilmaz.com\/index.php?rest_route=\/wp\/v2\/users\/1"}],"replies":[{"embeddable":true,"href":"http:\/\/www.korhanyilmaz.com\/index.php?rest_route=%2Fwp%2Fv2%2Fcomments&post=37818"}],"version-history":[{"count":0,"href":"http:\/\/www.korhanyilmaz.com\/index.php?rest_route=\/wp\/v2\/posts\/37818\/revisions"}],"wp:attachment":[{"href":"http:\/\/www.korhanyilmaz.com\/index.php?rest_route=%2Fwp%2Fv2%2Fmedia&parent=37818"}],"wp:term":[{"taxonomy":"category","embeddable":true,"href":"http:\/\/www.korhanyilmaz.com\/index.php?rest_route=%2Fwp%2Fv2%2Fcategories&post=37818"},{"taxonomy":"post_tag","embeddable":true,"href":"http:\/\/www.korhanyilmaz.com\/index.php?rest_route=%2Fwp%2Fv2%2Ftags&post=37818"}],"curies":[{"name":"wp","href":"https:\/\/api.w.org\/{rel}","templated":true}]}}