{"id":37813,"date":"2011-08-05T20:26:17","date_gmt":"2011-08-05T17:26:17","guid":{"rendered":"http:\/\/www.korhanyilmaz.com\/?p=37813"},"modified":"2011-08-06T02:42:30","modified_gmt":"2011-08-05T23:42:30","slug":"bilseydim-cumhuriyeti-havaya-ucururdum","status":"publish","type":"post","link":"http:\/\/www.korhanyilmaz.com\/?p=37813","title":{"rendered":"&#8216;Bilseydim Cumhuriyet&#8217;i havaya u\u00e7ururdum&#8217;"},"content":{"rendered":"<p style=\"text-align: justify;\"><a href=\"http:\/\/www.korhanyilmaz.com\/wp-content\/uploads\/2011\/08\/3038.jpg\"  class=\"lightview\"><img loading=\"lazy\" decoding=\"async\" class=\"aligncenter size-full wp-image-37814\" title=\"\" src=\"http:\/\/www.korhanyilmaz.com\/wp-content\/uploads\/2011\/08\/3038.jpg\" alt=\"\" width=\"325\" height=\"228\" \/><\/a><\/p>\n<p style=\"text-align: justify;\">Birinci Ergenekon davas\u0131n\u0131n tutuklu san\u0131\u011f\u0131 Osman Y\u0131ld\u0131r\u0131m, &#8221;Bana oynanan bu oyunu bilseydim, i\u00e7inde kim oldu\u011funa bakmaz o gazeteyi havaya u\u00e7ururdum&#8221; dedi.<\/p>\n<p style=\"text-align: justify;\">\u0130STANBUL &#8211; Birinci Ergenekon davas\u0131na \u0130stanbul 13. A\u011f\u0131r Ceza Mahkemesi&#8217;nde devam edildi. <!--more--><\/p>\n<p style=\"text-align: justify;\">Bug\u00fcnk\u00fc duru\u015fman\u0131n \u00f6\u011fleden sonraki b\u00f6l\u00fcm\u00fcnde san\u0131klar\u0131n talepleri al\u0131n\u0131rken, tutuklu san\u0131k Osman Y\u0131ld\u0131r\u0131m, Cumhuriyet gazetesine iki el bombas\u0131n\u0131 kendisinin att\u0131rd\u0131\u011f\u0131n\u0131 tekrarlad\u0131 ve ekledi:<\/p>\n<p style=\"text-align: justify;\">&#8221;Bana oynanan bu oyunu bilseydim, i\u00e7inde kim oldu\u011funa bakmaz o gazeteyi havaya u\u00e7ururdum. Benim cezam\u0131 en \u00fcst s\u0131n\u0131rdan verin.&#8221;<\/p>\n<p style=\"text-align: justify;\">Dan\u0131\u015ftay&#8217;a sald\u0131r\u0131 olay\u0131yla hi\u00e7bir ili\u015fkisi olmad\u0131\u011f\u0131n\u0131 s\u00f6yleyen Y\u0131ld\u0131r\u0131m, devletini ve milletini sevdi\u011fini ifade ederek, &#8221;Devletini, milletini seven biri, Dan\u0131\u015ftay&#8217;a yap\u0131lan sald\u0131r\u0131y\u0131 onaylar m\u0131?&#8221; diye konu\u015ftu.<\/p>\n<p style=\"text-align: justify;\"><strong>DO\u011eU PER\u0130N\u00c7EK<\/strong><\/p>\n<p style=\"text-align: justify;\">Tutuklu san\u0131k \u0130\u015f\u00e7i Partisi Genel Ba\u015fkan\u0131 Do\u011fu Perin\u00e7ek, bu soru\u015fturman\u0131n ba\u015f\u0131ndan beri yapt\u0131\u011f\u0131 saptamalar\u0131n, TSK&#8217;n\u0131n komuta kademesinin resmi a\u00e7\u0131klamalar\u0131yla da do\u011fruland\u0131\u011f\u0131n\u0131 savunarak, \u015funlar\u0131 s\u00f6yledi:<\/p>\n<p style=\"text-align: justify;\">&#8221;Genelkurmay Ba\u015fkan\u0131 I\u015f\u0131k Ko\u015faner&#8217;in 29 Temmuz 2011 g\u00fcn\u00fc yay\u0131mlad\u0131\u011f\u0131 TSK&#8217;ya veda mektubu, bizim bu yarg\u0131laman\u0131n ba\u015f\u0131ndan beri s\u00f6ylediklerimizdir. &#8216;Ergenekon&#8217; operasyonu, Cumhuriyet devrimini, T\u00fcrk ordusunu ve \u0130\u015f\u00e7i Partisi gibi yurtsever g\u00fc\u00e7leri hedef alan bir ABD operasyonudur.&#8221;<\/p>\n<p style=\"text-align: justify;\"><strong>\u0130SMA\u0130L YILDIZ<\/strong><\/p>\n<p style=\"text-align: justify;\">San\u0131k \u0130smail Y\u0131ld\u0131z, verilen ila\u00e7lar\u0131n etkisiyle kendisini ifade edemeyecek hale geldi\u011fini, bu s\u00fcre\u00e7te ayakta bile zor durdu\u011funu ifade ederek, bitkinli\u011fi nedeniyle iki kez d\u00fc\u015ft\u00fc\u011f\u00fcn\u00fc ve birinde burnuna, di\u011ferinde ise a\u011fz\u0131n\u0131n i\u00e7ine 5&#8217;er diki\u015f at\u0131ld\u0131\u011f\u0131n\u0131 kaydetti.<\/p>\n<p style=\"text-align: justify;\">\u0130fadesi s\u0131ras\u0131nda a\u011flayan Y\u0131ld\u0131z, \u00fcye hakim Sedat Sami Ha\u015f\u0131lo\u011flu&#8217;na te\u015fekk\u00fcr ederek, &#8221;\u0130yi ki beni oraya g\u00f6ndermi\u015fsiniz. Ben g\u00f6rd\u00fcm. T\u00fcrkiye&#8217;nin oray\u0131 g\u00f6rmesi laz\u0131m. Biz bu davan\u0131n y\u00fcz karas\u0131 oldu\u011funu s\u00f6yl\u00fcyorduk, ama asl\u0131nda o hastane y\u00fcz karas\u0131ym\u0131\u015f. Mahkeme y\u00fcz karas\u0131 de\u011filmi\u015f&#8221; dedi.<\/p>\n<p style=\"text-align: justify;\">Bunun \u00fczerine Hakim Ha\u015f\u0131lo\u011flu, &#8221;Sizin sevkiniz, eski mahkeme ba\u015fkan\u0131 K\u00f6ksal \u015eeng\u00fcn taraf\u0131ndan cezaevi revirine yap\u0131ld\u0131. Ben de duru\u015fmada sizin doktora sevk i\u015fleminizin yap\u0131l\u0131p yap\u0131lmad\u0131\u011f\u0131n\u0131 sordum. Hastaneye sevkiniz, revir doktorunun inisiyatifidir&#8221; diye konu\u015ftu.<\/p>\n<p style=\"text-align: justify;\">Tutuklu san\u0131k Mehmet Demirta\u015f da hastaneye sevk edilmesinden \u00f6nce \u0130smail Y\u0131ld\u0131z ile ayn\u0131 ko\u011fu\u015fta yatt\u0131klar\u0131n\u0131 belirterek, &#8221;Say\u0131n Ba\u015fkan\u0131m, insanl\u0131k ad\u0131na \u0130smail Y\u0131ld\u0131z&#8217;\u0131n tahliyesini talep ediyorum&#8221; dedi.<\/p>\n<p style=\"text-align: justify;\"><strong>BAZI SANIKLARIN CAN G\u00dcVENL\u0130\u011e\u0130<\/strong><\/p>\n<p style=\"text-align: justify;\">Duru\u015fmada s\u00f6z alan san\u0131k Bedirhan \u015einal ise can g\u00fcvenli\u011finin tehlikede oldu\u011funu, \u00f6nlem al\u0131nmazsa sorumlulu\u011fun mahkemeye ait olaca\u011f\u0131n\u0131 \u00f6ne s\u00fcrerek, \u015funlar\u0131 s\u00f6yledi:<\/p>\n<p style=\"text-align: justify;\">&#8221;Bu ifadeyi verdikten sonra can g\u00fcvenli\u011fimin tehlikede oldu\u011funu size s\u00f6yledim. Cezaevinin 1. m\u00fcd\u00fcr\u00fc, polislikten ayr\u0131lma bir insan. Kendisini kukla yapm\u0131\u015flar. Bana bir kalem vermeyen insanlar, \u015fimdi permatik vermeye ba\u015flad\u0131lar. Can g\u00fcvenli\u011fime herhangi bir \u015fey geldi\u011fi takdirde sorumlusu heyetinizdir.&#8221;<\/p>\n<p style=\"text-align: justify;\">Bunun \u00fczerine Mahkeme Heyeti Ba\u015fkan\u0131 Hasan H\u00fcseyin \u00d6zese \u015einal&#8217;a, &#8221;Cezaevi y\u00f6netimine dilek\u00e7e verdiniz mi?&#8221; diye sordu.<\/p>\n<p style=\"text-align: justify;\">\u015einal da &#8221;Zaten can g\u00fcvenli\u011fimi tehlikeye atan cezaevi y\u00f6netimidir. Beni tehdit eden adamlardan ben neyi talep edeyim? Allah r\u0131zas\u0131 i\u00e7in izin verin savunmama devam edeyim&#8221; diye konu\u015ftu. \u00d6zese de &#8221;Talebiniz al\u0131nd\u0131&#8221; dedi.<\/p>\n<p style=\"text-align: justify;\">Cumhuriyet gazetesine molotofkokteyli at\u0131lmas\u0131na ili\u015fkin davan\u0131n tutuklu san\u0131\u011f\u0131 Bo\u011fa\u00e7 Kaan Murathan&#8217;\u0131n avukat\u0131 Burak Bekiro\u011flu da mahkemeye bir dilek\u00e7e sundu.<\/p>\n<p style=\"text-align: justify;\">Bekiro\u011flu, dilek\u00e7esinde, Murathan&#8217;\u0131n can g\u00fcvenli\u011finin sa\u011flanmas\u0131 talebinde bulunarak, aksi bir durumda sorumlulu\u011fun mahkemede olaca\u011f\u0131n\u0131 \u00f6ne s\u00fcrd\u00fc.<\/p>\n<p style=\"text-align: justify;\"><a href=\"http:\/\/www.ntvmsnbc.com\/id\/25238989\/\" target=\"_blank\">Kaynak : NTVMSNBC<\/a><\/p>\n","protected":false},"excerpt":{"rendered":"<p style=\"text-align: justify;\">\n<p style=\"text-align: justify;\">Birinci Ergenekon davas\u0131n\u0131n tutuklu san\u0131\u011f\u0131 Osman Y\u0131ld\u0131r\u0131m, &#8221;Bana oynanan bu oyunu bilseydim, i\u00e7inde kim oldu\u011funa bakmaz o gazeteyi havaya u\u00e7ururdum&#8221; dedi.<\/p>\n<p style=\"text-align: justify;\">\u0130STANBUL &#8211; Birinci Ergenekon davas\u0131na \u0130stanbul 13. A\u011f\u0131r Ceza Mahkemesi&#8217;nde devam edildi. <\/p>\n","protected":false},"author":1,"featured_media":0,"comment_status":"open","ping_status":"open","sticky":false,"template":"","format":"standard","meta":{"footnotes":""},"categories":[105],"tags":[],"class_list":["post-37813","post","type-post","status-publish","format-standard","hentry","category-gundem","odd"],"_links":{"self":[{"href":"http:\/\/www.korhanyilmaz.com\/index.php?rest_route=\/wp\/v2\/posts\/37813","targetHints":{"allow":["GET"]}}],"collection":[{"href":"http:\/\/www.korhanyilmaz.com\/index.php?rest_route=\/wp\/v2\/posts"}],"about":[{"href":"http:\/\/www.korhanyilmaz.com\/index.php?rest_route=\/wp\/v2\/types\/post"}],"author":[{"embeddable":true,"href":"http:\/\/www.korhanyilmaz.com\/index.php?rest_route=\/wp\/v2\/users\/1"}],"replies":[{"embeddable":true,"href":"http:\/\/www.korhanyilmaz.com\/index.php?rest_route=%2Fwp%2Fv2%2Fcomments&post=37813"}],"version-history":[{"count":0,"href":"http:\/\/www.korhanyilmaz.com\/index.php?rest_route=\/wp\/v2\/posts\/37813\/revisions"}],"wp:attachment":[{"href":"http:\/\/www.korhanyilmaz.com\/index.php?rest_route=%2Fwp%2Fv2%2Fmedia&parent=37813"}],"wp:term":[{"taxonomy":"category","embeddable":true,"href":"http:\/\/www.korhanyilmaz.com\/index.php?rest_route=%2Fwp%2Fv2%2Fcategories&post=37813"},{"taxonomy":"post_tag","embeddable":true,"href":"http:\/\/www.korhanyilmaz.com\/index.php?rest_route=%2Fwp%2Fv2%2Ftags&post=37813"}],"curies":[{"name":"wp","href":"https:\/\/api.w.org\/{rel}","templated":true}]}}