{"id":37808,"date":"2011-08-05T20:20:40","date_gmt":"2011-08-05T17:20:40","guid":{"rendered":"http:\/\/www.korhanyilmaz.com\/?p=37808"},"modified":"2011-08-06T02:34:43","modified_gmt":"2011-08-05T23:34:43","slug":"demirtastan-burkaya-uyari","status":"publish","type":"post","link":"http:\/\/www.korhanyilmaz.com\/?p=37808","title":{"rendered":"Demirta\u015f&#8217;tan Burkay&#8217;a uyar\u0131!"},"content":{"rendered":"<p style=\"text-align: justify;\"><a href=\"http:\/\/www.korhanyilmaz.com\/wp-content\/uploads\/2011\/08\/3037.jpg\"  class=\"lightview\"><img loading=\"lazy\" decoding=\"async\" class=\"aligncenter size-full wp-image-37809\" src=\"http:\/\/www.korhanyilmaz.com\/wp-content\/uploads\/2011\/08\/3037.jpg\" alt=\"\" width=\"435\" height=\"181\" \/><\/a><\/p>\n<p style=\"text-align: justify;\">BDP Grup Ba\u015fkan\u0131, 31 y\u0131ll\u0131k s\u00fcrg\u00fcn\u00fcn ard\u0131ndan T\u00fcrkiye&#8217;ye d\u00f6nen Kemal Burkay&#8217;a seslendi: Bakanlar taraf\u0131ndan kar\u015f\u0131lanmay\u0131 hayra yormamal\u0131.<\/p>\n<p style=\"text-align: justify;\">VAN &#8211; BDP Grup Ba\u015fkan\u0131 Selahattin Demirta\u015f&#8217;\u0131n g\u00fcndeminde, yeni anayasa \u00e7al\u0131\u015fmalar\u0131, YA\u015e&#8217;a getirilen yeni d\u00fczenleme, demokratik \u00f6zerkli\u011fin ilan\u0131yla ilgili bas\u0131nda \u00e7\u0131kan haberler ve Kemal Burkay&#8217;\u0131n T\u00fcrkiye&#8217;ye d\u00f6n\u00fc\u015f\u00fc vard\u0131. <!--more--><\/p>\n<p style=\"text-align: justify;\">Demirta\u015f, 31 y\u0131l s\u00fcren s\u00fcrg\u00fcn hayat\u0131n\u0131n ard\u0131ndan T\u00fcrkiye&#8217;ye d\u00f6nen K\u00fcrt siyaset\u00e7i ve yazar Burkay&#8217;a \u00e7a\u011fr\u0131da bulundu.<\/p>\n<p style=\"text-align: justify;\">&#8220;\u0130\u00e7eride binlerce K\u00fcrt siyaset\u00e7inin oldu\u011fu, yurtd\u0131\u015f\u0131nda s\u00fcrg\u00fcnde binlerce K\u00fcrt siyaset\u00e7inin bulundu\u011fu bir d\u00f6nemde kendisinin bakanlar taraf\u0131ndan kar\u015f\u0131lanmas\u0131n\u0131 \u00e7ok da hayra yormamal\u0131d\u0131r. Dikkatli olmal\u0131d\u0131r&#8230;&#8221;<\/p>\n<p style=\"text-align: justify;\">4 Eyl\u00fcl&#8217;de yap\u0131lacak BDP kongresi haz\u0131rl\u0131k \u00e7al\u0131\u015fmalar\u0131 i\u00e7in Van&#8217;a giden Demirta\u015f burada konu\u015ftu.<\/p>\n<p style=\"text-align: justify;\">&#8220;Say\u0131n Burkay, halk\u0131n\u0131n m\u00fccadelesinin \u00e7\u0131karlar\u0131na zarar verecek pozisyonda olmamal\u0131d\u0131r&#8221; diyen Demirta\u015f, &#8220;Kendisine acizane tavsiyelerde bulunuyoruz. \u00d6n\u00fcm\u00fczdeki g\u00fcnlerde kendisiyle g\u00f6r\u00fc\u015febiliriz. Telefonla da kendisine ho\u015f geldi\u011fini s\u00f6yledik&#8221; dedi.<\/p>\n<p style=\"text-align: justify;\"><strong>&#8220;YEN\u0130 ANAYASNIN \u0130\u00c7\u0130NDEY\u0130Z&#8221;<\/strong><\/p>\n<p style=\"text-align: justify;\">Yeni anayasa ile ilgili partilerinin de \u00e7al\u0131\u015fma y\u00fcr\u00fctt\u00fc\u011f\u00fcn\u00fc belirten Demirta\u015f, \u015f\u00f6yle konu\u015ftu:<\/p>\n<p style=\"text-align: justify;\">&#8221;Bizim anayasa haz\u0131rl\u0131\u011f\u0131 i\u00e7in temel g\u00f6r\u00fc\u015f\u00fcm\u00fcz \u015fudur; hi\u00e7bir parti kendisini anayasa \u00e7al\u0131\u015fmas\u0131n\u0131n merkezine koymamal\u0131d\u0131r. TBMM merkezli olmal\u0131d\u0131r. Uzla\u015fma komisyonu veya komisyonlar\u0131, anayasa komisyonlar\u0131 bu \u00e7al\u0131\u015fmay\u0131 y\u00fcr\u00fctmelidir.<\/p>\n<p style=\"text-align: justify;\">Her \u015feyden \u00f6nce BDP, Mecliste grubu olan bir partidir. Yemin etse de etmese de resmi olarak grubumuz kurulmu\u015ftur. &#8216;Meclis d\u0131\u015f\u0131ndaki partilerle sivil toplum \u00f6rg\u00fctleriyle g\u00f6r\u00fc\u015fece\u011fiz ama BDP ile yemin ederlerse g\u00f6r\u00fc\u015f\u00fcr\u00fcz&#8217; demek nas\u0131l bir demokrasi anlay\u0131\u015f\u0131d\u0131r?<\/p>\n<p style=\"text-align: justify;\">Biz uzla\u015fma i\u00e7inde yeni anayasa yap\u0131lmas\u0131 taraftar\u0131y\u0131z ve bunu destekleyece\u011fiz ama bu t\u00fcr beyanatlar, bu t\u00fcr yakla\u015f\u0131mlar, s\u00fcreci geri \u00e7eken yakla\u015f\u0131mlard\u0131r. Bir anayasa komisyonunun ba\u015f\u0131ndaki siyaset\u00e7i e\u011fer bu \u015fekilde konu\u015fursa o zihniyetten demokratik bir anayasa \u00e7\u0131kmayaca\u011f\u0131 art\u0131k a\u015fa\u011f\u0131 yukar\u0131 anla\u015f\u0131lm\u0131\u015f olur. Bu nedenle zihniyetlerini de\u011fi\u015ftirmelerini tavsiye ediyorum.&#8221;<\/p>\n<p style=\"text-align: justify;\"><strong>&#8220;\u0130K\u0130 MUHTAR OLMAZ AMA AA DA OLMAZ&#8221;<\/strong><\/p>\n<p style=\"text-align: justify;\">Y\u00fcksek Askeri \u015eura (YA\u015e) toplant\u0131lar\u0131na de\u011finen Demirta\u015f, \u015funlar\u0131 s\u00f6yledi:<\/p>\n<p style=\"text-align: justify;\">&#8221;YA\u015e toplant\u0131lar\u0131yla ilgili d\u00fczenlemelerde, do\u011frusu biz askeri vesayetin son bulmas\u0131, cunta rejiminin, askeri rejimin, zihniyet olarak da toplum \u00fczerindeki, siyaset \u00fczerindeki etkisinin t\u00fcmden kalkmas\u0131n\u0131 her zaman savunuruz. Elbette ki T\u00fcrkiye bu konuda olumlu geli\u015fmeler kaydeden bir yol izlemi\u015ftir. Bu son YA\u015e toplant\u0131lar\u0131, tabii ki sivil siyaseti g\u00fc\u00e7lendirmi\u015ftir.<\/p>\n<p style=\"text-align: justify;\">Bunu g\u00f6r\u00fcyoruz fakat buradan \u015fu anlam \u00e7\u0131kmamal\u0131d\u0131r; askeri vesayet ortadan kalkt\u0131\u011f\u0131 i\u00e7in do\u011frudan demokrasiye ge\u00e7ilmi\u015ftir anlay\u0131\u015f\u0131n\u0131 da biz do\u011fru bulmuyoruz. En k\u00f6t\u00fc sivil y\u00f6netim bile cunta y\u00f6netimlerinden iyidir.<\/p>\n<p style=\"text-align: justify;\">Bunu g\u00f6r\u00fcyoruz ama kimse askeri vesayet zay\u0131flad\u0131 diye, yerine sivil bir y\u00f6netimin, art\u0131k demokrasiyi t\u00fcm kurumlar\u0131 ile i\u015flevsel hale getirdi\u011fini savunmamal\u0131d\u0131r. Bu nedenle, bir k\u00f6yde iki muhtar olmaz tabii ki ama bir k\u00f6yde bir muhtar olacaksa da o muhtar ayn\u0131 zamanda k\u00f6y\u00fcn a\u011fas\u0131 da olmaz. K\u00f6yde tek muhtar\u0131n olmas\u0131 o k\u00f6yde demokrasinin oldu\u011fu anlam\u0131na gelmez.&#8221;<\/p>\n<p style=\"text-align: justify;\"><strong>&#8221;S\u0130LAH YOLUYLA DEMOKRAT\u0130K \u00d6ZERKL\u0130K&#8221;<\/strong><\/p>\n<p style=\"text-align: justify;\">Baz\u0131 bas\u0131n yay\u0131n organlar\u0131nda, &#8221;demokratik \u00f6zerkli\u011fin silah yoluyla ilan edildi\u011fine&#8221; ili\u015fkin haberlerin yer ald\u0131\u011f\u0131n\u0131 hat\u0131rlatan Demirta\u015f, \u015f\u00f6yle dedi:<\/p>\n<p style=\"text-align: justify;\">&#8221;PKK&#8217;n\u0131n toplant\u0131ya gelip ellerindeki silahlar\u0131 masaya b\u0131rak\u0131p, zorla demokratik \u00f6zerklik ilan ettiklerine dair haberler \u00e7\u0131k\u0131yor. H\u00fck\u00fcmete yak\u0131n bir gazetenin bu haberi yapt\u0131\u011f\u0131n\u0131 \u00f6\u011frendi\u011fimizde \u015fok olduk. Haberin kayna\u011f\u0131n\u0131 a\u00e7\u0131klasalar belki daha net konu\u015furuz. Se\u00e7imlerde 2 milyondan fazla insan\u0131n demokratik \u00f6zerkli\u011fe destek verdi\u011fi g\u00fcn gibi a\u015fikar ve ortadayken halen meseleyi \u00e7arp\u0131tmaya \u00e7al\u0131\u015f\u0131yorlar.&#8221;<\/p>\n<p style=\"text-align: justify;\"><a href=\"http:\/\/www.ntvmsnbc.com\/id\/25238987\/\" target=\"_blank\">Kaynak : NTVMSNBC<\/a><\/p>\n","protected":false},"excerpt":{"rendered":"<p style=\"text-align: justify;\">\n<p style=\"text-align: justify;\">BDP Grup Ba\u015fkan\u0131, 31 y\u0131ll\u0131k s\u00fcrg\u00fcn\u00fcn ard\u0131ndan T\u00fcrkiye&#8217;ye d\u00f6nen Kemal Burkay&#8217;a seslendi: Bakanlar taraf\u0131ndan kar\u015f\u0131lanmay\u0131 hayra yormamal\u0131.<\/p>\n<p style=\"text-align: justify;\">VAN &#8211; BDP Grup Ba\u015fkan\u0131 Selahattin Demirta\u015f&#8217;\u0131n g\u00fcndeminde, yeni anayasa \u00e7al\u0131\u015fmalar\u0131, YA\u015e&#8217;a getirilen yeni d\u00fczenleme, demokratik \u00f6zerkli\u011fin ilan\u0131yla ilgili bas\u0131nda \u00e7\u0131kan haberler ve Kemal Burkay&#8217;\u0131n T\u00fcrkiye&#8217;ye d\u00f6n\u00fc\u015f\u00fc vard\u0131. <\/p>\n","protected":false},"author":1,"featured_media":0,"comment_status":"open","ping_status":"open","sticky":false,"template":"","format":"standard","meta":{"footnotes":""},"categories":[105],"tags":[],"class_list":["post-37808","post","type-post","status-publish","format-standard","hentry","category-gundem","odd"],"_links":{"self":[{"href":"http:\/\/www.korhanyilmaz.com\/index.php?rest_route=\/wp\/v2\/posts\/37808","targetHints":{"allow":["GET"]}}],"collection":[{"href":"http:\/\/www.korhanyilmaz.com\/index.php?rest_route=\/wp\/v2\/posts"}],"about":[{"href":"http:\/\/www.korhanyilmaz.com\/index.php?rest_route=\/wp\/v2\/types\/post"}],"author":[{"embeddable":true,"href":"http:\/\/www.korhanyilmaz.com\/index.php?rest_route=\/wp\/v2\/users\/1"}],"replies":[{"embeddable":true,"href":"http:\/\/www.korhanyilmaz.com\/index.php?rest_route=%2Fwp%2Fv2%2Fcomments&post=37808"}],"version-history":[{"count":0,"href":"http:\/\/www.korhanyilmaz.com\/index.php?rest_route=\/wp\/v2\/posts\/37808\/revisions"}],"wp:attachment":[{"href":"http:\/\/www.korhanyilmaz.com\/index.php?rest_route=%2Fwp%2Fv2%2Fmedia&parent=37808"}],"wp:term":[{"taxonomy":"category","embeddable":true,"href":"http:\/\/www.korhanyilmaz.com\/index.php?rest_route=%2Fwp%2Fv2%2Fcategories&post=37808"},{"taxonomy":"post_tag","embeddable":true,"href":"http:\/\/www.korhanyilmaz.com\/index.php?rest_route=%2Fwp%2Fv2%2Ftags&post=37808"}],"curies":[{"name":"wp","href":"https:\/\/api.w.org\/{rel}","templated":true}]}}