{"id":37803,"date":"2011-08-05T17:24:06","date_gmt":"2011-08-05T14:24:06","guid":{"rendered":"http:\/\/www.korhanyilmaz.com\/?p=37803"},"modified":"2011-08-06T02:25:24","modified_gmt":"2011-08-05T23:25:24","slug":"danistaydan-kadir-topbas%e2%80%99a-kotu-haber","status":"publish","type":"post","link":"http:\/\/www.korhanyilmaz.com\/?p=37803","title":{"rendered":"Dan\u0131\u015ftay&#8217;dan Kadir Topba\u015f\u2019a k\u00f6t\u00fc haber"},"content":{"rendered":"<p style=\"text-align: justify;\"><a href=\"http:\/\/www.korhanyilmaz.com\/wp-content\/uploads\/2011\/08\/3036.jpg\"  class=\"lightview\"><img loading=\"lazy\" decoding=\"async\" class=\"aligncenter size-full wp-image-37804\" title=\"\" src=\"http:\/\/www.korhanyilmaz.com\/wp-content\/uploads\/2011\/08\/3036.jpg\" alt=\"\" width=\"343\" height=\"257\" \/><\/a><\/p>\n<p style=\"text-align: justify;\">Dan\u0131\u015ftay\u2019\u0131n metrob\u00fcs al\u0131m\u0131yla ilgili \u0130stanbul B\u00fcy\u00fck\u015fehir Belediye Ba\u015fkan\u0131 Kadir Topba\u015f hakk\u0131nda soru\u015fturma izni verilmemesi y\u00f6n\u00fcndeki bakanl\u0131k karar\u0131n\u0131 kald\u0131rd\u0131\u011f\u0131 \u00f6\u011frenildi.<\/p>\n<p style=\"text-align: justify;\">ANKARA &#8211; CHP Genel Ba\u015fkan Yard\u0131mc\u0131s\u0131 Volkan Canalio\u011flu, yaz\u0131l\u0131 a\u00e7\u0131klamas\u0131nda, CHP Parti Meclisi \u00dcyesi Hakk\u0131 Sa\u011flam&#8217;\u0131n &#8221;\u0130ETT Genel M\u00fcd\u00fcrl\u00fc\u011f\u00fcnce gerekli ko\u015fullar sa\u011flanmadan tek firmadan teklif al\u0131narak ihale yap\u0131lmaks\u0131z\u0131n, 50 adet lastik tekerlekli tramvay al\u0131m\u0131na g\u00f6z yumdu\u011fu&#8221; gerek\u00e7esiyle \u0130stanbul B\u00fcy\u00fck\u015fehir Belediye Ba\u015fkan\u0131 Kadir Topba\u015f hakk\u0131nda soru\u015fturma yap\u0131lmas\u0131n\u0131 istedi\u011fini hat\u0131rlatt\u0131. <!--more--><\/p>\n<p style=\"text-align: justify;\">Volkan Canalio\u011flu, \u0130\u00e7i\u015fleri Bakanl\u0131\u011f\u0131\u2019n\u0131n soru\u015fturma izni vermedi\u011fini ifade etti.<\/p>\n<p style=\"text-align: justify;\">Sa\u011flam&#8217;\u0131n bunun \u00fczerine Dan\u0131\u015ftaya ba\u015fvurarak, \u0130\u00e7i\u015fleri Bakanl\u0131\u011f\u0131n\u0131n soru\u015fturmaya izin vermeyen karar\u0131n\u0131n kald\u0131r\u0131lmas\u0131n\u0131 istedi\u011fini belirten Canalio\u011flu, \u015funlar\u0131 s\u00f6yledi:<\/p>\n<p style=\"text-align: justify;\">&#8221;Dan\u0131\u015ftay 1. Dairesi ba\u015fvuruyu de\u011ferlendirerek, \u0130stanbul B\u00fcy\u00fck\u015fehir Belediye Ba\u015fkan\u0131 Kadir Topba\u015f hakk\u0131nda isnat edilen eylemin, hakk\u0131nda soru\u015fturma yap\u0131lmas\u0131n\u0131 gerektirecek nitelikte oldu\u011funu belirterek \u0130\u00e7i\u015fleri Bakanl\u0131\u011f\u0131n\u0131n soru\u015fturmaya izin vermeyen karar\u0131n\u0131 kald\u0131rd\u0131. Dan\u0131\u015ftay bu karar\u0131n bir \u00f6rne\u011fini \u0130stanbul Cumhuriyet Savc\u0131l\u0131\u011f\u0131na, bir \u00f6rne\u011fini de \u0130\u00e7i\u015flerine Bakanl\u0131\u011f\u0131na g\u00f6nderdi.\u201d<\/p>\n<p style=\"text-align: justify;\">\u00d6te yandan Dan\u0131\u015ftay&#8217;\u0131n karar metni CHP&#8217;nin resmi internet sitesi \u00fczerinden yay\u0131mland\u0131.<\/p>\n<p style=\"text-align: justify;\"><a href=\"http:\/\/www.ntvmsnbc.com\/id\/25238962\/\" target=\"_blank\">Kaynak : NTVMSNBC<\/a><\/p>\n","protected":false},"excerpt":{"rendered":"<p style=\"text-align: justify;\">\n<p style=\"text-align: justify;\">Dan\u0131\u015ftay\u2019\u0131n metrob\u00fcs al\u0131m\u0131yla ilgili \u0130stanbul B\u00fcy\u00fck\u015fehir Belediye Ba\u015fkan\u0131 Kadir Topba\u015f hakk\u0131nda soru\u015fturma izni verilmemesi y\u00f6n\u00fcndeki bakanl\u0131k karar\u0131n\u0131 kald\u0131rd\u0131\u011f\u0131 \u00f6\u011frenildi.<\/p>\n<p style=\"text-align: justify;\">ANKARA &#8211; CHP Genel Ba\u015fkan Yard\u0131mc\u0131s\u0131 Volkan Canalio\u011flu, yaz\u0131l\u0131 a\u00e7\u0131klamas\u0131nda, CHP Parti Meclisi \u00dcyesi Hakk\u0131 Sa\u011flam&#8217;\u0131n &#8221;\u0130ETT Genel M\u00fcd\u00fcrl\u00fc\u011f\u00fcnce gerekli ko\u015fullar sa\u011flanmadan tek firmadan teklif al\u0131narak ihale yap\u0131lmaks\u0131z\u0131n, 50 <\/p>\n","protected":false},"author":1,"featured_media":0,"comment_status":"open","ping_status":"open","sticky":false,"template":"","format":"standard","meta":{"footnotes":""},"categories":[105],"tags":[],"class_list":["post-37803","post","type-post","status-publish","format-standard","hentry","category-gundem","odd"],"_links":{"self":[{"href":"http:\/\/www.korhanyilmaz.com\/index.php?rest_route=\/wp\/v2\/posts\/37803","targetHints":{"allow":["GET"]}}],"collection":[{"href":"http:\/\/www.korhanyilmaz.com\/index.php?rest_route=\/wp\/v2\/posts"}],"about":[{"href":"http:\/\/www.korhanyilmaz.com\/index.php?rest_route=\/wp\/v2\/types\/post"}],"author":[{"embeddable":true,"href":"http:\/\/www.korhanyilmaz.com\/index.php?rest_route=\/wp\/v2\/users\/1"}],"replies":[{"embeddable":true,"href":"http:\/\/www.korhanyilmaz.com\/index.php?rest_route=%2Fwp%2Fv2%2Fcomments&post=37803"}],"version-history":[{"count":0,"href":"http:\/\/www.korhanyilmaz.com\/index.php?rest_route=\/wp\/v2\/posts\/37803\/revisions"}],"wp:attachment":[{"href":"http:\/\/www.korhanyilmaz.com\/index.php?rest_route=%2Fwp%2Fv2%2Fmedia&parent=37803"}],"wp:term":[{"taxonomy":"category","embeddable":true,"href":"http:\/\/www.korhanyilmaz.com\/index.php?rest_route=%2Fwp%2Fv2%2Fcategories&post=37803"},{"taxonomy":"post_tag","embeddable":true,"href":"http:\/\/www.korhanyilmaz.com\/index.php?rest_route=%2Fwp%2Fv2%2Ftags&post=37803"}],"curies":[{"name":"wp","href":"https:\/\/api.w.org\/{rel}","templated":true}]}}