{"id":37794,"date":"2011-08-05T19:51:36","date_gmt":"2011-08-05T16:51:36","guid":{"rendered":"http:\/\/www.korhanyilmaz.com\/?p=37794"},"modified":"2011-08-06T02:43:15","modified_gmt":"2011-08-05T23:43:15","slug":"yeni-genelkurmay-baskani-savas-suclusu-mu","status":"publish","type":"post","link":"http:\/\/www.korhanyilmaz.com\/?p=37794","title":{"rendered":"Yeni Genelkurmay Ba\u015fkan\u0131 sava\u015f su\u00e7lusu mu?"},"content":{"rendered":"<p style=\"text-align: justify;\"><a href=\"http:\/\/www.korhanyilmaz.com\/wp-content\/uploads\/2011\/08\/3033.jpg\"  class=\"lightview\"><img loading=\"lazy\" decoding=\"async\" class=\"aligncenter size-full wp-image-37795\" src=\"http:\/\/www.korhanyilmaz.com\/wp-content\/uploads\/2011\/08\/3033.jpg\" alt=\"\" width=\"383\" height=\"269\" \/><\/a><\/p>\n<p style=\"text-align: justify;\">T\u00fcrk Silahl\u0131 Kuvvetleri\u2019nin bir numaral\u0131 komuta mevkiine Orgeneral Necdet \u00d6zel\u2019in atand\u0131\u011f\u0131 haberinin geldi\u011fi s\u0131ralarda, Alman bas\u0131n\u0131ndan T\u00fcrkiye\u2019nin yeni genelkurmay ba\u015fkan\u0131yla ilgili ge\u00e7mi\u015fte sava\u015f su\u00e7u i\u015fledi\u011fine dair bir iddia geldi. \u00c7ok ge\u00e7meden iddialar\u0131n kayna\u011f\u0131n\u0131n Alman Sol Partisi milletvekillerinin a\u00e7\u0131klamas\u0131 oldu\u011fu anla\u015f\u0131ld\u0131.<!--more--><\/p>\n<p style=\"text-align: justify;\">\u00d6nceki g\u00fcn yeni genelkurmay ba\u015fkan\u0131 se\u00e7imiyle ilgili bir ortak bas\u0131n a\u00e7\u0131klamas\u0131 yapan Almanya Sol Parti Federal Parlamento ve Eyalet Parlamentosu milletvekilleri yeni genelkurmay ba\u015fkan\u0131 atanaca\u011f\u0131 a\u00e7\u0131klanan Necdet \u00d6zel\u2019in PKK ile m\u00fccadelede daha \u00f6nce zehirli gaz kullanma emri vermi\u015f biri ve \u201csava\u015f su\u00e7u \u015f\u00fcphelisi oldu\u011funu\u201d ileri s\u00fcrm\u00fc\u015ft\u00fc. Milletvekillerinin a\u00e7\u0131klamas\u0131nda Ba\u015fbakan Erdo\u011fan\u2019\u0131n bu tutumuyla, orduyu demokratikle\u015ftirmeyip, aksine K\u00fcrt sorununda \u00e7\u00f6z\u00fcms\u00fczl\u00fc\u011f\u00fc savundu\u011funu iddia ediliyordu.<\/p>\n<p style=\"text-align: justify;\">Ortak a\u00e7\u0131klamaya imza atan Almanya Sol Parti Federal Parlamento Milletvekillerinin isimleri \u015f\u00f6yle: Ulla Jelpke, Andrej Hunko, Heidrun Dittrich, Ingrid Remmers ve Harald Weinberg. Eyalet Milletvekillileri ise \u015funlar: B\u00e4rbel Beuermann, Barbara Cardenas ve Cansu \u00d6zdemir. Ayr\u0131ca a\u00e7\u0131klamada Sol Parti A\u015fa\u011f\u0131 Saksonya Eyalet Ba\u015fkan\u0131 Y\u0131lmaz Kaba ve \u00d6zg\u00fcr G\u00fcndem k\u00f6\u015fe yazar\u0131 Murat \u00c7ak\u0131r\u2019\u0131n da imzas\u0131 bulunuyor. Sol Partililer Ba\u015fbakan Erdo\u011fan\u2019a \u201cSava\u015f su\u00e7u i\u015fledi\u011fi iddia edilen bir generalle K\u00fcrt sorunu \u00e7\u00f6z\u00fclmez\u201d \u00e7a\u011fr\u0131s\u0131 yapt\u0131. A\u00e7\u0131klaman\u0131n tam metni milletvekillerinin internet sitelerinde g\u00f6r\u00fclebildi\u011fi gibi, a\u00e7\u0131klamaya Alman bas\u0131n\u0131 da yer verdi.<\/p>\n<p style=\"text-align: justify;\">Sol Partililerin a\u00e7\u0131klamas\u0131 k\u0131saca \u015f\u00f6yle: \u201cAtanaca\u011f\u0131 a\u00e7\u0131klanan genelkurmay ba\u015fkan\u0131 zehirli gaz emri vermi\u015fti. E\u011fer T\u00fcrk Ordusu ger\u00e7ekten General Necdet \u00d6zel\u2019i genelkurmay ba\u015fkanl\u0131\u011f\u0131na getiriyorsa, b\u00f6ylelikle bir \u201c\u015f\u00fcpheli sava\u015f su\u00e7lusu\u201d ordunun en ba\u015f\u0131na gelmi\u015f olacak. Bu durum iddia edilen T\u00fcrk ordusunun demokratikle\u015ftirilmesine \u0131\u015f\u0131k tutuyor. T\u00fcrk Ba\u015fbakan Erdo\u011fan, orduyu sertlik yanl\u0131lar\u0131n\u0131n eline b\u0131rak\u0131yorsa, K\u00fcrt sorununun bar\u0131\u015f\u00e7\u0131l \u00e7\u00f6z\u00fcm\u00fcn\u00fc de engellemi\u015f olmaktad\u0131r.<\/p>\n<p style=\"text-align: justify;\">Bu zamana kadar \u00d6zel taraf\u0131ndan y\u00f6netilen jandarma sadece K\u00fcrt b\u00f6lgesindeki \u00f6l\u00fcm, i\u015fkence ve \u015fiddetten sorumlu de\u011fil. \u00d6zel ki\u015fisel olarak 1999 y\u0131l\u0131nda K\u00fcrt gerillalar\u0131na kar\u015f\u0131 kimyasal silah kullan\u0131lmas\u0131n\u0131 da komuta etmi\u015fti. \u201d<\/p>\n<p style=\"text-align: justify;\"><strong>20 PKK\u2019L\u0130 K\u0130MYASALLA \u00d6LD\u00dcR\u00dcLD\u00dc \u0130DD\u0130ASI<\/strong><\/p>\n<p style=\"text-align: justify;\">Sol Partililer, Necdet \u00d6zel\u2019in \u201csava\u015f su\u00e7u i\u015flemi\u015f oldu\u011fu \u201c\u015f\u00fcphesini \u015fu gerek\u00e7elerle dillendiriyor. 11 May\u0131s 1999\u2019da \u015e\u0131rnak&#8217;\u0131n Silopi \u0130l\u00e7esi&#8217;ne ba\u011fl\u0131 Ball\u0131kaya (Bilika) K\u00f6y\u00fc yak\u0131nlar\u0131nda \u00e7\u0131kan \u00e7at\u0131\u015fmada 20 PKK\u2019li ya\u015fam\u0131n\u0131 yitirmi\u015fti. \u00c7at\u0131\u015fmaya kat\u0131lan bir asker taraf\u0131ndan s\u0131zd\u0131r\u0131lan g\u00f6r\u00fcnt\u00fcler ge\u00e7ti\u011fimiz g\u00fcnlerde hem Roj TV\u2019de hem ANF\u2019de \u201cordu ve jandarma PKK gerillalar\u0131na kar\u015f\u0131 kimyasal silah kullanm\u0131\u015f\u201d i\u00e7eri\u011fiyle yay\u0131nlad\u0131.<\/p>\n<p style=\"text-align: justify;\">Milletvekillerinin a\u00e7\u0131klamalar\u0131na da ekledikleri ve youtube\u2019dan izlenebilen g\u00f6r\u00fcnt\u00fclerde operasyonun yeni Genelkurmay Ba\u015fkan\u0131 olaca\u011f\u0131 a\u00e7\u0131klanan Necdet \u00d6zel taraf\u0131ndan komuta edildi\u011fi g\u00f6r\u00fcl\u00fcyor. Operasyonda kimyasal gaz kullan\u0131ld\u0131\u011f\u0131 iddias\u0131 \u00e7at\u0131\u015fman\u0131n ya\u015fand\u0131\u011f\u0131 d\u00f6nemde Demokratik Sosyalizm Partisi (PDS) taraf\u0131ndan Alman meclisinin g\u00fcndemine getirilmi\u015fti. DPS daha sonra ba\u015fka grupla birle\u015ferek Sol Parti ad\u0131n\u0131 ald\u0131 ve ilgilendikleri konuyla fikri takip yapm\u0131\u015f oldular.<\/p>\n<p style=\"text-align: justify;\">A\u00e7\u0131klamada Billika\u2019daki katliam\u0131n Federal Meclis\u2019in PDS\u2019li \u00fcyesi Ulla Jelpke taraf\u0131ndan g\u00fcndeme getirildi\u011fi belirtilerek, 2010 y\u0131l\u0131nda ise yine T\u00fcrkiye\u2019de PKK ile m\u00fccadelede kimyasal kullan\u0131lmas\u0131na ili\u015fkin verilen soru \u00f6nergesine Alman h\u00fck\u00fcmetinin \u015fu yan\u0131t\u0131 verdi\u011fi hat\u0131rlat\u0131ld\u0131: \u201cT\u00fcrkiye ile 29 Nisan 1997\u2019de y\u00fcr\u00fcrl\u00fc\u011fe giren ve kimyasal silahlar\u0131 yasaklayan anla\u015fma imzaland\u0131.\u201d BirG\u00fcn Almanya<\/p>\n<p style=\"text-align: justify;\"><strong>K\u0130MYASAL SALDIRININ G\u00d6R\u00dcNT\u00dcLER\u0130<\/strong><\/p>\n<p style=\"text-align: justify;\">Sol Partililer a\u00e7\u0131klaman\u0131n alt\u0131na, hem g\u00f6r\u00fcnt\u00fcleri hem de Firat News\u2019te yay\u0131nlanan haberin linkini koydu. Linkler Milletvekili Andrej Hunko\u2019nun internet sitesinde de izlenebiliyor. Linkler \u015funlar: \u00d6zel\u2019in zehirli gaz kullanma emri verdi\u011fi\u201d iddia edilen g\u00f6r\u00fcnt\u00fc:<\/p>\n<p style=\"text-align: justify;\"><a href=\"http:\/\/www.youtube.com\/watch?v=qqPhbs3rNZo&amp;feature=player_embedded\" target=\"_blank\">http:\/\/www.youtube.com\/watch?v=qqPhbs3rNZo&amp;feature=player_embedded<\/a><\/p>\n<p style=\"text-align: justify;\"><span style=\"color: #888888;\">Konuyla ilgili firatnews\u2019in haberi:<\/span>\u00a0<a href=\"http:\/\/www.firatnews.com\/index.php?rupel=nuce&amp;nuceID=47480\" target=\"_blank\">http:\/\/www.firatnews.com\/index.php?rupel=nuce&amp;nuceID=47480 <\/a><\/p>\n<p style=\"text-align: justify;\"><a href=\"http:\/\/www.birgun.net\/politics_index.php?news_code=1312533389&amp;year=2011&amp;month=08&amp;day=05\" target=\"_blank\">Kaynak : B\u0130RG\u00dcN &#8211; ALMANYA<\/a><\/p>\n","protected":false},"excerpt":{"rendered":"<p style=\"text-align: justify;\">\n<p style=\"text-align: justify;\">T\u00fcrk Silahl\u0131 Kuvvetleri\u2019nin bir numaral\u0131 komuta mevkiine Orgeneral Necdet \u00d6zel\u2019in atand\u0131\u011f\u0131 haberinin geldi\u011fi s\u0131ralarda, Alman bas\u0131n\u0131ndan T\u00fcrkiye\u2019nin yeni genelkurmay ba\u015fkan\u0131yla ilgili ge\u00e7mi\u015fte sava\u015f su\u00e7u i\u015fledi\u011fine dair bir iddia geldi. \u00c7ok ge\u00e7meden iddialar\u0131n kayna\u011f\u0131n\u0131n Alman Sol Partisi milletvekillerinin a\u00e7\u0131klamas\u0131 oldu\u011fu anla\u015f\u0131ld\u0131.<\/p>\n","protected":false},"author":1,"featured_media":0,"comment_status":"open","ping_status":"open","sticky":false,"template":"","format":"standard","meta":{"footnotes":""},"categories":[105],"tags":[],"class_list":["post-37794","post","type-post","status-publish","format-standard","hentry","category-gundem","odd"],"_links":{"self":[{"href":"http:\/\/www.korhanyilmaz.com\/index.php?rest_route=\/wp\/v2\/posts\/37794","targetHints":{"allow":["GET"]}}],"collection":[{"href":"http:\/\/www.korhanyilmaz.com\/index.php?rest_route=\/wp\/v2\/posts"}],"about":[{"href":"http:\/\/www.korhanyilmaz.com\/index.php?rest_route=\/wp\/v2\/types\/post"}],"author":[{"embeddable":true,"href":"http:\/\/www.korhanyilmaz.com\/index.php?rest_route=\/wp\/v2\/users\/1"}],"replies":[{"embeddable":true,"href":"http:\/\/www.korhanyilmaz.com\/index.php?rest_route=%2Fwp%2Fv2%2Fcomments&post=37794"}],"version-history":[{"count":0,"href":"http:\/\/www.korhanyilmaz.com\/index.php?rest_route=\/wp\/v2\/posts\/37794\/revisions"}],"wp:attachment":[{"href":"http:\/\/www.korhanyilmaz.com\/index.php?rest_route=%2Fwp%2Fv2%2Fmedia&parent=37794"}],"wp:term":[{"taxonomy":"category","embeddable":true,"href":"http:\/\/www.korhanyilmaz.com\/index.php?rest_route=%2Fwp%2Fv2%2Fcategories&post=37794"},{"taxonomy":"post_tag","embeddable":true,"href":"http:\/\/www.korhanyilmaz.com\/index.php?rest_route=%2Fwp%2Fv2%2Ftags&post=37794"}],"curies":[{"name":"wp","href":"https:\/\/api.w.org\/{rel}","templated":true}]}}