{"id":37766,"date":"2011-08-04T12:31:51","date_gmt":"2011-08-04T09:31:51","guid":{"rendered":"http:\/\/www.korhanyilmaz.com\/?p=37766"},"modified":"2011-08-05T01:51:12","modified_gmt":"2011-08-04T22:51:12","slug":"yas%e2%80%99in-7-sifresi","status":"publish","type":"post","link":"http:\/\/www.korhanyilmaz.com\/?p=37766","title":{"rendered":"YA\u015e\u2019\u0131n 7 \u015fifresi"},"content":{"rendered":"<p style=\"text-align: center;\"><a href=\"http:\/\/www.korhanyilmaz.com\/wp-content\/uploads\/2011\/08\/3031.jpg\"  class=\"lightview\"><img loading=\"lazy\" decoding=\"async\" class=\"aligncenter size-full wp-image-37767\" src=\"http:\/\/www.korhanyilmaz.com\/wp-content\/uploads\/2011\/08\/3031.jpg\" alt=\"\" width=\"462\" height=\"210\" \/><\/a><\/p>\n<p style=\"text-align: justify;\">Kalyoncu&#8217;nun \u00f6n\u00fc a\u00e7\u0131ld\u0131; Hasdal Komutan\u0131 Orgeneral oldu; \u00fc\u00e7 tercih de piyade s\u0131n\u0131f\u0131ndan; tutuklulukta askerin dedi\u011fi oldu; Orgeneral G\u00fcner istifa edebilir; Hava&#8217;ya bir y\u0131ll\u0131k komutan; 1. Ordu&#8217;da s\u00fcrpriz&#8230;<\/p>\n<p style=\"text-align: justify;\">ANKARA- Y\u00fcksek Askeri \u015euran\u0131n 4 g\u00fcn s\u00fcren \u00e7al\u0131\u015fmalar\u0131 tamamland\u0131 ve yeni komutanlar belli oldu. Terfiler de \u015fekillenirken Kara kuvvetlerine \u00fc\u00e7 yeni Orgeneral, Deniz Kuvvetlerine bir yeni Oramiral geldi. Genelkurmay Ba\u015fkan\u0131 Necdet \u00d6zel olurken, Hava, Kara, Deniz Kuvvetleri Komutanlar\u0131 ve Jandarma Genel Komutan\u0131 de\u011fi\u015fti.\u00a0<!--more--><\/p>\n<p style=\"text-align: justify;\">YA\u015e\u2019ta al\u0131nan kararlar bir\u00e7ok ilki de beraberinde getirdi. Baz\u0131 komutanlara ileride Genelkurmay Ba\u015fkanl\u0131\u011f\u0131 yolu a\u00e7\u0131ld\u0131. Kara\u2019da Orgeneralli\u011fe terfi eden \u00fc\u00e7 ismin de Piyade s\u0131n\u0131f\u0131ndan olmas\u0131 dikkat \u00e7ekti. Terfi ve atamalarda TSK\u2019da, 2011-2019 y\u0131llar\u0131 aras\u0131ndaki Genelkurmay Ba\u015fkanl\u0131\u011f\u0131 yapacak isimler de b\u00fcy\u00fck oranda netle\u015fti. YA\u015e kararlar\u0131n\u0131n ayr\u0131nt\u0131lar\u0131 \u015f\u00f6yle:<\/p>\n<p style=\"text-align: justify;\"><strong>KALYONCU\u2019 NUN \u00d6N\u00dc A\u00c7ILDI<\/strong><\/p>\n<p style=\"text-align: justify;\">Jandarma Genel Komutanl\u0131\u011f\u0131 g\u00f6revine getirilen Kara Kuvvetleri Kurmay Ba\u015fkan\u0131 Orgeneral Bekir Kalyoncu\u2019nun \u00f6n\u00fc a\u00e7\u0131ld\u0131. 2 y\u0131l bu g\u00f6reve kalmas\u0131 beklenen Kalyoncu, 2013\u2019de bo\u015falacak olan Kara Kuvvetleri Komutanl\u0131\u011f\u0131n\u0131n en g\u00fc\u00e7l\u00fc ismi oldu. Kalyoncu, 2013\u2019de Kara Kuvvetleri Komutan\u0131 olursa, 2015\u2019de de bo\u015falacak olan Genelkurmay Ba\u015fkanl\u0131\u011f\u0131 koltu\u011funa oturabilecek ve 29. Genelkurmay Ba\u015fkan\u0131 olarak 2 y\u0131l g\u00f6rev yapabilecek.<\/p>\n<p style=\"text-align: justify;\"><strong>HASDAL KOMUTANI ORGENERAL<\/strong><\/p>\n<p style=\"text-align: justify;\">Kara kuvvetlerinde Korgenerallikten Orgeneral r\u00fctbesine terfi eden isimlerden biri olan 3. Ordu Komutan\u0131 Hulusi Akar\u2019\u0131n sorumlulu\u011funda, tutuklu general amirallerin oldu\u011fu Hasdal Cezaevi de bulunuyor. 1952 do\u011fumlu ve Harp Okulu 1972 mezunu olan Akar, 4 y\u0131ll\u0131k Orgenerallik g\u00f6revini 2015\u2019de tamamlayacak. 2015\u2019de Kara kuvvetleri Komutanl\u0131\u011f\u0131na atand\u0131\u011f\u0131 taktirde, 2017\u2019de de yeni Genelkurmay Ba\u015fkan\u0131 olarak 2019\u2019a kadar 2 y\u0131l bu g\u00f6revde kalabilecek. Akar Genelkurmay 2. Ba\u015fkan\u0131 oldu.<\/p>\n<p style=\"text-align: justify;\"><strong>\u00dc\u00c7 TERC\u0130H<\/strong><\/p>\n<p style=\"text-align: justify;\">\u00a0Bu sene Kara kuvvetlerinden \u00fc\u00e7 isim Orgeneral oldu. 9 Korgeneral aras\u0131nda bulunan ve and\u0131\u00e7 soru\u015fturmas\u0131nda ad\u0131 ge\u00e7en Genelkurmay \u0130stihbarat Ba\u015fkan\u0131 \u0130smail Hakk\u0131 Pekin\u2019e bir y\u0131l temdit verilirken Korgeneraller 3. Kolordu komutan\u0131 Hulusi Akar, 5. Kolordu Komutan\u0131 Ahmet Turmu\u015f ve Genelkurmay ATASE Ba\u015fkan\u0131 Abdullah Atay Orgeneral oldu. 9 Korgeneral aras\u0131nda en genci olan Kara Kuvvetleri Denetleme Ba\u015fkan\u0131 Ya\u015far Cihans\u0131z ile EDOK M\u0131habere Destek Komutan\u0131 Necati \u00d6zbahad\u0131r emekliye ayr\u0131ld\u0131. Terfi s\u0131ras\u0131nda bulunan ancak tutuklu olan Korkut \u00d6zarslan ile Nejat Bek\u2019e de Korgenerallik r\u00fctbesinde bir y\u0131l temdit verildi. Terfi eden \u00fc\u00e7 yeni Orgeneral de piyade s\u0131n\u0131f\u0131ndan\u2026<\/p>\n<p style=\"text-align: justify;\"><strong>ASKER\u0130N DED\u0130\u011e\u0130 OLDU<\/strong><\/p>\n<p style=\"text-align: justify;\">Halen tutuklu olan ve bu y\u0131lki YA\u015e toplant\u0131s\u0131nda terfi s\u0131ras\u0131nda bulunan 14 general ve amiralle ilgili tart\u0131\u015fmada askerin dedi\u011fi oldu. Aralar\u0131nda iki Korgeneral ve bir Koramiral\u2019in de bulundu\u011fu 14 isme bir y\u0131l temdit verildi. H\u00fck\u00fcmetin emekliliklerini istedi\u011fi bu isimler bulunduklar\u0131 r\u00fctbede kalacak. Gelecek y\u0131lki YA\u015e\u2019ta durumlar\u0131 yeniden de\u011ferlendirilecek ve davalar\u0131 beraatle sonu\u00e7land\u0131\u011f\u0131 taktirde terfi edebilecek.<\/p>\n<p style=\"text-align: justify;\"><strong>B\u0130R YILLIK KOMUTAN<\/strong><\/p>\n<p style=\"text-align: justify;\">\u00a0Hava kuvvetlerine bu y\u0131l Orgeneral olan Mehmet Erten getirildi. Ancak Erten ya\u015f\u0131 dolay\u0131s\u0131yla bir y\u0131l komutanl\u0131k yapabilecek ve gelecek y\u0131l emekli olacak. Hava Kuvvetlerine Korgeneral Abidin \u00dcnal\u2019\u0131n vekaleten getirilme ihtimali bulunuyordu. Ancak asker ve h\u00fck\u00fcmet vekalet sistemini benimsemedi.<\/p>\n<p style=\"text-align: justify;\"><strong>G\u00dcNER \u0130ST\u0130FA EDEB\u0130L\u0130R<\/strong><\/p>\n<p style=\"text-align: justify;\">Mevcut Orgeneraller i\u00e7inde Necdet \u00d6zel\u2019den sonra en k\u0131demli isim olan Sald\u0131ray Berk emekli olurken ikinci en k\u0131demli isim Aslan G\u00fcner ise Harp Akademileri Komutan\u0131 oldu. Hayr\u00fcnnisa G\u00fcl\u2019\u00fcn elini s\u0131kmad\u0131\u011f\u0131 iddias\u0131yla veto edildi\u011fi \u00f6ne s\u00fcr\u00fclen G\u00fcner\u2019in normalde 1. Ordu, ya da Jandarma Genel Komutanl\u0131\u011f\u0131na getirilmesi gerekiyordu. Harp okulu 1967 mezunu olan G\u00fcner, bu durumda gelecek y\u0131l emekli olacak. G\u00fcner\u2019in, hem Kara Kuvvetlerine hem de Jandarma Genel Komutanl\u0131\u011f\u0131na, kendinden k\u0131demsiz bir isim getirildi\u011fi i\u00e7in istifa edebilece\u011fi \u00f6ne s\u00fcr\u00fcl\u00fcyor.<\/p>\n<p style=\"text-align: justify;\"><strong>ARANAN KOMUTAN VE 1. ORDU<\/strong><\/p>\n<p style=\"text-align: justify;\">\u00a0And\u0131\u00e7 soru\u015fturmas\u0131 nedeniyle savc\u0131n\u0131n hakk\u0131nda yakalama karar\u0131 istedi\u011fi Ege Ordu Komutan\u0131 Nusret Ta\u015fdeler, EDOK Komutan\u0131 oldu. Ge\u00e7en y\u0131l 3. Ordu Komutan\u0131 olan bir y\u0131ll\u0131k Orgeneral Yal\u00e7\u0131n Ataman, h\u0131zl\u0131 bir y\u00fckseli\u015f ile \u0130stanbul 1. Ordu Komutanl\u0131\u011f\u0131na getirildi. Yeni Orgenerallerden Hulusi Akar Genelkurmay 2. Ba\u015fkan\u0131, Abdullah Atay Ege Ordu Komutan\u0131, Ahmet Turmu\u015f ise 3. Ordu Komutan\u0131 oldu. Tutuklu olan Orgeneral Bilgin Balanl\u0131\u2019ya yeni g\u00f6rev verilmedi, emekli de edilmedi.<\/p>\n<p style=\"text-align: justify;\"><a href=\"http:\/\/www.gazeteport.com.tr\/haber\/45673\/yas\" target=\"_blank\">Kaynak : Emin \u00d6zg\u00f6n\u00fcl &#8211; GAZETEPORT<\/a><\/p>\n","protected":false},"excerpt":{"rendered":"<p style=\"text-align: center;\">\n<p style=\"text-align: justify;\">Kalyoncu&#8217;nun \u00f6n\u00fc a\u00e7\u0131ld\u0131; Hasdal Komutan\u0131 Orgeneral oldu; \u00fc\u00e7 tercih de piyade s\u0131n\u0131f\u0131ndan; tutuklulukta askerin dedi\u011fi oldu; Orgeneral G\u00fcner istifa edebilir; Hava&#8217;ya bir y\u0131ll\u0131k komutan; 1. Ordu&#8217;da s\u00fcrpriz&#8230;<\/p>\n<p style=\"text-align: justify;\">ANKARA- Y\u00fcksek Askeri \u015euran\u0131n 4 g\u00fcn s\u00fcren \u00e7al\u0131\u015fmalar\u0131 tamamland\u0131 ve yeni komutanlar belli oldu. Terfiler de \u015fekillenirken Kara kuvvetlerine \u00fc\u00e7 yeni <\/p>\n","protected":false},"author":1,"featured_media":0,"comment_status":"open","ping_status":"open","sticky":false,"template":"","format":"standard","meta":{"footnotes":""},"categories":[105],"tags":[],"class_list":["post-37766","post","type-post","status-publish","format-standard","hentry","category-gundem","odd"],"_links":{"self":[{"href":"http:\/\/www.korhanyilmaz.com\/index.php?rest_route=\/wp\/v2\/posts\/37766","targetHints":{"allow":["GET"]}}],"collection":[{"href":"http:\/\/www.korhanyilmaz.com\/index.php?rest_route=\/wp\/v2\/posts"}],"about":[{"href":"http:\/\/www.korhanyilmaz.com\/index.php?rest_route=\/wp\/v2\/types\/post"}],"author":[{"embeddable":true,"href":"http:\/\/www.korhanyilmaz.com\/index.php?rest_route=\/wp\/v2\/users\/1"}],"replies":[{"embeddable":true,"href":"http:\/\/www.korhanyilmaz.com\/index.php?rest_route=%2Fwp%2Fv2%2Fcomments&post=37766"}],"version-history":[{"count":0,"href":"http:\/\/www.korhanyilmaz.com\/index.php?rest_route=\/wp\/v2\/posts\/37766\/revisions"}],"wp:attachment":[{"href":"http:\/\/www.korhanyilmaz.com\/index.php?rest_route=%2Fwp%2Fv2%2Fmedia&parent=37766"}],"wp:term":[{"taxonomy":"category","embeddable":true,"href":"http:\/\/www.korhanyilmaz.com\/index.php?rest_route=%2Fwp%2Fv2%2Fcategories&post=37766"},{"taxonomy":"post_tag","embeddable":true,"href":"http:\/\/www.korhanyilmaz.com\/index.php?rest_route=%2Fwp%2Fv2%2Ftags&post=37766"}],"curies":[{"name":"wp","href":"https:\/\/api.w.org\/{rel}","templated":true}]}}