{"id":37763,"date":"2011-08-04T10:43:07","date_gmt":"2011-08-04T07:43:07","guid":{"rendered":"http:\/\/www.korhanyilmaz.com\/?p=37763"},"modified":"2011-08-05T01:45:50","modified_gmt":"2011-08-04T22:45:50","slug":"orgeneral-ozel-resmen-baskan","status":"publish","type":"post","link":"http:\/\/www.korhanyilmaz.com\/?p=37763","title":{"rendered":"Orgeneral \u00d6zel resmen Ba\u015fkan"},"content":{"rendered":"<p style=\"text-align: justify;\"><a href=\"http:\/\/www.korhanyilmaz.com\/wp-content\/uploads\/2011\/08\/3030.jpg\"  class=\"lightview\"><img loading=\"lazy\" decoding=\"async\" class=\"aligncenter size-full wp-image-37764\" src=\"http:\/\/www.korhanyilmaz.com\/wp-content\/uploads\/2011\/08\/3030.jpg\" alt=\"\" width=\"462\" height=\"210\" \/><\/a><\/p>\n<p style=\"text-align: justify;\">Cumhurba\u015fkan\u0131 G\u00fcl&#8217;\u00fcn e\u015finin elini s\u0131kmad\u0131\u011f\u0131 gerek\u00e7esiyle k\u0131za\u011fa \u00e7ekilece\u011fi ileri s\u00fcr\u00fclen Orgeneral Aslan G\u00fcner Harp Akademileri Komutanl\u0131\u011f\u0131&#8217;na atand\u0131. Ergenekon san\u0131\u011f\u0131 Orgeneral Sald\u0131ray Berk ile &#8220;\u0130rtica ile m\u00fccadele eylem plan\u0131&#8221; san\u0131\u011f\u0131 Albay Dursun \u00c7i\u00e7ek emekli oldu. \u0130nternet and\u0131c\u0131 soru\u015fturmas\u0131nda hakk\u0131nda yakalama karar\u0131 istenen Ege Ordu Komutan\u0131 Orgeneral Nusret Ta\u015fdeler ise Kara Kuvvetleri E\u011fitim ve Doktrin (EDOK) Komutanl\u0131\u011f\u0131\u2019na atand\u0131.<!--more--><\/p>\n<p style=\"text-align: justify;\">ANKARA &#8211; Genelkurmay Ba\u015fkanl\u0131\u011f\u0131 g\u00f6revini vekaleten y\u00fcr\u00fcten Orgeneral Necdet \u00d6zel, bu g\u00f6reve asaleten atand\u0131. Cumhurba\u015fkan\u0131 Abdullah G\u00fcl, Orgeneral \u00d6zel&#8217;in Genelkurmay Ba\u015fkanl\u0131\u011f\u0131na asaleten atanmas\u0131na ili\u015fkin Bakanlar Kurulu karar\u0131n\u0131 imzalad\u0131.<\/p>\n<p style=\"text-align: justify;\">YA\u015e&#8217;ta, 36 general ve amiral bir \u00fcst r\u00fctbeye, 49 albay ise general ve amiralli\u011fe y\u00fckseltilirken, 49 general ve amiralin g\u00f6rev s\u00fcreleri 1 y\u0131l uzat\u0131ld\u0131. YA\u015e kararlar\u0131yla bu y\u0131l r\u00fctbe bekleme s\u00fcresini dolduran 37 general ve amiral kadrosuzluk nedeniyle 30 A\u011fustos 2011 tarihinden ge\u00e7erli olmak \u00fczere, 2 general ise, ya\u015f haddinden 1 Eyl\u00fcl 2011 tarihinden itabaren emekliye ayr\u0131lacaklar. YA\u015e kararlar\u0131na g\u00f6re terfi alan isimler \u015f\u00f6yle:<\/p>\n<p style=\"text-align: justify;\"><strong>KARA KUVVETLER\u0130 KOMUTANLI\u011eI TERF\u0130 L\u0130STES\u0130<\/strong><\/p>\n<p style=\"text-align: justify;\">Korgeneral Hulusi Akar, Korgeneral Abdullah Atay, Korgeneral Ahmet Turmu\u015f orgeneralli\u011fe terfi etti. T\u00fcmgeneraller Tahir Bekiro\u011flu, \u0130smail Serdar Sava\u015f, Y\u0131ld\u0131r\u0131m G\u00fcven\u00e7, \u0130hsan Uyar, Alaeddin \u00d6rsal Korgeneralli\u011fe, Tu\u011fgeneraller Yavuz T\u00fcrkgenci, Tayyar S\u00fcng\u00fc, \u0130shak Ceylan, Erdo\u011fan Akyol, Mete Salt, Sat\u0131 Bahad\u0131r K\u00f6se, Mustafa \u00d6zsoy, G\u00f6kt\u00fcrk G\u00f6kbayrak, \u0130lhan B\u00f6l\u00fck, Ali Do\u011fan \u0130nce, \u0130lyas Bozkurt T\u00fcmgeneralli\u011fe, Albay kadrosundan ise As\u0131m Kocao\u011flu, Lokman Ali Y\u0131lmaz, Kemal Yeni, Mehmet \u015e\u00fckr\u00fc Eken, Hasan Nevzat Ta\u015fdeler, Erhan Uzun, Kemal Ba\u015fak, Mustafa \u0130lter, Bilgehan Saymaz, Mustafa Top\u00e7u, Halil Erkek, Orhan G\u00fcnd\u00fcz, \u015eafak G\u00f6k, Mehmet G\u00f6ktan, Nuri Cank\u0131ymaz, Mehmet Karaday\u0131, Mehmet Di\u015fli, Celalettin Bacanl\u0131, G\u00fcrsel Y\u00fcz, Necdet Tuna, Zeki G\u00fcrcan, Mesut Bedri Usta, Muzaffer \u00d6ztosun tu\u011fgeneralli\u011fe terfi etti.<\/p>\n<p style=\"text-align: justify;\"><strong>DEN\u0130Z KUVVETLER\u0130 KOMUTANLI\u011eI TERF\u0130 L\u0130STES\u0130<\/strong><\/p>\n<p style=\"text-align: justify;\">Koramiral Nusret G\u00fcner Oramiralli\u011fe terfi ederek Donanma Komutan\u0131 oldu\u011fu Deniz Kuvvetleri Komutanl\u0131\u011f\u0131\u2019ndaki atama listesi ise \u015f\u00f6yle olu\u015ftu:<\/p>\n<p style=\"text-align: justify;\">T\u00fcmamiral Veysel K\u00f6sele Koramiralli\u011fe, Tu\u011famiraller Kemallettin G\u00fcr, Hasan \u015e\u00fckr\u00fc Korlu, Emin Sami \u00d6rg\u00fc\u00e7 T\u00fcmamiralli\u011fe, Albaylardan Mustafa Zeki U\u011furlu, Ali Murat Dede, Ayd\u0131n \u015eirin, Hasan Nihat Do\u011fan, Muhittin Elgin, Hayrettin \u0130mren ve Ahmet \u00c7ak\u0131r Tu\u011famiralli\u011fe y\u00fckseltildi.<\/p>\n<p style=\"text-align: justify;\"><strong>HAVA KUVVETLER\u0130 KOMUTANLI\u011eI TERF\u0130 L\u0130STES\u0130<\/strong><\/p>\n<p style=\"text-align: justify;\">Korgeneral Mehmet Erten Orgeneralli\u011fe terfi ederek Hava Kuvvetleri Komutan\u0131 olurken, \u201cT\u00fcmgeneraller Nezih Damc\u0131 ve Mehmet \u00c7etin Korgeneralli\u011fe, Tu\u011fgeneraller Muhittin Fatih Sert, Ziya Cemal Kad\u0131o\u011flu, Ate\u015f Mehmet \u0130rez, Y\u0131lmaz \u00d6zkaya, Atilla \u00d6zk\u00f6k T\u00fcmgeneralli\u011fe, Albaylar Fethi Alpay, Serdar G\u00fclba\u015f, Semih Ko\u015fucuo\u011flu, Atilla Darendeli, Suat Murat Semiz, \u015eaban Umut, U\u011fur Buldu, Koray Uz, Ahmet Cural, \u0130hsan \u00d6zdamar tu\u011fgeneralli\u011fe terfi eden isimler oldu.<\/p>\n<p style=\"text-align: justify;\"><strong>JANDARMA GENEL KOMUTANLI\u011eI TERF\u0130 L\u0130STES\u0130<\/strong><\/p>\n<p style=\"text-align: justify;\">Jandarma Genel Komutanl\u0131\u011f\u0131\u2019na Kara Kuvvetleri Kurmay Ba\u015fkan\u0131 Orgeneral Bekir Kalyoncu&#8217;nun getirildi\u011fi YA\u015e\u2019da jandarmada terfiler \u015f\u00f6yle:<\/p>\n<p style=\"text-align: justify;\">T\u00fcmgeneral \u0130brahim Ya\u015far\u2019\u0131n korgeneralli\u011fe, Tu\u011fgeneraller Ali Lapanta ve Arif \u00c7etin T\u00fcmgeneralli\u011fe, Albaylar Niyazi Ertan Pat\u0131r, Necdet G\u00fcng\u00f6r, Hac\u0131 \u0130lba\u015f, Hac\u0131 Abdullah Do\u011fan tu\u011fgeneralli\u011fe y\u00fckseltildi.<\/p>\n<p style=\"text-align: justify;\"><strong>GATA\u2019NIN TERF\u0130LER\u0130<\/strong><\/p>\n<p style=\"text-align: justify;\">G\u00fclhane Askeri T\u0131p Akademesi\u2019nde terfi edenlerin isimleri ise \u015f\u00f6yle:<\/p>\n<p style=\"text-align: justify;\">Tu\u011fgeneral Sadettin \u00c7etiner T\u00fcmgeneralli\u011fe, Tabip Albaylar Halil \u0130brahim Alt\u0131nsoy, Sait Ba\u011fc\u0131, Mehmet Levhi Ak\u0131n tu\u011fgeneralli\u011fe, Deniz Tabip Albay Cem Tayfun ise Tu\u011famiralli\u011fe terfi etti.<\/p>\n<p style=\"text-align: justify;\"><strong>S\u00dcRE UZATIMI YAPILAN PERSONEL<\/strong><\/p>\n<p style=\"text-align: justify;\">Genelkurmay Ba\u015fkanl\u0131\u011f\u0131&#8217;nca a\u00e7\u0131klanan Y\u00fcksek Askeri \u015eura kararlar\u0131na g\u00f6re, 49 general ve amiralin g\u00f6rev s\u00fcreleri 1 y\u0131l uzat\u0131ld\u0131. Ba\u015fbakan Recep Tayyip Erdo\u011fan\u2019\u0131n ba\u015fkanl\u0131\u011f\u0131nda toplanan YA\u015e\u2019da bu y\u0131l disiplinsizlik ve ahlaki durum nedeniyle TSK ile ili\u015fkisi kesilen personel olmad\u0131.<\/p>\n<p style=\"text-align: justify;\">YA\u015e kararlar\u0131na g\u00f6re s\u00fcre uzat\u0131m\u0131 yap\u0131lan general ve amirallerin listesi \u015f\u00f6yle:<\/p>\n<p style=\"text-align: justify;\"><strong>KARA KUVVETLER\u0130 KOMUTANLI\u011eI<\/strong><\/p>\n<p style=\"text-align: justify;\">\u201cKorgeneraller \u0130smail Hakk\u0131 Pekin, Nejat Bek, \u00d6mer Necati \u00d6zbahad\u0131r, Mustafa Korkut \u00d6zarslan, Galip Mendi, T\u00fcmgeneraller Ahmet Yavuz, Saim Erkal Bekta\u015f, Abdullah Dalay, \u0130hsan Balabanl\u0131, Y\u00fcksel \u00d6ztekin, Berkay Turgut, Ya\u015far Bal, Musa Avsever, \u00d6mer Bayrakl\u0131, Orhan Turfan, Tu\u011fgeneraller Orhan K\u00f6pr\u00fc, Hamza Ko\u00e7yi\u011fit, Mehmet Ali Y\u0131ld\u0131r\u0131m, Kas\u0131m Erdem, As\u0131m B\u00fclent Aker, Levent G\u00f6zkaya, Ersun Altunsoy, \u0130zzet \u00c7eting\u00f6z, Osman \u00dcnl\u00fc, Murat \u00dc\u00e7\u00fcnc\u00fc ve Fevzi \u00c7\u00f6mer\u201d<\/p>\n<p style=\"text-align: justify;\"><strong>DEN\u0130Z KUVVETLER\u0130 KOMUTANLI\u011eI<\/strong><\/p>\n<p style=\"text-align: justify;\">\u201cKoramiral Mehmet Otuzbiro\u011flu, T\u00fcmamiraller Halil \u00d6zko\u00e7, Haydar M\u00fccahit \u015ei\u015flio\u011flu, Atilla Kezek, Tu\u011famiraller Ahmet T\u00fcrkmen, \u0130smail Taylan, Sualp Tayfun At\u0131l\u0131r, Nadir Hakan Erayd\u0131n, Erc\u00fcment Tatl\u0131o\u011flu.\u201d<\/p>\n<p style=\"text-align: justify;\"><strong>HAVA KUVVETLER\u0130 KOMUTANLI\u011eI<\/strong><\/p>\n<p style=\"text-align: justify;\">\u201cKorgeneraller Korcan Pulats\u00fc, Ziya G\u00fcler, T\u00fcmgeneraller Semih Birdo\u011fan, Beyaz\u0131t Karata\u015f, Atilla \u00d6zler, Tu\u011fgeneraller Mustafa \u0130lhan, Ha\u015fmet Cihangir Kadakal.\u201d<\/p>\n<p style=\"text-align: justify;\"><strong>JANDARMA GENEL KOMUTANLI\u011eI<\/strong><\/p>\n<p style=\"text-align: justify;\">\u201cKorgeneral Fikret Demirta\u015f, T\u00fcmgeneral Tunay Bilgen, Tu\u011fgeneraller Ali Ayd\u0131n, \u00dcmit Y\u0131lmaz ve Murat K\u0131rkaya.&#8221;<\/p>\n<p style=\"text-align: justify;\"><strong>GATA<\/strong><\/p>\n<p style=\"text-align: justify;\">\u201cG\u00fclhane Askeri T\u0131p Akademisi\u2019nden Tu\u011fgeneral Yusuf Ziya Yerg\u00f6k ve Tu\u011famiral Okan \u00d6zcan\u2019n\u0131n da g\u00f6rev s\u00fcresi 1 y\u0131l uzat\u0131ld\u0131.\u201d<\/p>\n<p style=\"text-align: justify;\"><strong>SALDIRAY BERK EMEKL\u0130L\u0130\u011e\u0130N\u0130 \u0130STED\u0130<\/strong><\/p>\n<p style=\"text-align: justify;\">Kara Kuvvetleri Komutan\u0131 olabilecekken emeklili\u011fini isteyen Org. Sald\u0131ray Berk, kamuoyunda en \u00e7ok tart\u0131\u015f\u0131lan komutanlardan. Berk&#8217;in ismi Erzincan&#8217;daki Ergenekon iddianamesinde san\u0131k olarak ge\u00e7iyor. Berk hakk\u0131nda, &#8216;\u0130rtica ile M\u00fccadele Eylem Plan\u0131n\u0131&#8217; Erzincan&#8217;da uygulad\u0131klar\u0131 iddias\u0131yla 7.5 ila 15 y\u0131l aras\u0131nda hapis cezas\u0131 istemiyle dava a\u00e7\u0131lm\u0131\u015ft\u0131.<\/p>\n<p style=\"text-align: justify;\">Ayr\u0131ca Org. Berk\u2019e, Erzincan&#8217;\u0131n Kemaliye il\u00e7esine ba\u011fl\u0131 Ba\u015fba\u011flar k\u00f6y\u00fcn\u00fc ziyaretinde Ba\u015fbakan Erdo\u011fan&#8217;a hakaret i\u00e7eren ifadeler kulland\u0131\u011f\u0131 gerek\u00e7esiyle soru\u015fturma ba\u015flat\u0131lm\u0131\u015ft\u0131. Halen devam eden bir davada Berk i\u00e7in Ba\u015fbakan Recep Tayyip Erdo\u011fan&#8217;a hakaret etti\u011fi iddias\u0131 ile 2.5 y\u0131l hapis cezas\u0131 isteniyor.<\/p>\n<p style=\"text-align: justify;\"><a href=\"http:\/\/www.gazeteport.com.tr\/haber\/45647\/yas_imzaya_kaldi\" target=\"_blank\">Kaynak : GAZETEPORT<\/a><\/p>\n","protected":false},"excerpt":{"rendered":"<p style=\"text-align: justify;\">\n<p style=\"text-align: justify;\">Cumhurba\u015fkan\u0131 G\u00fcl&#8217;\u00fcn e\u015finin elini s\u0131kmad\u0131\u011f\u0131 gerek\u00e7esiyle k\u0131za\u011fa \u00e7ekilece\u011fi ileri s\u00fcr\u00fclen Orgeneral Aslan G\u00fcner Harp Akademileri Komutanl\u0131\u011f\u0131&#8217;na atand\u0131. Ergenekon san\u0131\u011f\u0131 Orgeneral Sald\u0131ray Berk ile &#8220;\u0130rtica ile m\u00fccadele eylem plan\u0131&#8221; san\u0131\u011f\u0131 Albay Dursun \u00c7i\u00e7ek emekli oldu. \u0130nternet and\u0131c\u0131 soru\u015fturmas\u0131nda hakk\u0131nda yakalama karar\u0131 istenen Ege Ordu Komutan\u0131 Orgeneral Nusret Ta\u015fdeler ise Kara Kuvvetleri <\/p>\n","protected":false},"author":1,"featured_media":0,"comment_status":"open","ping_status":"open","sticky":false,"template":"","format":"standard","meta":{"footnotes":""},"categories":[105],"tags":[],"class_list":["post-37763","post","type-post","status-publish","format-standard","hentry","category-gundem","odd"],"_links":{"self":[{"href":"http:\/\/www.korhanyilmaz.com\/index.php?rest_route=\/wp\/v2\/posts\/37763","targetHints":{"allow":["GET"]}}],"collection":[{"href":"http:\/\/www.korhanyilmaz.com\/index.php?rest_route=\/wp\/v2\/posts"}],"about":[{"href":"http:\/\/www.korhanyilmaz.com\/index.php?rest_route=\/wp\/v2\/types\/post"}],"author":[{"embeddable":true,"href":"http:\/\/www.korhanyilmaz.com\/index.php?rest_route=\/wp\/v2\/users\/1"}],"replies":[{"embeddable":true,"href":"http:\/\/www.korhanyilmaz.com\/index.php?rest_route=%2Fwp%2Fv2%2Fcomments&post=37763"}],"version-history":[{"count":0,"href":"http:\/\/www.korhanyilmaz.com\/index.php?rest_route=\/wp\/v2\/posts\/37763\/revisions"}],"wp:attachment":[{"href":"http:\/\/www.korhanyilmaz.com\/index.php?rest_route=%2Fwp%2Fv2%2Fmedia&parent=37763"}],"wp:term":[{"taxonomy":"category","embeddable":true,"href":"http:\/\/www.korhanyilmaz.com\/index.php?rest_route=%2Fwp%2Fv2%2Fcategories&post=37763"},{"taxonomy":"post_tag","embeddable":true,"href":"http:\/\/www.korhanyilmaz.com\/index.php?rest_route=%2Fwp%2Fv2%2Ftags&post=37763"}],"curies":[{"name":"wp","href":"https:\/\/api.w.org\/{rel}","templated":true}]}}