{"id":37747,"date":"2011-08-03T19:15:09","date_gmt":"2011-08-03T16:15:09","guid":{"rendered":"http:\/\/www.korhanyilmaz.com\/?p=37747"},"modified":"2011-08-04T01:00:30","modified_gmt":"2011-08-03T22:00:30","slug":"chp-o-gorusmeleri-sordu","status":"publish","type":"post","link":"http:\/\/www.korhanyilmaz.com\/?p=37747","title":{"rendered":"CHP, o g\u00f6r\u00fc\u015fmeleri sordu"},"content":{"rendered":"<p style=\"text-align: center;\"><a href=\"http:\/\/www.korhanyilmaz.com\/wp-content\/uploads\/2011\/08\/3023.jpg\"  class=\"lightview\"><img loading=\"lazy\" decoding=\"async\" class=\"aligncenter size-full wp-image-37748\" src=\"http:\/\/www.korhanyilmaz.com\/wp-content\/uploads\/2011\/08\/3023.jpg\" alt=\"\" width=\"363\" height=\"273\" \/><\/a><\/p>\n<p style=\"text-align: justify;\">CHP Genel Sekreteri Bihlun Tamayl\u0131gil, Ba\u015fbakan Recep Tayyip Erdo\u011fan ile Genelkurmay Ba\u015fkanvekili Necdet \u00d6zel&#8217;in yapt\u0131klar\u0131 \u00f6zel g\u00f6r\u00fc\u015fmelere dikkat \u00e7ekerek &#8220;Bu g\u00f6r\u00fc\u015fmeler neden yap\u0131lm\u0131\u015ft\u0131r? Yak\u0131n tarihimizde hat\u0131rlad\u0131\u011f\u0131m\u0131z, Dolmabah\u00e7e&#8217;de ba\u015f ba\u015fa yap\u0131lan ve i\u00e7eri\u011fi mezara kadar sakl\u0131d\u0131r beyan\u0131 ile kamuoyundan gizlenen g\u00f6r\u00fc\u015fmeler AKP&#8217;nin yeni temay\u00fcl\u00fc olmu\u015ftur. Bu konuda a\u00e7\u0131k ve \u015feffaf olunmal\u0131d\u0131r&#8221; dedi.<!--more--><\/p>\n<p style=\"text-align: justify;\">Ankara- CHP Merkez Y\u00f6netim Kurulu (MYK), Genel Ba\u015fkan Kemal K\u0131l\u0131\u00e7daro\u011flu ba\u015fkanl\u0131\u011f\u0131nda topland\u0131. Toplant\u0131n\u0131n ard\u0131ndan Parti S\u00f6zc\u00fcs\u00fc ve Genel Sekreter Bihlun Tamayl\u0131gil, d\u00fczenledi\u011fi bas\u0131n toplant\u0131s\u0131nda a\u00e7\u0131klamalarda bulundu. Tamayl\u0131gil, konu\u015fmas\u0131na t\u00fcm \u0130slam aleminin Ramazan ay\u0131n\u0131 kutlayarak ba\u015flad\u0131.<\/p>\n<p style=\"text-align: justify;\"><strong>&#8220;AKP y\u00fcr\u00fctme erkini hoyrat\u00e7a kullanmaktad\u0131r&#8221;<\/strong><\/p>\n<p style=\"text-align: justify;\">Genelkurmay Ba\u015fkan\u0131 ve \u00fc\u00e7 kuvvet komutan\u0131n\u0131n istifalar\u0131n\u0131 derlendiren Tamayl\u0131gil, CHP olarak yasama, y\u00fcr\u00fctme ve yarg\u0131 erklerinin g\u00fc\u00e7ler ayr\u0131l\u0131\u011f\u0131 ilkesine inand\u0131klar\u0131n\u0131 belirterek &#8220;Ancak AKP, hukukun \u00fcst\u00fcnl\u00fc\u011f\u00fc ilkesini g\u00f6z ard\u0131 ederek y\u00fcr\u00fctme erkini hoyrat\u00e7a kullanmaktad\u0131r. Geldi\u011fimiz noktada yarg\u0131 maalesef siyasal iktidar\u0131n ama\u00e7lar\u0131n\u0131 ger\u00e7ekle\u015ftirmek i\u00e7in bir ara\u00e7 olarak kullan\u0131lmaktad\u0131r&#8221; dedi.<\/p>\n<p style=\"text-align: justify;\"><strong>&#8220;Durum, b\u00fcrokrat\u0131n emeklili\u011fe sevk etme hakk\u0131yla a\u00e7\u0131klanacak kadar basit de\u011fil&#8221;<\/strong><\/p>\n<p style=\"text-align: justify;\">Ba\u015fbakan&#8217;a olay\u0131n ba\u015flang\u0131c\u0131ndan bu yana olup bitenleri a\u00e7\u0131klama \u00e7a\u011fr\u0131s\u0131nda bulunan Tamayl\u0131gil, &#8220;H\u00fck\u00fcmetin suskunlu\u011fu kar\u015f\u0131s\u0131nda ortaya \u00e7\u0131kan spek\u00fclasyonlar hem kurumlar\u0131m\u0131z\u0131 y\u0131pratmakta, hem de devlet hayat\u0131m\u0131z\u0131n ciddiyetiyle ba\u011fda\u015fmamaktad\u0131r. H\u00fck\u00fcmet ne yapmak istedi\u011fini ve hangi sonuca ula\u015fmay\u0131 ama\u00e7lad\u0131\u011f\u0131n\u0131 a\u00e7\u0131k\u00e7a ortaya koymak zorundad\u0131r. Zira ya\u015fanan durum h\u00fck\u00fcmetin g\u00f6r\u00fc\u015f ayr\u0131l\u0131\u011f\u0131na d\u00fc\u015ft\u00fc\u011f\u00fc b\u00fcrokrat\u0131n\u0131 emeklili\u011fe sevk etme hakk\u0131yla a\u00e7\u0131klanacak kadar basit de\u011fildir&#8221; dedi.<\/p>\n<p style=\"text-align: justify;\"><strong>&#8220;Sorun oldu bittiyle, KHK ile a\u015f\u0131lamaz&#8221;<\/strong><\/p>\n<p style=\"text-align: justify;\">Tamayl\u0131gil, her g\u00fcn \u015fehit cenazelerinin ya\u015fand\u0131\u011f\u0131n\u0131, bu s\u00fcre\u00e7te H\u00fck\u00fcmet&#8217;in kendi ordusuyla kavga ediyor g\u00f6r\u00fcnt\u00fcs\u00fcnden s\u0131yr\u0131lmak zorunda oldu\u011funu vurgulayan Tamayl\u0131gil, &#8220;Bunun yolu a\u00e7\u0131kl\u0131k ve \u015feffafl\u0131kt\u0131r. Bu sorun, oldu bittilerle, bas\u0131nda yer ald\u0131\u011f\u0131 gibi kanun h\u00fckm\u00fcnde kararnamelerle a\u015f\u0131lamaz&#8221; diye konu\u015ftu.<\/p>\n<p style=\"text-align: justify;\"><strong>&#8220;\u0130\u00e7eri\u011fi gizlenen g\u00f6r\u00fc\u015fmeler AKP&#8217;nin temay\u00fcl\u00fc olmu\u015ftur&#8221;<\/strong><\/p>\n<p style=\"text-align: justify;\">Komutanlar\u0131n istifalar\u0131na y\u00f6nelik yap\u0131lan &#8220;demokrasiye ge\u00e7i\u015f&#8221; yorumlar\u0131n\u0131 da ele\u015ftiren Tamayl\u0131gil, \u015f\u00f6yle devam etti:<\/p>\n<p style=\"text-align: justify;\">&#8220;Ancak ortaya \u00e7\u0131kan a\u00e7\u0131klamalar demokrasiye ge\u00e7i\u015ften \u00f6te demokraside bir sorun oldu\u011fu anlam\u0131n\u0131 ortaya koymaktad\u0131r. Hukuk sisteminin \u00e7al\u0131\u015fmad\u0131\u011f\u0131, hukukun \u00fcst\u00fcnl\u00fc\u011f\u00fcn\u00fcn ihlal edildi\u011fi s\u00f6ylenmekte ve as\u0131l \u00fczerinden durulmas\u0131 gereken de bu ba\u015fl\u0131k olmal\u0131d\u0131r&#8221; dedi. Y\u00fcksek Askeri \u015eura toplant\u0131s\u0131n\u0131n yap\u0131ld\u0131\u011f\u0131 g\u00fcn Ba\u015fbakan ve Genelkurmay Ba\u015fkanvekili Necdet \u00d6zel&#8217;in ba\u015f ba\u015fa g\u00f6r\u00fc\u015fmeler yapt\u0131\u011f\u0131na i\u015faret eden Tamayl\u0131gil, &#8220;Bu g\u00f6r\u00fc\u015fmeler neden yap\u0131lm\u0131\u015ft\u0131r? Yak\u0131n tarihimizde hat\u0131rlad\u0131\u011f\u0131m\u0131z, Dolmabah\u00e7e&#8217;de ba\u015f ba\u015fa yap\u0131lan ve i\u00e7eri\u011fi mezara kadar sakl\u0131d\u0131r beyan\u0131 ile kamuoyundan gizlenen g\u00f6r\u00fc\u015fmeler AKP&#8217;nin yeni temay\u00fcl\u00fc olmu\u015ftur. Bu konuda a\u00e7\u0131k ve \u015feffaf olunmal\u0131d\u0131r.&#8221;<\/p>\n<p style=\"text-align: justify;\"><strong>&#8220;Merkez Bankas\u0131 Ba\u015fkan\u0131&#8217;n\u0131n g\u00f6revi Ba\u015fbakan&#8217;\u0131n s\u00f6zc\u00fcl\u00fc\u011f\u00fc de\u011fil&#8221;<\/strong><\/p>\n<p style=\"text-align: justify;\">Tamayl\u0131gil, MYK toplant\u0131s\u0131nda ekonomideki geli\u015fmelerin de de\u011ferlendirildi\u011fini bildirirken yurtd\u0131\u015f\u0131ndan geldi\u011fi s\u00f6ylenen ancak AKP H\u00fck\u00fcmeti&#8217;nin yanl\u0131\u015f ekonomi politikalar\u0131 sonucunda bir s\u00fcre\u00e7 ya\u015fand\u0131\u011f\u0131n\u0131, H\u00fck\u00fcmet&#8217;ten bu konuda \u00e7eli\u015fkili a\u00e7\u0131klamalar geldi\u011fini s\u00f6yledi. Ba\u015fbakan&#8217;\u0131n &#8220;Kriz bu sefer te\u011fet bile ge\u00e7meyecek&#8221; a\u00e7\u0131klamas\u0131n\u0131n ard\u0131ndan \u00f6zerk konumdaki Merkez Bankas\u0131 Ba\u015fkan\u0131 Erdem Ba\u015f\u00e7\u0131&#8217;n\u0131n &#8220;Ba\u015fbakan&#8217;\u0131n a\u011fz\u0131yla konu\u015fmay\u0131 kendisin g\u00f6rev bildi\u011fini&#8221; dile getirdi. Tamayl\u0131gil, Ba\u015f\u00e7\u0131&#8217;n\u0131n a\u00e7\u0131klamalar\u0131n\u0131n, \u00f6zerk bir kurumun i\u015fleyi\u015fiyle uyu\u015fmad\u0131\u011f\u0131n\u0131, uluslararas\u0131 kredibiliteye olumsuz etkiler yapaca\u011f\u0131n\u0131 ifade ederek &#8220;Burada g\u00f6rev, var olan ekonomik tabloyu de\u011ferlendirmek, a\u00e7\u0131klanacak olan kararlar\u0131 ona ba\u011fl\u0131 olarak ortaya koymakt\u0131r. Buradaki g\u00f6rev, Ba\u015fbakan&#8217;\u0131n s\u00f6zc\u00fcl\u00fc\u011f\u00fcn\u00fc yapmak de\u011fildir&#8221; dedi.<\/p>\n<p style=\"text-align: justify;\"><strong>&#8220;Masum M\u00fcsl\u00fcmanlar\u0131n ensesinde boza pi\u015firilmektedir&#8221;<\/strong><\/p>\n<p style=\"text-align: justify;\">Tamayl\u0131gil, Suriye&#8217;deki geli\u015fmeleri de yak\u0131ndan takip ettiklerini belirtirken &#8220;Sivil halk\u0131n zarar g\u00f6rmeyece\u011fi ve uluslararas\u0131 g\u00fc\u00e7lerin etkin bir tabloyu ortaya koymak i\u00e7in \u00e7abalar\u0131na ve o \u00e7abalar\u0131n sonu\u00e7lar\u0131na kar\u015f\u0131 dikkatli davranmay\u0131 bir uyar\u0131 olarak de\u011ferlendirmek laz\u0131m. Ve bu g\u00fcnlerde hayat\u0131n\u0131 kaybeden M\u00fcsl\u00fcmanlar i\u00e7in \u00fcz\u00fcnt\u00fc duyuyoruz&#8221; diye konu\u015ftu.<\/p>\n<p style=\"text-align: justify;\">D\u0131\u015f politikadaki &#8220;s\u0131f\u0131r sorun&#8221; s\u00f6ylemine kar\u015f\u0131n sorunsuz bir alan olmad\u0131\u011f\u0131n\u0131 s\u00f6yleyen Tamayl\u0131gil, &#8220;B\u00fcy\u00fck Ortado\u011fu Projesi&#8217;nin e\u015fba\u015fkan\u0131 olmakla \u00f6v\u00fcnen ve \u015fu anda uluslararas\u0131 a\u00e7\u0131dan bakt\u0131\u011f\u0131m\u0131zda egemen g\u00fc\u00e7lerin Ortado\u011fu co\u011frafyas\u0131ndaki projeleri de maalesef ki Ortado\u011fu a\u00e7\u0131s\u0131ndan geli\u015fmelerde masum M\u00fcsl\u00fcmanlar&#8217;\u0131n ensesinde boza pi\u015firilmektedir&#8221; dedi.<\/p>\n<p style=\"text-align: justify;\">Ba\u015fbakan&#8217;\u0131n NATO&#8217;nun Libya operasyonuna \u00f6nce kar\u015f\u0131 \u00e7\u0131kt\u0131\u011f\u0131n\u0131, daha sonra onay verdi\u011fini an\u0131msatan Tamayl\u0131gil, &#8220;Orada Akdeniz sular\u0131nda hayat\u0131n\u0131 kaybetmi\u015f onlarca, y\u00fczlerce ki\u015finin de varl\u0131\u011f\u0131n\u0131 d\u00fc\u015f\u00fcnd\u00fc\u011f\u00fcm\u00fczde b\u00f6yle bir geli\u015fen s\u00fcre\u00e7te AKP&#8217;nin d\u0131\u015f politikadaki sorumlulu\u011funu unutmamak gerekir&#8221; diye konu\u015ftu.<\/p>\n<p style=\"text-align: justify;\"><strong>&#8220;Tar\u0131k \u015eeng\u00fcl&#8217;\u00fcn Ankara \u0130l Ba\u015fkanl\u0131\u011f\u0131&#8217;na tekrar atanmas\u0131 uygun g\u00f6r\u00fcld\u00fc&#8221;<\/strong><\/p>\n<p style=\"text-align: justify;\">A\u00e7\u0131klamas\u0131n\u0131n ard\u0131ndan gazetecilerin sorular\u0131n\u0131 yan\u0131tlayan Tamayl\u0131gil, CHP Ankara \u0130l Y\u00f6netimi&#8217;ndeki istifalar\u0131n sorulmas\u0131 \u00fczerine &#8220;Bu istifalar ula\u015fm\u0131\u015ft\u0131r ve bildi\u011finiz \u00fczere \u015eubat ay\u0131nda atanm\u0131\u015f olan Ankara \u0130l Y\u00f6netimimiz d\u00fc\u015fm\u00fc\u015ft\u00fcr. Bug\u00fcn yap\u0131lan MYK toplant\u0131s\u0131nda \u0130l Ba\u015fkan\u0131 olarak yine say\u0131n Tar\u0131k \u015eeng\u00fcl&#8217;\u00fcn atanmas\u0131na ve olu\u015fturaca\u011f\u0131 y\u00f6netim kurulu ile ilgili \u00e7al\u0131\u015fmalar\u0131n ba\u015flat\u0131lmas\u0131na karar verilmi\u015ftir&#8221; dedi.<\/p>\n<p style=\"text-align: justify;\">Tamayl\u0131gil, &#8220;Karar, Ankara \u0130l Ba\u015fkan Yard\u0131mc\u0131s\u0131 ve baz\u0131 \u00fcyelerin, \u015eeng\u00fcl hakk\u0131nda yazd\u0131\u011f\u0131 rapor y\u00f6netim taraf\u0131ndan dikkate almad\u0131 \u015feklinde yorumlanabilir mi?&#8221; sorusu \u00fczerine de &#8220;\u015eu an bize ula\u015fm\u0131\u015f bir rapor yok ancak MYK, il ba\u015fkan\u0131n\u0131n yapt\u0131\u011f\u0131 \u00e7al\u0131\u015fmalardan, g\u00f6sterdi\u011fi performanstan ve bundan sonraki s\u00fcre\u00e7te Ankara ve Ankara&#8217;n\u0131n sorunlar\u0131yla ilgili yapaca\u011f\u0131 \u00e7al\u0131\u015fmalarla ilgili kendisinin bu g\u00f6revde olmas\u0131n\u0131 uygun g\u00f6rm\u00fc\u015ft\u00fcr, atanmas\u0131na karar vermi\u015ftir&#8221; diye konu\u015ftu.<\/p>\n<p style=\"text-align: justify;\">&#8220;\u0130l Ba\u015fkanl\u0131\u011f\u0131 i\u00e7in Murat Karayal\u00e7\u0131n&#8217;\u0131n ismi ge\u00e7iyordu, ondan geri ad\u0131m m\u0131 at\u0131ld\u0131?&#8221; sorusu \u00fczerine ise Tamayl\u0131gil, &#8220;Herhangi bir geri ad\u0131m ve vazge\u00e7i\u015f yoktur. Bu sizlerin neticede bas\u0131nda yer alan haberler neticesinde de\u011ferlendirmenize konu olan bir ba\u015fl\u0131k. Biz, bug\u00fcnk\u00fc MYK&#8217;da Ankara il y\u00f6netiminin durumunu g\u00f6r\u00fc\u015ferek Tar\u0131k \u015eeng\u00fcl&#8217;\u00fcn devam etmesine karar verdik&#8221; dedi.<\/p>\n<p style=\"text-align: justify;\">Tamayl\u0131gil, eski Genelkurmay Ba\u015fkan\u0131 Orgeneral I\u015f\u0131k Ko\u015faner&#8217;in istifas\u0131n\u0131n ard\u0131ndan yay\u0131nlad\u0131\u011f\u0131 veda mesaj\u0131n\u0131 nas\u0131l de\u011ferlendirdi\u011finin sorulmas\u0131 \u00fczerine de &#8220;Bizim de\u011ferlendirdi\u011fimiz \u015fudur, biz T\u00fcrkiye&#8217;deki \u00f6zg\u00fcrl\u00fck\u00e7\u00fc demokrasinin tam olarak i\u015flemesine inan\u0131yoruz. Demokrasinin i\u015fleyi\u015finde evrensel hukuk kurallar\u0131n\u0131n ge\u00e7erli oldu\u011fu ve T\u00fcrkiye&#8217;de gerek halk oylar\u0131yla se\u00e7ilmi\u015f olan y\u00f6netimlerin bu demokrasiyi ya\u015fan\u0131r hale getirece\u011fi, bu hukuka ba\u011fl\u0131l\u0131\u011f\u0131 ortaya koyacak, ama hukuku bir ara\u00e7 veya yarg\u0131y\u0131 bir ara\u00e7 olarak kullanmadan kararlar\u0131 ve s\u00fcre\u00e7leri y\u00f6netecek \u015fekilde davranmas\u0131 gerekti\u011fini dile getirdik&#8221; de\u011ferlendirmesini yapt\u0131.<\/p>\n<p style=\"text-align: justify;\"><a href=\"http:\/\/www.cumhuriyet.com.tr\/?hn=266398&amp;kw=CHP%2C+o+g%F6r%FC%FEmeleri+sordu\" target=\"_blank\">Kaynak : Cumhuriyet Haber Portal\u0131<\/a><\/p>\n","protected":false},"excerpt":{"rendered":"<p style=\"text-align: center;\">\n<p style=\"text-align: justify;\">CHP Genel Sekreteri Bihlun Tamayl\u0131gil, Ba\u015fbakan Recep Tayyip Erdo\u011fan ile Genelkurmay Ba\u015fkanvekili Necdet \u00d6zel&#8217;in yapt\u0131klar\u0131 \u00f6zel g\u00f6r\u00fc\u015fmelere dikkat \u00e7ekerek &#8220;Bu g\u00f6r\u00fc\u015fmeler neden yap\u0131lm\u0131\u015ft\u0131r? Yak\u0131n tarihimizde hat\u0131rlad\u0131\u011f\u0131m\u0131z, Dolmabah\u00e7e&#8217;de ba\u015f ba\u015fa yap\u0131lan ve i\u00e7eri\u011fi mezara kadar sakl\u0131d\u0131r beyan\u0131 ile kamuoyundan gizlenen g\u00f6r\u00fc\u015fmeler AKP&#8217;nin yeni temay\u00fcl\u00fc olmu\u015ftur. Bu konuda a\u00e7\u0131k ve \u015feffaf olunmal\u0131d\u0131r&#8221; <\/p>\n","protected":false},"author":1,"featured_media":0,"comment_status":"open","ping_status":"open","sticky":false,"template":"","format":"standard","meta":{"footnotes":""},"categories":[105],"tags":[],"class_list":["post-37747","post","type-post","status-publish","format-standard","hentry","category-gundem","odd"],"_links":{"self":[{"href":"http:\/\/www.korhanyilmaz.com\/index.php?rest_route=\/wp\/v2\/posts\/37747","targetHints":{"allow":["GET"]}}],"collection":[{"href":"http:\/\/www.korhanyilmaz.com\/index.php?rest_route=\/wp\/v2\/posts"}],"about":[{"href":"http:\/\/www.korhanyilmaz.com\/index.php?rest_route=\/wp\/v2\/types\/post"}],"author":[{"embeddable":true,"href":"http:\/\/www.korhanyilmaz.com\/index.php?rest_route=\/wp\/v2\/users\/1"}],"replies":[{"embeddable":true,"href":"http:\/\/www.korhanyilmaz.com\/index.php?rest_route=%2Fwp%2Fv2%2Fcomments&post=37747"}],"version-history":[{"count":0,"href":"http:\/\/www.korhanyilmaz.com\/index.php?rest_route=\/wp\/v2\/posts\/37747\/revisions"}],"wp:attachment":[{"href":"http:\/\/www.korhanyilmaz.com\/index.php?rest_route=%2Fwp%2Fv2%2Fmedia&parent=37747"}],"wp:term":[{"taxonomy":"category","embeddable":true,"href":"http:\/\/www.korhanyilmaz.com\/index.php?rest_route=%2Fwp%2Fv2%2Fcategories&post=37747"},{"taxonomy":"post_tag","embeddable":true,"href":"http:\/\/www.korhanyilmaz.com\/index.php?rest_route=%2Fwp%2Fv2%2Ftags&post=37747"}],"curies":[{"name":"wp","href":"https:\/\/api.w.org\/{rel}","templated":true}]}}