{"id":37741,"date":"2011-08-03T14:52:32","date_gmt":"2011-08-03T11:52:32","guid":{"rendered":"http:\/\/www.korhanyilmaz.com\/?p=37741"},"modified":"2011-08-03T22:19:40","modified_gmt":"2011-08-03T19:19:40","slug":"amirallere-suikast-girisimi-iddianamesi-kabul-edildi","status":"publish","type":"post","link":"http:\/\/www.korhanyilmaz.com\/?p=37741","title":{"rendered":"&#8216;Amirallere suikast giri\u015fimi&#8217; iddianamesi kabul edildi"},"content":{"rendered":"<p style=\"text-align: justify;\"><a href=\"http:\/\/www.korhanyilmaz.com\/wp-content\/uploads\/2011\/08\/3026.jpeg\"  class=\"lightview\"><img loading=\"lazy\" decoding=\"async\" class=\"aligncenter size-full wp-image-37742\" src=\"http:\/\/www.korhanyilmaz.com\/wp-content\/uploads\/2011\/08\/3026.jpeg\" alt=\"\" width=\"360\" height=\"240\" \/><\/a><\/p>\n<p style=\"text-align: justify;\">Koramiral Deniz Cora ve Albay \u00dcmit Metin hakk\u0131nda &#8216;Amirallere suikast giri\u015fimi&#8217; iddias\u0131na ili\u015fkin olarak haz\u0131rlanan iddianame mahkemece kabul edildi.<\/p>\n<p style=\"text-align: justify;\">\u0130STANBUL &#8211; G\u00f6lc\u00fck Donanma Komutanl\u0131\u011f\u0131nda yap\u0131lan aramada ele ge\u00e7irilen belgelerden birinde \u201cAmirallere suikast giri\u015fimi\u201d iddias\u0131na ili\u015fkin adlar\u0131 ge\u00e7ti\u011fi \u00f6ne s\u00fcr\u00fclen Koramiral Deniz Cora ve Kurmay Albay \u00dcmit Metin hakk\u0131nda haz\u0131rlanan iddianame mahkemece kabul edildi. <!--more--><\/p>\n<p style=\"text-align: justify;\">\u0130stanbul 12. A\u011f\u0131r Ceza Mahkemesi, Koramiral Cora ve Albay Metin hakk\u0131nda haz\u0131rlanan iddianame \u00fczerindeki incelemelerini tamamlad\u0131.Mahkeme, iddianamenin kabul\u00fcne karar verdi.<\/p>\n<p style=\"text-align: justify;\"><strong>CORA VE MET\u0130N\u2019\u0130N 15\u2019ER YIL HAPS\u0130 \u0130STEN\u0130YOR<\/strong><\/p>\n<p style=\"text-align: justify;\">\u0130ddianamede, Cora ve Metin&#8217;in \u201cter\u00f6r \u00f6rg\u00fct\u00fc \u00fcyeli\u011fi\u201d su\u00e7undan 15&#8217;er y\u0131la kadar hapis cezas\u0131na \u00e7arpt\u0131r\u0131lmalar\u0131 isteniyor.<\/p>\n<p style=\"text-align: justify;\"><a href=\"http:\/\/www.radikal.com.tr\/Radikal.aspx?aType=RadikalDetayV3&amp;ArticleID=1058697&amp;Date=03.08.2011&amp;CategoryID=77\" target=\"_blank\">Kaynak : Radikal.com.tr<\/a><\/p>\n<p style=\"text-align: justify;\">\n","protected":false},"excerpt":{"rendered":"<p style=\"text-align: justify;\">\n<p style=\"text-align: justify;\">Koramiral Deniz Cora ve Albay \u00dcmit Metin hakk\u0131nda &#8216;Amirallere suikast giri\u015fimi&#8217; iddias\u0131na ili\u015fkin olarak haz\u0131rlanan iddianame mahkemece kabul edildi.<\/p>\n<p style=\"text-align: justify;\">\u0130STANBUL &#8211; G\u00f6lc\u00fck Donanma Komutanl\u0131\u011f\u0131nda yap\u0131lan aramada ele ge\u00e7irilen belgelerden birinde \u201cAmirallere suikast giri\u015fimi\u201d iddias\u0131na ili\u015fkin adlar\u0131 ge\u00e7ti\u011fi \u00f6ne s\u00fcr\u00fclen Koramiral Deniz Cora ve Kurmay Albay \u00dcmit Metin hakk\u0131nda <\/p>\n","protected":false},"author":1,"featured_media":0,"comment_status":"open","ping_status":"open","sticky":false,"template":"","format":"standard","meta":{"footnotes":""},"categories":[105],"tags":[],"class_list":["post-37741","post","type-post","status-publish","format-standard","hentry","category-gundem","odd"],"_links":{"self":[{"href":"http:\/\/www.korhanyilmaz.com\/index.php?rest_route=\/wp\/v2\/posts\/37741","targetHints":{"allow":["GET"]}}],"collection":[{"href":"http:\/\/www.korhanyilmaz.com\/index.php?rest_route=\/wp\/v2\/posts"}],"about":[{"href":"http:\/\/www.korhanyilmaz.com\/index.php?rest_route=\/wp\/v2\/types\/post"}],"author":[{"embeddable":true,"href":"http:\/\/www.korhanyilmaz.com\/index.php?rest_route=\/wp\/v2\/users\/1"}],"replies":[{"embeddable":true,"href":"http:\/\/www.korhanyilmaz.com\/index.php?rest_route=%2Fwp%2Fv2%2Fcomments&post=37741"}],"version-history":[{"count":0,"href":"http:\/\/www.korhanyilmaz.com\/index.php?rest_route=\/wp\/v2\/posts\/37741\/revisions"}],"wp:attachment":[{"href":"http:\/\/www.korhanyilmaz.com\/index.php?rest_route=%2Fwp%2Fv2%2Fmedia&parent=37741"}],"wp:term":[{"taxonomy":"category","embeddable":true,"href":"http:\/\/www.korhanyilmaz.com\/index.php?rest_route=%2Fwp%2Fv2%2Fcategories&post=37741"},{"taxonomy":"post_tag","embeddable":true,"href":"http:\/\/www.korhanyilmaz.com\/index.php?rest_route=%2Fwp%2Fv2%2Ftags&post=37741"}],"curies":[{"name":"wp","href":"https:\/\/api.w.org\/{rel}","templated":true}]}}