{"id":37727,"date":"2011-08-03T17:18:52","date_gmt":"2011-08-03T14:18:52","guid":{"rendered":"http:\/\/www.korhanyilmaz.com\/?p=37727"},"modified":"2011-08-03T21:22:04","modified_gmt":"2011-08-03T18:22:04","slug":"bahar-kara-kisa-donebilir","status":"publish","type":"post","link":"http:\/\/www.korhanyilmaz.com\/?p=37727","title":{"rendered":"&#8220;Bahar kara k\u0131\u015fa d\u00f6nebilir&#8221;"},"content":{"rendered":"<p style=\"text-align: justify;\"><a href=\"http:\/\/www.korhanyilmaz.com\/wp-content\/uploads\/2011\/08\/3022.jpg\"  class=\"lightview\"><img loading=\"lazy\" decoding=\"async\" class=\"aligncenter size-full wp-image-37728\" src=\"http:\/\/www.korhanyilmaz.com\/wp-content\/uploads\/2011\/08\/3022.jpg\" alt=\"\" width=\"462\" height=\"210\" \/><\/a><\/p>\n<p style=\"text-align: justify;\">T\u00dcS\u0130AD Y\u00f6netim Kurulu Ba\u015fkan\u0131 \u00dcmit Boyner, Ortado\u011fu\u2019da ya\u015fanan de\u011fi\u015fimin \u201cbahar\u201d metaforu ile tan\u0131mlanmas\u0131na kar\u015f\u0131n, b\u00f6lgeye kara bir k\u0131\u015f\u0131n gelmesinin de m\u00fcmk\u00fcn oldu\u011funu vurgulad\u0131.<\/p>\n<p style=\"text-align: justify;\">T\u00fcrk Sanayicileri ve \u0130\u015fadamlar\u0131 Derne\u011fi (T\u00dcS\u0130AD) Y\u00f6netim Kurulu Ba\u015fkan\u0131 \u00dcmit Boyner , Ortado\u011fu\u2019da ya\u015fanan de\u011fi\u015fimin \u201cbahar\u201d metaforu ile tan\u0131mlanmas\u0131na kar\u015f\u0131n, b\u00f6lgeye kara bir k\u0131\u015f\u0131n gelmesinin de m\u00fcmk\u00fcn oldu\u011funu ifade etti. <!--more--><\/p>\n<p style=\"text-align: justify;\">Bu nedenle de\u011fi\u015fim s\u00fcrecinin iyi y\u00f6netilmesi gerekti\u011fini belirten Boyner , de\u011fi\u015fim s\u00fcrecinde uluslararas\u0131 i\u015fbirli\u011finin \u00f6nemine dikkat \u00e7ekti. Boyner , Ortado\u011fu\u2019daki krizin \u015fimdiden T\u00fcrkiye\u2019yi de etkiledi\u011fini kaydetti. Ticari ili\u015fkilerin zarar g\u00f6rd\u00fc\u011f\u00fcn\u00fc, siyasi gerilimlerin do\u011fdu\u011funu, insani sorunlar\u0131n ya\u015fand\u0131\u011f\u0131na dikkat \u00e7eken Boyner , b\u00f6lgede ya\u015fanan de\u011fi\u015fimin olumlu sonu\u00e7lar\u0131n\u0131n da olaca\u011f\u0131n\u0131, T\u00fcrkiye i\u00e7in yeni f\u0131rsatlar do\u011fdu\u011funu, T\u00fcrkiye modelinin de\u011ferinin artt\u0131\u011f\u0131n\u0131 ifade etti.<\/p>\n<p style=\"text-align: justify;\">T\u00dcS\u0130AD G\u00f6r\u00fc\u015f Dergisi A\u011fustos say\u0131s\u0131nda, Arap Bahar\u0131 \u2019n\u0131 ve Ortado\u011fu\u2019da de\u011fi\u015fen siyasi iklimi ele al\u0131yor. \u201cOrtado\u011fu\u2019da Siyaset: \u0130klim De\u011fi\u015fiyor\u201d kapak slogan\u0131 ile \u00e7\u0131kan dergide, ABD\u2019nin yeni Ortado\u011fu politikas\u0131, Suriye\u2019deki de\u011fi\u015fim ve Filistin konular\u0131n\u0131 ele alan makalelere yer verildi. Arap Bahar\u0131 \u2019n\u0131n T\u00fcrkiye ekonomisine etkisi ise T\u00dcS\u0130AD Y\u00f6netim Kurulu \u00dcyesi ve R\u00f6nesans \u0130n\u015faat Y\u00f6netim Kurulu Ba\u015fkan\u0131 Erman Il\u0131cak ile yap\u0131lan s\u00f6yle\u015fi \u00e7er\u00e7evesinde de\u011ferlendirildi. T\u00dcS\u0130AD Y\u00f6netim Kurulu Ba\u015fkan\u0131 \u00dcmit Boyner kapak konusuna \u201cOrtado\u011fu De\u011fi\u015firken T\u00fcrkiye\u201d ba\u015fl\u0131kl\u0131 bir makale ile katk\u0131da bulundu. G\u00f6r\u00fc\u015f dergisinin yeni say\u0131s\u0131nda kentsel d\u00f6n\u00fc\u015f\u00fcm politikalar\u0131 dosya konusu olarak incelendi. Bu \u00e7er\u00e7evede T\u00fcrkiye\u2019de kentsel d\u00f6n\u00fc\u015f\u00fcm alan\u0131ndaki uygulamalar de\u011ferlendirildi. Mimarinin ve in\u015faat sekt\u00f6r\u00fcn\u00fcn de konu al\u0131nd\u0131\u011f\u0131 makalelerde, in\u015faat sekt\u00f6r\u00fcn\u00fcn ekonomideki yeri ve b\u00fcy\u00fcmeye katk\u0131s\u0131 irdelendi. T\u00fcrkiye ekonomisindeki \u0131s\u0131nma tart\u0131\u015fmalar\u0131na da yer verilen G\u00d6R\u00dc\u015e dergisinde Merkez Bankas\u0131\u2019n\u0131n uygulad\u0131\u011f\u0131 para politikas\u0131 ele al\u0131nd\u0131.<\/p>\n<p style=\"text-align: justify;\"><strong>\u201cHEN\u00dcZ H\u0130\u00c7B\u0130R \u00dcLKEN\u0130N DEMOKRAT\u0130KLE\u015eT\u0130\u011e\u0130 S\u00d6YLENEMEZ\u201d<\/strong><\/p>\n<p style=\"text-align: justify;\">Makalesinde Tunus\u2019ta bir seyyar sat\u0131c\u0131n\u0131n kendisini yakmas\u0131 ile ba\u015flayan b\u00fcy\u00fck de\u011fi\u015fimin M\u0131s\u0131r, Yemen, Libya, Bahreyn derken b\u00fct\u00fcn Arap d\u00fcnyas\u0131n\u0131 sard\u0131\u011f\u0131n\u0131 vurgulayan Boyner , \u201cFas\u2019tan Suriye\u2019ye Arap soka\u011f\u0131 demokrasi talep ediyor. Yak\u0131n zamana kadar sars\u0131lmaz san\u0131lan liderler koltuklar\u0131ndan oluyor. Hen\u00fcz hi\u00e7 bir \u00fclkenin demokratikle\u015fti\u011fini s\u00f6ylememiz m\u00fcmk\u00fcn de\u011fil, ama umuyoruz de\u011fi\u015fim demokratikle\u015fme, \u00f6zg\u00fcrle\u015fme ve siyasi anlamda liberalle\u015fme yolunda olacak\u201d ifadelerini kulland\u0131.<\/p>\n<p style=\"text-align: justify;\"><strong>\u201cEKONOM\u0130K FAAL\u0130YET ALANI G\u0130DEREK DARALIYOR\u201d<\/strong><\/p>\n<p style=\"text-align: justify;\">\u201cBu son derece sanc\u0131l\u0131 bir s\u00fcre\u00e7. \u0130nsani, siyasi ve ekonomik maliyeti \u00e7ok y\u00fcksek. Sokaklarda insanlar \u00f6l\u00fcyor, hapishanelerde i\u015fkence g\u00f6r\u00fcyor, \u00f6zg\u00fcrl\u00fckler pek \u00e7ok yerde daha da fazla k\u0131s\u0131tlan\u0131yor\u201d diyen Boyner , ekonomik faaliyet alan\u0131n\u0131n giderek darald\u0131\u011f\u0131n\u0131 vurgulad\u0131. Yoksullar\u0131n daha da yoksulla\u015ft\u0131\u011f\u0131na i\u015faret eden Boyner , baz\u0131 \u00fclkelerin etnik ve dinsel yap\u0131lar\u0131 nedeniyle y\u0131llar s\u00fcrebilecek bir i\u00e7 sava\u015fa s\u00fcr\u00fcklenmesi, baz\u0131lar\u0131n\u0131n kom\u015fular\u0131 ile olan sorunlar\u0131n\u0131 y\u00f6netememesi, baz\u0131lar\u0131n\u0131nsa selefi gruplar\u0131n hakimiyetine girmesi olas\u0131l\u0131\u011f\u0131 y\u00fcksek oldu\u011funu bildirdi.<\/p>\n<p style=\"text-align: justify;\"><strong>\u201cDE\u011e\u0130\u015e\u0130M S\u00dcREC\u0130 \u0130Y\u0130 Y\u00d6NET\u0130LMEL\u0130\u201d<\/strong><\/p>\n<p style=\"text-align: justify;\">Her ne kadar bu de\u011fi\u015fim d\u0131\u015far\u0131dan bakanlarca \u201cbahar\u201d metaforu ile tan\u0131mland\u0131ysa da, b\u00f6lgeye kara bir k\u0131\u015f\u0131n gelmesinin de m\u00fcmk\u00fcn oldu\u011funa dikkat \u00e7eken Boyner , \u201cBu y\u00fczden de\u011fi\u015fim s\u00fcrecinin iyi y\u00f6netilmesi, demokrasiye ge\u00e7i\u015fin m\u00fcmk\u00fcn oldu\u011funca kans\u0131z ve zarars\u0131z olmas\u0131 gerekiyor. Bu de\u011fi\u015fimin uluslararas\u0131 i\u015fbirli\u011fi gerektirdi\u011fi \u00e7ok a\u00e7\u0131k. Dolay\u0131s\u0131yla uluslararas\u0131 toplum ad\u0131na hareket edenlerin bu \u00fclkeler ile dikkatli bir i\u015fbirli\u011fine ihtiya\u00e7 duyuluyor. Aksi taktirde krizin derinle\u015fmesi, \u00e7evresini, ama asl\u0131na bakarsan\u0131z t\u00fcm d\u00fcnyay\u0131 etkilemesi ka\u00e7\u0131n\u0131lmaz\u201d dedi.<\/p>\n<p style=\"text-align: justify;\"><strong>\u201cL\u0130BYA\u2019DA GER\u00c7EKLE\u015eT\u0130R\u0130LEN ACELEC\u0130 M\u00dcDAHALE KR\u0130Z\u0130 DER\u0130NLE\u015eT\u0130RD\u0130&#8221;<\/strong><\/p>\n<p style=\"text-align: justify;\">Uluslararas\u0131 toplum ad\u0131na hareket etti\u011fi varsay\u0131lan \u00fclkelerin \u015fimdiye kadar bu s\u00fcreci y\u00f6netmekte g\u00f6sterdikleri performans\u0131n ise hi\u00e7 i\u00e7 a\u00e7\u0131c\u0131 say\u0131lamayaca\u011f\u0131n\u0131 vurgulayan Boyner , makalesinde \u201cLibya\u2019da ger\u00e7ekle\u015ftirdikleri aceleci m\u00fcdahale krizin \u00e7\u00f6z\u00fclmesine de\u011fil derinle\u015fmesine yol a\u00e7t\u0131. BM G\u00fcvenlik Konseyi\u2019nin ald\u0131\u011f\u0131 1973 say\u0131l\u0131 yapt\u0131r\u0131m karar\u0131 diplomasinin bir arac\u0131 olarak kullan\u0131labilecekken, ani bir askeri m\u00fcdahaleye tahvil edildi. Libya bombaland\u0131, insanlar \u00f6ld\u00fc ama Kaddafi yerinde kald\u0131. Bat\u0131n\u0131n se\u00e7icili\u011fi, Bahreyn\u2019e ba\u015fka Libya\u2019ya ba\u015fka standart uygulad\u0131\u011f\u0131 tescil edildi\u201d de\u011ferlendirmelerinde bulundu.<\/p>\n<p style=\"text-align: justify;\"><strong>\u201cMISIR\u2019DA TUNUS\u2019TA BULUNAN ARA \u00c7\u00d6Z\u00dcMLER\u0130N YA\u015eAMA \u015eANSI DA \u00c7OK Y\u00dcKSEK DE\u011e\u0130L\u201d<\/strong><\/p>\n<p style=\"text-align: justify;\">Ekonomik ve stratejik \u00e7\u0131karlar\u0131n genellikle oldu\u011fu gibi prensiplerin \u00f6n\u00fcne ge\u00e7ti\u011fini dile getiren Boyner , M\u0131s\u0131r\u2019da, Tunus\u2019ta bulunan ara \u00e7\u00f6z\u00fcmlerin ya\u015fama \u015fans\u0131 da \u00e7ok y\u00fcksek g\u00f6r\u00fcnmedi\u011fini dile getirdi. Boyner , \u201cTahrir meydan\u0131nda toplanan halk kurulmaya \u00e7al\u0131\u015f\u0131lan askeri vesayet rejimine de itiraz ediyor. Suriye\u2019de, Yemen\u2019de y\u00fczbinler hala sokaklarda rejimlerini protesto ediyor. Fas\u2019ta monar\u015finin kontrol\u00fcn\u00fc konsolide etmek i\u00e7in yap\u0131lan halk oylamas\u0131n\u0131n istikrar\u0131 ne kadar koruyaca\u011f\u0131 me\u00e7hul\u201d dedi.<\/p>\n<p style=\"text-align: justify;\"><strong>\u201cK\u00d6RFEZ REJ\u0130MLER\u0130N\u0130N AKIBET\u0130 DE TARTI\u015eMALI\u201d<\/strong><\/p>\n<p style=\"text-align: justify;\">Demokratikle\u015fme dalgas\u0131n\u0131n \u00fclkelerine ula\u015fmas\u0131n\u0131, da\u011f\u0131tt\u0131\u011f\u0131 mali kaynaklarla ve Libya m\u00fcdahalesine verdi\u011fi destekle kontrol etmeye \u00e7al\u0131\u015fan K\u00f6rfez rejimlerinin ak\u0131betinin de tart\u0131\u015fmal\u0131 oldu\u011funa vurgu yapan Boyner , \u015fu de\u011ferlendirmelerde bulundu:<\/p>\n<p style=\"text-align: justify;\">\u201cB\u00f6lge siyasetinin k\u0131r\u0131lma noktas\u0131 \u0130srail\u2019de ise bamba\u015fka bir siyasi anlay\u0131\u015f h\u00e2kimiyetini s\u00fcrd\u00fcr\u00fcyor. Ba\u015fbakan Benyamin Netanyahu y\u00f6netimindeki koalisyon h\u00fck\u00fcmeti sorunlar\u0131 \u00e7\u00f6zmekte zorlan\u0131yor. \u0130\u015fgal alt\u0131ndaki topraklarda yeni yerle\u015fimler kurma \u00e7abalar\u0131n\u0131n devam etti\u011fi anla\u015f\u0131l\u0131yor. \u00dclkenin d\u0131\u015fi\u015fleri politikas\u0131 \u0130srail\u2019i giderek daha da yaln\u0131zla\u015ft\u0131r\u0131yor.<\/p>\n<p style=\"text-align: justify;\">K\u0131sacas\u0131 b\u00f6lge derin bir kriz ya\u015f\u0131yor ve krizden \u00e7\u0131k\u0131lmas\u0131 da yak\u0131n bir gelecekte m\u00fcmk\u00fcn g\u00f6r\u00fcnm\u00fcyor. Bu kriz \u015fimdiden T\u00fcrkiye\u2019yi de etkiledi. Ticari ili\u015fkiler zarar g\u00f6rd\u00fc, siyasi gerilimler do\u011fdu, insani sorunlar ya\u015fand\u0131. Libya\u2019dan \u00e7ekilmek ekonomiyi ka\u00e7\u0131n\u0131lmaz olarak sarst\u0131. Petrol fiyatlar\u0131ndaki art\u0131\u015f cari a\u00e7\u0131\u011f\u0131 b\u00fcy\u00fctt\u00fc. T\u00fcrkiye, Libya\u2019da \u00e7\u0131karlar\u0131 ile ilkeleri ve m\u00fcttefikleri aras\u0131na bir politika geli\u015ftirmeye \u00e7al\u0131\u015f\u0131yor. Suriye\u2019den gelenlere s\u0131\u011f\u0131nma ve bar\u0131nma imk\u00e2n\u0131 sa\u011flamak zorunda kal\u0131yor. Krizin derinle\u015fmesi T\u00fcrkiye\u2019yi daha da fazla etkileyece\u011fe benzer. Bu y\u00fczden de G\u00f6r\u00fc\u015f\u2019\u00fcn kapa\u011f\u0131 Ortado\u011fu ve Kuzey Afrika\u2019daki siyasi iklim de\u011fi\u015fikli\u011fine ayr\u0131ld\u0131. Her ne kadar kimsenin elinde s\u00fcreci y\u00f6netmek i\u00e7in sihirli bir de\u011fnek yoksa da sorunlara ve do\u011furabilece\u011fi baz\u0131 sonu\u00e7lara dikkatinizi \u00e7ekmek istedik.\u201d<\/p>\n<p style=\"text-align: justify;\"><strong>\u201cB\u00d6LGEN\u0130N DER\u0130NLE\u015eEN KR\u0130Z, \u0130SRA\u0130L-T\u00dcRK\u0130YE \u0130L\u0130\u015eK\u0130S\u0130N\u0130N NORMALLE\u015eMES\u0130NE YARDIMCI OLDU\u201d<\/strong><\/p>\n<p style=\"text-align: justify;\">Boyner , b\u00f6lgenin derinle\u015fen krizinin \u0130srail-T\u00fcrkiye ili\u015fkilerinin normalle\u015fmesine yard\u0131mc\u0131 oldu\u011funu vurgulayarak, makalesinde \u015fu ifadeleri kulland\u0131:<\/p>\n<p style=\"text-align: justify;\">\u201c\u0130srail y\u00f6netimini T\u00fcrkiye\u2019den ya da Mavi Marmara\u2019da \u00f6ld\u00fcr\u00fclen insanlar\u0131n ailelerinden \u00f6z\u00fcr dilemeye te\u015fvik etti\u011fini de s\u00f6yleyebiliriz. Bize \u00f6yle geliyor ki bu krizin bir di\u011fer sonucu da d\u0131\u015f politikada kimlik siyasetinin sorgulanacak olmas\u0131d\u0131r. B\u00f6lgedeki liderler, demokrasiden uzak ve hatta insanl\u0131k su\u00e7u i\u015fleme d\u00fczeyine gelmi\u015flerdir; bu geli\u015fmeler \u0131\u015f\u0131\u011f\u0131nda, hi\u00e7bir \u00fclke veya liderin kimlik \u00f6zelliklerine ba\u011fl\u0131 olarak sahiplenilmesinin, desteklenmesinin d\u00fc\u015f\u00fcn\u00fclemeyece\u011fi art\u0131k \u00e7ok a\u00e7\u0131kt\u0131r. Yine de bu de\u011fi\u015fimin y\u00f6netilmesi ve krizin derinle\u015fmemesi i\u00e7in \u00f6zel \u00e7aba sarf edilmesi \u015fart. Bu konuda sadece h\u00fck\u00fcmete de\u011fil hepimize g\u00f6rev d\u00fc\u015f\u00fcyor. Herkes krizin insani ve siyasi y\u00fck\u00fcn\u00fcn hafifletilmesi i\u00e7in gayret g\u00f6stermek zorunda. B\u00f6lgemizde ya\u015fananlar Amerika\u2019dan, Avrupa\u2019dan, Rusya\u2019dan, \u00c7in\u2019den \u00e7ok bizi ilgilendiriyor. Ac\u0131lar\u0131 dindirmek i\u00e7inde, istikrarl\u0131 bir de\u011fi\u015fime destek olmak i\u00e7in de \u00e7al\u0131\u015fmam\u0131z \u015fart. Sadece emsalimizi m\u00fckemmel hale getirmekle, ba\u015fkalar\u0131n\u0131n T\u00fcrkiye\u2019yi \u00f6rnek almas\u0131n\u0131 beklemekle yetinemeyiz.<\/p>\n<p style=\"text-align: justify;\">Demokratikle\u015fme s\u00fcrecimize destek olan yap\u0131lar\u0131n benzerlerinin kurulmas\u0131 i\u00e7in de \u00e7al\u0131\u015fmal\u0131y\u0131z. B\u00f6lge \u00fclkelerinin tarihlerini yeniden yazamay\u0131z, siyasetin ak\u0131\u015f\u0131n\u0131 kontrol alt\u0131na alamay\u0131z ama Avrupa\u2019da olan fakat Ortado\u011fu ve Kuzey Afrika\u2019da olmayan demokratikle\u015fmeyi, istikrar\u0131, bar\u0131\u015f\u0131 destekleyen Avrupa Konseyi, AG\u0130T gibi yap\u0131lar\u0131n kurulmas\u0131 i\u00e7in siyasi inisiyatifler geli\u015ftirebiliriz. Sorunlar\u0131n de\u011fil \u00e7\u00f6z\u00fcmlerin par\u00e7as\u0131 olabiliriz.\u201d<\/p>\n<p style=\"text-align: justify;\"><a href=\"http:\/\/www.gazeteport.com.tr\/haber\/45564\/bahar_kara_kisa_donebilir\" target=\"_blank\">Kaynak : GAZETEPORT<\/a><\/p>\n","protected":false},"excerpt":{"rendered":"<p style=\"text-align: justify;\">\n<p style=\"text-align: justify;\">T\u00dcS\u0130AD Y\u00f6netim Kurulu Ba\u015fkan\u0131 \u00dcmit Boyner, Ortado\u011fu\u2019da ya\u015fanan de\u011fi\u015fimin \u201cbahar\u201d metaforu ile tan\u0131mlanmas\u0131na kar\u015f\u0131n, b\u00f6lgeye kara bir k\u0131\u015f\u0131n gelmesinin de m\u00fcmk\u00fcn oldu\u011funu vurgulad\u0131.<\/p>\n<p style=\"text-align: justify;\">T\u00fcrk Sanayicileri ve \u0130\u015fadamlar\u0131 Derne\u011fi (T\u00dcS\u0130AD) Y\u00f6netim Kurulu Ba\u015fkan\u0131 \u00dcmit Boyner , Ortado\u011fu\u2019da ya\u015fanan de\u011fi\u015fimin \u201cbahar\u201d metaforu ile tan\u0131mlanmas\u0131na kar\u015f\u0131n, b\u00f6lgeye kara bir k\u0131\u015f\u0131n gelmesinin <\/p>\n","protected":false},"author":1,"featured_media":0,"comment_status":"open","ping_status":"open","sticky":false,"template":"","format":"standard","meta":{"footnotes":""},"categories":[105],"tags":[],"class_list":["post-37727","post","type-post","status-publish","format-standard","hentry","category-gundem","odd"],"_links":{"self":[{"href":"http:\/\/www.korhanyilmaz.com\/index.php?rest_route=\/wp\/v2\/posts\/37727","targetHints":{"allow":["GET"]}}],"collection":[{"href":"http:\/\/www.korhanyilmaz.com\/index.php?rest_route=\/wp\/v2\/posts"}],"about":[{"href":"http:\/\/www.korhanyilmaz.com\/index.php?rest_route=\/wp\/v2\/types\/post"}],"author":[{"embeddable":true,"href":"http:\/\/www.korhanyilmaz.com\/index.php?rest_route=\/wp\/v2\/users\/1"}],"replies":[{"embeddable":true,"href":"http:\/\/www.korhanyilmaz.com\/index.php?rest_route=%2Fwp%2Fv2%2Fcomments&post=37727"}],"version-history":[{"count":0,"href":"http:\/\/www.korhanyilmaz.com\/index.php?rest_route=\/wp\/v2\/posts\/37727\/revisions"}],"wp:attachment":[{"href":"http:\/\/www.korhanyilmaz.com\/index.php?rest_route=%2Fwp%2Fv2%2Fmedia&parent=37727"}],"wp:term":[{"taxonomy":"category","embeddable":true,"href":"http:\/\/www.korhanyilmaz.com\/index.php?rest_route=%2Fwp%2Fv2%2Fcategories&post=37727"},{"taxonomy":"post_tag","embeddable":true,"href":"http:\/\/www.korhanyilmaz.com\/index.php?rest_route=%2Fwp%2Fv2%2Ftags&post=37727"}],"curies":[{"name":"wp","href":"https:\/\/api.w.org\/{rel}","templated":true}]}}