{"id":37723,"date":"2011-08-03T11:21:56","date_gmt":"2011-08-03T08:21:56","guid":{"rendered":"http:\/\/www.korhanyilmaz.com\/?p=37723"},"modified":"2011-08-03T20:40:21","modified_gmt":"2011-08-03T17:40:21","slug":"selam-vermeyen-pasaya-kizak-gorev","status":"publish","type":"post","link":"http:\/\/www.korhanyilmaz.com\/?p=37723","title":{"rendered":"Selam vermeyen Pa\u015fa&#8217;ya k\u0131zak g\u00f6rev!"},"content":{"rendered":"<p style=\"text-align: justify;\"><a href=\"http:\/\/www.korhanyilmaz.com\/wp-content\/uploads\/2011\/08\/3019.jpg\"  class=\"lightview\"><img loading=\"lazy\" decoding=\"async\" class=\"aligncenter size-full wp-image-37724\" title=\"\" src=\"http:\/\/www.korhanyilmaz.com\/wp-content\/uploads\/2011\/08\/3019.jpg\" alt=\"\" width=\"400\" height=\"181\" \/><\/a><\/p>\n<p style=\"text-align: justify;\">Cumhurba\u015fkan\u0131 Abdullah G\u00fcl&#8217;\u00fcn e\u015fiyle protokolde selamla\u015fmamak i\u00e7in ka\u00e7an Aslan G\u00fcner&#8217;in bu sebeple &#8220;k\u0131zak g\u00f6reve&#8221; getirilece\u011fi \u00f6ne s\u00fcr\u00fcld\u00fc.<\/p>\n<p style=\"text-align: justify;\">YA\u015e\u2019ta Kara Kuvvetleri\u2019ne Hayri K\u0131vr\u0131ko\u011flu, Deniz Kuvvetleri\u2019ne de Murat Bilgel getirildi. Hava\u2019da Korgeneral Abidin \u00dcnal, Jandarma i\u00e7in de Servet Y\u00f6r\u00fck \u00fczerinde duruluyor.<\/p>\n<p style=\"text-align: justify;\">TSK\u2019n\u0131n zirvesinde atamas\u0131 kesinle\u015fen bir di\u011fer isim de Genelkurmay \u0130kinci Ba\u015fkan\u0131 Org. Aslan G\u00fcner oldu. <!--more--><\/p>\n<p style=\"text-align: justify;\">Star gazetesinin haberine g\u00f6re, Org. G\u00fcner, Balyoz tutuklusu Org. Bilgin Balanl\u0131\u2019n\u0131n yerine Harp Akademileri Komutanl\u0131\u011f\u0131\u2019na atand\u0131.<\/p>\n<p style=\"text-align: justify;\">G\u00fcner, Cumhurba\u015fkan\u0131 Abdullah G\u00fcl\u2019\u00fcn e\u015fi Hayr\u00fcnnisa G\u00fcl\u2019e selam durmamak protokol s\u0131ras\u0131ndan ka\u00e7mas\u0131yla g\u00fcndeme gelen G\u00fcner, b\u00f6ylelikle y\u0131llar sonra Karargah\u2019tan ve Ankara\u2019dan ayr\u0131lm\u0131\u015f olacak. Orgenerallikte bekleme s\u00fcresini dolduraca\u011f\u0131 bir y\u0131l da \u0130stanbul\u2019da g\u00f6rev yapacak.<\/p>\n<p style=\"text-align: justify;\">G\u00fcner\u2019in Harp Akademileri Komutanl\u0131\u011f\u0131\u2019na atanmas\u0131yla Harp Akademileri bir kez daha havac\u0131lardan al\u0131narak karac\u0131lara ge\u00e7mi\u015f oldu.<\/p>\n<p style=\"text-align: justify;\"><a href=\"http:\/\/www.cnnturk.com\/2011\/yazarlar\/08\/03\/selam.vermeyen.pasaya.kizak.gorev\/624933.0\/index.html\" target=\"_blank\">Kaynak : CNN T\u00dcRK<\/a><\/p>\n","protected":false},"excerpt":{"rendered":"<p style=\"text-align: justify;\">\n<p style=\"text-align: justify;\">Cumhurba\u015fkan\u0131 Abdullah G\u00fcl&#8217;\u00fcn e\u015fiyle protokolde selamla\u015fmamak i\u00e7in ka\u00e7an Aslan G\u00fcner&#8217;in bu sebeple &#8220;k\u0131zak g\u00f6reve&#8221; getirilece\u011fi \u00f6ne s\u00fcr\u00fcld\u00fc.<\/p>\n<p style=\"text-align: justify;\">YA\u015e\u2019ta Kara Kuvvetleri\u2019ne Hayri K\u0131vr\u0131ko\u011flu, Deniz Kuvvetleri\u2019ne de Murat Bilgel getirildi. Hava\u2019da Korgeneral Abidin \u00dcnal, Jandarma i\u00e7in de Servet Y\u00f6r\u00fck \u00fczerinde duruluyor.<\/p>\n<p style=\"text-align: justify;\">TSK\u2019n\u0131n zirvesinde atamas\u0131 kesinle\u015fen bir di\u011fer isim <\/p>\n","protected":false},"author":1,"featured_media":0,"comment_status":"open","ping_status":"open","sticky":false,"template":"","format":"standard","meta":{"footnotes":""},"categories":[105],"tags":[],"class_list":["post-37723","post","type-post","status-publish","format-standard","hentry","category-gundem","odd"],"_links":{"self":[{"href":"http:\/\/www.korhanyilmaz.com\/index.php?rest_route=\/wp\/v2\/posts\/37723","targetHints":{"allow":["GET"]}}],"collection":[{"href":"http:\/\/www.korhanyilmaz.com\/index.php?rest_route=\/wp\/v2\/posts"}],"about":[{"href":"http:\/\/www.korhanyilmaz.com\/index.php?rest_route=\/wp\/v2\/types\/post"}],"author":[{"embeddable":true,"href":"http:\/\/www.korhanyilmaz.com\/index.php?rest_route=\/wp\/v2\/users\/1"}],"replies":[{"embeddable":true,"href":"http:\/\/www.korhanyilmaz.com\/index.php?rest_route=%2Fwp%2Fv2%2Fcomments&post=37723"}],"version-history":[{"count":0,"href":"http:\/\/www.korhanyilmaz.com\/index.php?rest_route=\/wp\/v2\/posts\/37723\/revisions"}],"wp:attachment":[{"href":"http:\/\/www.korhanyilmaz.com\/index.php?rest_route=%2Fwp%2Fv2%2Fmedia&parent=37723"}],"wp:term":[{"taxonomy":"category","embeddable":true,"href":"http:\/\/www.korhanyilmaz.com\/index.php?rest_route=%2Fwp%2Fv2%2Fcategories&post=37723"},{"taxonomy":"post_tag","embeddable":true,"href":"http:\/\/www.korhanyilmaz.com\/index.php?rest_route=%2Fwp%2Fv2%2Ftags&post=37723"}],"curies":[{"name":"wp","href":"https:\/\/api.w.org\/{rel}","templated":true}]}}